{"id":124447,"date":"2006-07-02T21:01:30","date_gmt":"2006-07-02T21:01:30","guid":{"rendered":"http:\/\/diariodominicano.ddns.net\/?p=124447"},"modified":"2006-07-02T21:01:30","modified_gmt":"2006-07-02T21:01:30","slug":"presidente-promueve-en-japon-inversiones-para-la-rd-en-el-area-de-la-tecnologia","status":"publish","type":"post","link":"https:\/\/diariodominicano.com\/?p=124447","title":{"rendered":"Presidente promueve  en Jap\u00f3n inversiones para la RD en el \u00e1rea de la tecnolog\u00eda"},"content":{"rendered":"<p><body><\/p>\n<p align=\"justify\" class=\"titulogrande1\"><strong>Presidente promueve\u00a0 en Jap\u00f3n inversiones para la RD en el \u00e1rea de la tecnolog\u00eda<\/strong><\/p>\n<p>&#13;<\/p>\n<p align=\"justify\" class=\"text1noticias\">TOKIO.- Fern\u00e1ndez\u00a0fue recibido en Panasonic  por los ejecutivos de esa empresa en Jap\u00f3n y por los encargados del \u00e1rea  latinoamericana, quienes manifestaron la importancia que le confieren al  mercado de la   Rep\u00fablica Dominicana.<\/p>\n<p>&#13;<\/p>\n<p align=\"justify\" class=\"text1noticias\">El Presidente explic\u00f3 a los ejecutivos de esta  multinacional que el pa\u00eds\u00a0 est\u00e1 cambiando  de una econom\u00eda de trabajo\u00a0intensivo, a una econom\u00eda de\u00a0capital  intensivo,\u00a0m\u00e1s especializada haciendo \u00e9nfasis en la capacitaci\u00f3n de los  recursos humanos.<\/p>\n<p>&#13;<\/p>\n<p align=\"justify\" class=\"text1noticias\">Dijo que la Rep\u00fablica Dominicana  tiene grandes ventajas para los inversionistas, incluyendo el hecho de que est\u00e1  a muy poca distancia del mercado norteamericano\u00a0  que pronto ser\u00e1 parte de los beneficios del DR- CAFTA.<\/p>\n<p>&#13;<\/p>\n<p align=\"justify\" class=\"text1noticias\">Explic\u00f3\u00a0que\u00a0hay distintas formas de  invertir en el pa\u00eds y que\u00a0 tanto Jap\u00f3n  como sus empresarios, podr\u00edan beneficiarse de los mismos.<\/p>\n<p>&#13;<\/p>\n<p align=\"justify\" class=\"text1noticias\">Los ejecutivos de PANASONIC organizaron un tour por  la empresa y mostraron a Fern\u00e1ndez las tecnolog\u00edas m\u00e1s avanzadas con que cuenta  esa empresa de capital japon\u00e9s.<\/p>\n<p>&#13;<\/p>\n<p align=\"justify\" class=\"text1noticias\">El Jefe de Estado \u00a0estuvo acompa\u00f1ado por la primera dama,  Margarita Cede\u00f1o y la comitiva oficial presente en Jap\u00f3n.<\/p>\n<p>&#13;<\/p>\n<p align=\"justify\" class=\"text1noticias\">Entre los ejecutivos de la empresa japonesa s  encuentran Kenya Harada, que es director General y Yoshiro Kawamotro, director  para Am\u00e9rica Latina.<br \/>&#13;<br \/>\n  \u00a0 <br \/>&#13;<br \/>\n  Para este lunes, el presidente Fern\u00e1ndez realizar\u00e1  una agotadora agenda de trabajo, que incluye una presentaci\u00f3n ante empresarios,  otras visitas a empresas de tecnolog\u00eda y un almuerzo con la C\u00e1mara Dominico-  Japonesa<\/p>\n<p>&#13;<\/p>\n<p align=\"justify\" class=\"text1noticias\"><strong>P\u00e9same<\/strong><\/p>\n<p>&#13;<\/p>\n<p align=\"justify\" class=\"text1noticias\">Por otro lado, el presidente Fern\u00e1ndez ofreci\u00f3 sus  condolencias por la muerte del ex primer ministro japon\u00e9s, Ryutaro Hashimoto,  ocurrida\u00a0en la madrugada de este\u00a0  domingo en un hospital de Tokio.<\/p>\n<p>&#13;<\/p>\n<p align=\"justify\" class=\"text1noticias\">El mandatario resalt\u00f3 las condiciones del ex primer  ministro y expres\u00f3\u00a0su condolencia al gobierno y al pueblo japon\u00e9s. <\/p>\n<p>&#13;<\/p>\n<h6> 2006-07-02 21:01:30 <\/h6>\n<p><!--\n<link rel=\"stylesheet\" href=\"css\/bootstrap.min.css\">\n\n\n<ul class=\"pagination\">\n\t    \n\t\n\n<li >\n\t<a href='?page_no=30326'>Previous<\/a>\n\t<\/li>\n\n\n       \n    \n\n<li><a href='?page_no=1'>1<\/a><\/li>\n\n\n\n<li><a href='?page_no=2'>2<\/a><\/li>\n\n\n\n<li><a>...<\/a><\/li>\n\n\n\n<li><a href='?page_no=30325'>30325<\/a><\/li>\n\n\n\n<li><a href='?page_no=30326'>30326<\/a><\/li>\n\n\n\n<li class='active'><a>30327<\/a><\/li>\n\n\n\n<li><a href='?page_no=30328'>30328<\/a><\/li>\n\n\n\n<li><a href='?page_no=30329'>30329<\/a><\/li>\n\n\n\n<li><a>...<\/a><\/li>\n\n\n\n<li><a href='?page_no=30472'>30472<\/a><\/li>\n\n\n\n<li><a href='?page_no=30473'>30473<\/a><\/li>\n\n    \n\t\n\n<li >\n\t<a href='?page_no=30328'>Next<\/a>\n\t<\/li>\n\n\n    \n\n<li><a href='?page_no=30473'>Last &rsaquo;&rsaquo;<\/a><\/li>\n\n<\/ul>\n\n\n--><br \/>\n<\/body><\/p>\n","protected":false},"excerpt":{"rendered":"<p>Presidente promueve\u00a0 en Jap\u00f3n inversiones para la RD en el \u00e1rea de la tecnolog\u00eda &#13; TOKIO.- Fern\u00e1ndez\u00a0fue recibido en Panasonic por los ejecutivos de esa empresa en Jap\u00f3n y por los encargados del \u00e1rea latinoamericana, quienes manifestaron la importancia que le confieren al mercado de la Rep\u00fablica Dominicana. &#13; El Presidente explic\u00f3 a los ejecutivos [&hellip;]<\/p>\n","protected":false},"author":3,"featured_media":0,"comment_status":"open","ping_status":"open","sticky":false,"template":"","format":"standard","meta":{"footnotes":""},"categories":[18],"tags":[],"class_list":["post-124447","post","type-post","status-publish","format-standard","hentry","category-economia"],"_links":{"self":[{"href":"https:\/\/diariodominicano.com\/index.php?rest_route=\/wp\/v2\/posts\/124447","targetHints":{"allow":["GET"]}}],"collection":[{"href":"https:\/\/diariodominicano.com\/index.php?rest_route=\/wp\/v2\/posts"}],"about":[{"href":"https:\/\/diariodominicano.com\/index.php?rest_route=\/wp\/v2\/types\/post"}],"author":[{"embeddable":true,"href":"https:\/\/diariodominicano.com\/index.php?rest_route=\/wp\/v2\/users\/3"}],"replies":[{"embeddable":true,"href":"https:\/\/diariodominicano.com\/index.php?rest_route=%2Fwp%2Fv2%2Fcomments&post=124447"}],"version-history":[{"count":0,"href":"https:\/\/diariodominicano.com\/index.php?rest_route=\/wp\/v2\/posts\/124447\/revisions"}],"wp:attachment":[{"href":"https:\/\/diariodominicano.com\/index.php?rest_route=%2Fwp%2Fv2%2Fmedia&parent=124447"}],"wp:term":[{"taxonomy":"category","embeddable":true,"href":"https:\/\/diariodominicano.com\/index.php?rest_route=%2Fwp%2Fv2%2Fcategories&post=124447"},{"taxonomy":"post_tag","embeddable":true,"href":"https:\/\/diariodominicano.com\/index.php?rest_route=%2Fwp%2Fv2%2Ftags&post=124447"}],"curies":[{"name":"wp","href":"https:\/\/api.w.org\/{rel}","templated":true}]}}