{"id":124445,"date":"2006-07-02T21:16:01","date_gmt":"2006-07-02T21:16:01","guid":{"rendered":"http:\/\/diariodominicano.ddns.net\/?p=124445"},"modified":"2006-07-02T21:16:01","modified_gmt":"2006-07-02T21:16:01","slug":"empresarios-confian-en-otros-seis-anos-de-crecimiento","status":"publish","type":"post","link":"https:\/\/diariodominicano.com\/?p=124445","title":{"rendered":"Empresarios conf\u00edan en otros seis a\u00f1os de crecimiento"},"content":{"rendered":"<p><body><\/p>\n<p align=\"justify\" class=\"titulogrande1\">Empresarios  conf\u00edan en otros seis a\u00f1os de crecimiento<\/p>\n<p>&#13;<\/p>\n<p align=\"justify\" class=\"text1noticias\">MOBTERREY,  M\u00e9xico.- Los empresarios mantendr\u00e1n sus inversiones en M\u00e9xico sin importar  qui\u00e9n gane la Presidencia  de la Rep\u00fablica,  afirm\u00f3 el domingo el director general de Grupo Vitro, Federico Sada Gonz\u00e1lez. <br \/>&#13;<br \/>\n  <br \/>&#13;<br \/>\n  Al acudir a votar a la casilla 0389 en  el conurbado municipio de San Pedro Garza Garc\u00eda, se\u00f1al\u00f3 que los industriales  mexicano tiene confianza en que seguir\u00e1n otros seis a\u00f1os de crecimiento  econ\u00f3mico sostenido en el pa\u00eds. <br \/>&#13;<br \/>\n  <br \/>&#13;<br \/>\n\u00abLos empresarios hemos estado aqu\u00ed  por muchos sexenios, en todo tipo de sexenios, nuestro compromiso es con  M\u00e9xico, no es con un candidato o con un presidente en espec\u00edfico\u00bb, dijo,  al subrayar que \u201cvamos a cumplir con M\u00e9xico y seguiremos con M\u00e9xico\u201d.<br \/> &#13;<br \/>\n<br \/>&#13;<br \/>\nEl directivo empresarial regiomontano  estim\u00f3 que para el presente a\u00f1o, la econom\u00eda dom\u00e9stica reportar\u00e1 un crecimiento  por arriba del 3%. <br \/>&#13;<br \/>\n<br \/>&#13;<br \/>\nReiter\u00f3 que esperan que la econom\u00eda siga  avanzando, \u201clos candidatos conocen bien al pa\u00eds, conocen los problemas,  esperamos que sepan seleccionar muy bien su gabinete\u201d. <br \/>&#13;<br \/>\n<br \/>&#13;<br \/>\n\u201cEsperamos que sigan seis a\u00f1os m\u00e1s de  crecimiento, de calma y de bienestar para todos los mexicanos\u201d, manifest\u00f3 el  empresario pues agreg\u00f3 que a todos los mexicanos les interesa que se lleve a  cabo una transici\u00f3n equilibrada y moderada. <br \/>&#13;<br \/>\n<br \/>&#13;<br \/>\nPor otra parte, Sada Gonz\u00e1lez confi\u00f3 en  que en el pr\u00f3ximo sexenio se logre la consolidaci\u00f3n a nivel Senado y Congreso,  \u201cpara lograr las reformas que tanto necesitamos y podamos as\u00ed tener el  crecimiento que tienen otros pa\u00edses desarrollados con los que competimos\u201d. <br \/>&#13;<br \/>\n<br \/>&#13;<br \/>\n\u201cNecesitamos esos cambios urgentemente,  necesitamos un Congreso que tenga la habilidad de entender los problemas de m\u00e1s  de 100 millones de mexicanos\u201d, acot\u00f3 el director general de Grupo Vitro. <br \/>&#13;<br \/>\n<br \/>&#13;<br \/>\nRespecto a la jornada electoral de este  d\u00eda, el directivo privado consider\u00f3 que hay la madurez necesaria de los cinco  candidatos presidenciales para respetar el voto de la gran mayor\u00eda. <br \/>&#13;<br \/>\n<br \/>&#13;<br \/>\nManifest\u00f3 que lo importante es que los  ciudadanos salgan a las urnas y tomen una decisi\u00f3n para mantener el rumbo  correcto como naci\u00f3n.<\/p>\n<p>&#13;<\/p>\n<h6> 2006-07-02 21:16:01 <\/h6>\n<p><!--\n<link rel=\"stylesheet\" href=\"css\/bootstrap.min.css\">\n\n\n<ul class=\"pagination\">\n\t    \n\t\n\n<li >\n\t<a href='?page_no=30324'>Previous<\/a>\n\t<\/li>\n\n\n       \n    \n\n<li><a href='?page_no=1'>1<\/a><\/li>\n\n\n\n<li><a href='?page_no=2'>2<\/a><\/li>\n\n\n\n<li><a>...<\/a><\/li>\n\n\n\n<li><a href='?page_no=30323'>30323<\/a><\/li>\n\n\n\n<li><a href='?page_no=30324'>30324<\/a><\/li>\n\n\n\n<li class='active'><a>30325<\/a><\/li>\n\n\n\n<li><a href='?page_no=30326'>30326<\/a><\/li>\n\n\n\n<li><a href='?page_no=30327'>30327<\/a><\/li>\n\n\n\n<li><a>...<\/a><\/li>\n\n\n\n<li><a href='?page_no=30472'>30472<\/a><\/li>\n\n\n\n<li><a href='?page_no=30473'>30473<\/a><\/li>\n\n    \n\t\n\n<li >\n\t<a href='?page_no=30326'>Next<\/a>\n\t<\/li>\n\n\n    \n\n<li><a href='?page_no=30473'>Last &rsaquo;&rsaquo;<\/a><\/li>\n\n<\/ul>\n\n\n--><br \/>\n<\/body><\/p>\n","protected":false},"excerpt":{"rendered":"<p>Empresarios conf\u00edan en otros seis a\u00f1os de crecimiento &#13; MOBTERREY, M\u00e9xico.- Los empresarios mantendr\u00e1n sus inversiones en M\u00e9xico sin importar qui\u00e9n gane la Presidencia de la Rep\u00fablica, afirm\u00f3 el domingo el director general de Grupo Vitro, Federico Sada Gonz\u00e1lez. &#13; &#13; Al acudir a votar a la casilla 0389 en el conurbado municipio de San [&hellip;]<\/p>\n","protected":false},"author":3,"featured_media":0,"comment_status":"open","ping_status":"open","sticky":false,"template":"","format":"standard","meta":{"footnotes":""},"categories":[18],"tags":[],"class_list":["post-124445","post","type-post","status-publish","format-standard","hentry","category-economia"],"_links":{"self":[{"href":"https:\/\/diariodominicano.com\/index.php?rest_route=\/wp\/v2\/posts\/124445","targetHints":{"allow":["GET"]}}],"collection":[{"href":"https:\/\/diariodominicano.com\/index.php?rest_route=\/wp\/v2\/posts"}],"about":[{"href":"https:\/\/diariodominicano.com\/index.php?rest_route=\/wp\/v2\/types\/post"}],"author":[{"embeddable":true,"href":"https:\/\/diariodominicano.com\/index.php?rest_route=\/wp\/v2\/users\/3"}],"replies":[{"embeddable":true,"href":"https:\/\/diariodominicano.com\/index.php?rest_route=%2Fwp%2Fv2%2Fcomments&post=124445"}],"version-history":[{"count":0,"href":"https:\/\/diariodominicano.com\/index.php?rest_route=\/wp\/v2\/posts\/124445\/revisions"}],"wp:attachment":[{"href":"https:\/\/diariodominicano.com\/index.php?rest_route=%2Fwp%2Fv2%2Fmedia&parent=124445"}],"wp:term":[{"taxonomy":"category","embeddable":true,"href":"https:\/\/diariodominicano.com\/index.php?rest_route=%2Fwp%2Fv2%2Fcategories&post=124445"},{"taxonomy":"post_tag","embeddable":true,"href":"https:\/\/diariodominicano.com\/index.php?rest_route=%2Fwp%2Fv2%2Ftags&post=124445"}],"curies":[{"name":"wp","href":"https:\/\/api.w.org\/{rel}","templated":true}]}}