{"id":124443,"date":"2006-07-03T10:11:39","date_gmt":"2006-07-03T10:11:39","guid":{"rendered":"http:\/\/diariodominicano.ddns.net\/?p=124443"},"modified":"2006-07-03T10:11:39","modified_gmt":"2006-07-03T10:11:39","slug":"zonas-francas-inquieta-por-la-demora-del-dr-cafta","status":"publish","type":"post","link":"https:\/\/diariodominicano.com\/?p=124443","title":{"rendered":"Zonas francas inquieta por la demora del DR-CAFTA"},"content":{"rendered":"<p><body><\/p>\n<p align=\"justify\" class=\"titulogrande1\">Zonas francas  inquieta por la demora del DR-CAFTA<\/p>\n<p>&#13;<\/p>\n<p align=\"justify\" class=\"text1noticias\">SANTO DOMINGO.- La Asociaci\u00f3n Dominicana  de Zonas Francas (ADOZONA) advirti\u00f3 que la posposici\u00f3n del inicio del DR-CAFTA  afectar\u00e1 inversiones programadas para ser realizadas en el pa\u00eds e impedir\u00e1 que la Rep\u00fablica Dominicana  aproveche por ahora los beneficios que se establecen en ese tratado de libre  comercio.<br \/>&#13;<br \/>\n  <br \/>&#13;<br \/>\n  Ante esa  situaci\u00f3n, Adozona hizo un llamado al gobierno para que cuanto antes realice  las gestiones que aseguren el r\u00e1pido inicio del DR-CAFTA.<br \/>&#13;<br \/>\n\u201cAnte las  informaciones de nuestras autoridades sobre la posposici\u00f3n de la entrada en  vigencia del DR-CAFTA, la Asociaci\u00f3n Dominicana de Zonas Francas (ADOZONA)  expresa su preocupaci\u00f3n por las implicaciones que esto tendr\u00eda en el clima de  inversiones del pa\u00eds, y en el\u00a0 aprovechamiento de los beneficios  establecidos en este acuerdo comercial\u201d, afirma Adozona en un documento que  hizo llegar a los medios de comunicaci\u00f3n.\u00a0 <br \/>&#13;<br \/>\n<br \/>&#13;<br \/>\nSe\u00f1al\u00f3 que el  primero de julio Guatemala se convertir\u00e1 en el cuarto pa\u00eds que se beneficia de  las disposiciones contenidas en el DR-CAFTA, lo cual afectar\u00e1 el proceso de  atracci\u00f3n de capitales hacia nuestro pa\u00eds. <br \/>&#13;<br \/>\n<br \/>&#13;<br \/>\nExplic\u00f3 que  actualmente existen importantes proyectos nacionales e internacionales  interesados en invertir en Rep\u00fablica Dominicana o Centroam\u00e9rica, con la  finalidad de aprovechar los beneficios del DR-CAFTA.<br \/>&#13;<br \/>\n<br \/>&#13;<br \/>\nIgualmente, indic\u00f3  que en el sector de zonas francas grandes proyectos de expansi\u00f3n de inversiones  esperan, para su concretizaci\u00f3n, por el inicio de este Tratado.\u00a0 <br \/>&#13;<br \/>\n<br \/>&#13;<br \/>\n\u201cEstos procesos de  toma de decisi\u00f3n se ver\u00e1n\u00a0 indudablemente afectados por la posposici\u00f3n de  la vigencia de este acuerdo comercial\u201d, agreg\u00f3. Adozona dijo que adicionalmente  el DR-CAFTA incluye mejor\u00edas en las reglas de acceso al mercado norteamericano  de productos manufacturados en el pa\u00eds.\u00a0 <br \/>&#13;<br \/>\n<br \/>&#13;<br \/>\n\u201cEn este sentido,  esta Asociaci\u00f3n ha empezado a recibir informes sobre los efectos negativos que  sufrir\u00e1n empresas de zonas francas en operaci\u00f3n como consecuencia de la  postergaci\u00f3n de los beneficios del Tratado, como por ejemplo la imposibilidad  de utilizar tejido mejicano \u00f3 canadiense (acumulaci\u00f3n) para la manufactura de  ropa, la dificultad de utilizar tejido elaborado en Centroam\u00e9rica, el  impedimento de iniciar las operaciones de nuevas l\u00edneas de producci\u00f3n  aprovechando las nuevas reglas de origen para el sector calzado, el desv\u00edo de  inversiones hacia Centroam\u00e9rica de empresas que manufacturan maletas y bultos,  entre otros\u201d, expres\u00f3.<br \/>&#13;<br \/>\n<br \/>&#13;<br \/>\n\u201cADOZONA exhorta  al Gobierno Dominicano a realizar todas las gestiones necesarias para  garantizar la entrada en vigencia del DR-CAFTA a la mayor brevedad posible,  como forma de minimizar los efectos negativos que tendr\u00e1 la posposici\u00f3n de la  entrada en vigencia de este importante acuerdo comercial\u201d, concluy\u00f3 diciendo la  asociaci\u00f3n que agrupa a las empresas de zonas francas que operan en el pa\u00eds.<br \/>&#13;<br \/>\n<br \/>&#13;<br \/>\nEl director de la Corporaci\u00f3n de\u00a0  Fomento Industrial (CFI), Rub\u00e9n Bichara Jim\u00e9nez, afirm\u00f3 en Nueva York que un  retraso en la entrada en vigencia del Tratado de Libre Comercio (DR-CAFTA)  pondr\u00eda en desventaja a la Rep\u00fablica Dominicana frente a los dem\u00e1s pa\u00edses  firmantes del acuerdo. <br \/>&#13;<br \/>\nLos\u00a0 pa\u00edses  firmantes del acuerdo podr\u00edan aprovechar la oportunidad para presentar mejores  ofertas a los empresarios extranjeros que est\u00e1n interesados en invertir en la Rep\u00fablica Dominicana,  lo\u00a0 perjudicar\u00eda al pa\u00eds,\u00a0 declar\u00f3 Rub\u00e9n Bichara. <br \/>&#13;<br \/>\n<br \/>&#13;<br \/>\nBichara Jim\u00e9nez  consider\u00f3 que ser\u00eda lamentable que\u00a0 los inversionistas extranjeros tengan  que\u00a0 desplazarse a otros\u00a0 mercados por la tardanza en la entrada en  vigencia del tratado de Libre Comercio, conocido como DR-CAFTA. <br \/>&#13;<br \/>\n<br \/>&#13;<br \/>\nEl pa\u00eds no puede  perder a los inversionistas que han mostrado tener confianza en el gobierno  dominicano y que han manifestado su inter\u00e9s en invertir en las zonas  francas\u00a0 industriales, expres\u00f3 el director de Fomento Industrial. <br \/>&#13;<br \/>\n<br \/>&#13;<br \/>\nRub\u00e9n Bichara  dijo, adem\u00e1s, que la comunidad dominicana en el exterior tambi\u00e9n se ver\u00eda  perjudicada, ya que hay muchos dominicanos residentes en el exterior que han  dado muestra de que est\u00e1n dispuestos a crear empresas destinadas a la  importaci\u00f3n y exportaci\u00f3n de los productos dominicanos al mercado  norteamericano. <br \/>&#13;<br \/>\n<br \/>&#13;<br \/>\nEl funcionario  estatal ofreci\u00f3 estas declaraciones para Digitalgroup durante la puesta en  circulaci\u00f3n de la segunda edici\u00f3n de\u00a0 su libro P\u00e1ginas Revueltas en la Sala de conferencia,\u00a0  del Neurological Institute, de la ciudad de Nueva York. <br \/>&#13;<br \/>\n<br \/>&#13;<br \/>\nAl exponer,  Bichara invit\u00f3 a los presentes a incentivar el amor por la lectura para  desarrollar el intelecto del ciudadano com\u00fan. <br \/>&#13;<br \/>\n<br \/>&#13;<br \/>\nDurante la  presentaci\u00f3n de la obra intervinieron el c\u00f3nsul general de la Rep\u00fablica Dominicana  en esta ciudad, Francisco Fern\u00e1ndez, el ex jefe de redacci\u00f3n de Vanguardia del  Pueblo, periodista Rafael Grull\u00f3n, el presidente estatal del PLD, Frank  Cortorreal, y el embajador alterno ante la ONU, Luis Lithgows.<br \/>&#13;<br \/>\n<br \/>&#13;<br \/>\nA la puesta en circulaci\u00f3n de  la obra asistieron representantes de la sociedad civil dominicana residentes en  los Estados Unidos y\u00a0 Canad\u00e1. Tambi\u00e9n asisti\u00f3 el miembro del Comit\u00e9  Central del PLD, Melanio Paredes y el periodista Jos\u00e9 Laluz.<\/p>\n<p>&#13;<\/p>\n<p align=\"justify\" class=\"text1noticias\"><strong>Bichara advierte<\/strong><\/p>\n<p>&#13;<\/p>\n<p align=\"justify\" class=\"text1noticias\">El  director de Fomento Industrial y dirigente del Partido de la Liberaci\u00f3n Dominicana  (PLD) advirti\u00f3\u00a0 en la ciudad de Nueva York,\u00a0 que un retraso en la  puesta en vigencia del Tratado de Libre Comercio (DR-CAFTA), pondr\u00eda en  desventaja al pa\u00eds, frente a las dem\u00e1s naciones suscribientes. Rub\u00e9n Bichara  Jim\u00e9nez dijo que si finalmente esto sucede, \u00ablos pa\u00edses firmantes del  acuerdo podr\u00edan aprovechar la oportunidad para presentar mejores ofertas a los  empresarios extranjeros que est\u00e1n interesados en invertir en la Rep\u00fablica Dominicana,  lo que perjudicar\u00eda al pa\u00eds\u00bb. <br \/>&#13;<br \/>\n  <br \/>&#13;<br \/>\n  El  funcionario y dirigente peledeista afirm\u00f3 que ser\u00eda\u00a0lamentable que los  inversionistas extranjeros tengan que desplazarse a otros Mercados, por la  tardanza en la entrada en vigor del tratado de Libre Comercio, conocido como  DR-CAFTA.<br \/>&#13;<br \/>\n  <br \/>&#13;<br \/>\n\u00a0\u00abEl  pa\u00eds no puede perder a los inversionistas que han mostrado tener confianza en  el gobierno dominicano y que han manifestado su inter\u00e9s en invertir en las  zonas francas industriales\u00bb, expres\u00f3 el director de Fomento Industrial. <br \/>&#13;<br \/>\n<br \/>&#13;<br \/>\nRub\u00e9n  Bichara dijo, adem\u00e1s, que la comunidad dominicana en el exterior tambi\u00e9n se  ver\u00eda perjudicada, ya que hay muchos esos ciudadanos han dado muestra de que  est\u00e1n dispuestos a crear empresas destinadas a la importaci\u00f3n y exportaci\u00f3n de  los productos dominicanos al mercado norteamericano. <br \/>&#13;<br \/>\n<br \/>&#13;<br \/>\nEl  funcionario estatal ofreci\u00f3 estas declaraciones para Digitalgroup, durante la  puesta en circulaci\u00f3n de su libro Paginas Revueltas, en la Sala de conferencia, del  Neurological Institute, de la ciudad de Nueva York, actividad en la que invit\u00f3  a los presentes\u00a0a desarrollar el amor por la lectura para desarrollar el  intelecto del ciudadano com\u00fan. <br \/>&#13;<br \/>\n<br \/>&#13;<br \/>\nDurante  la presentaci\u00f3n de la obra intervinieron el c\u00f3nsul general de la Rep\u00fablica Dominicana  en esta ciudad, Francisco Fern\u00e1ndez, el ex jefe de redacci\u00f3n de Vanguardia del  Pueblo, periodista Rafael Grull\u00f3n, el presidente estatal del PLD, Frank  Cortorreal, y el embajador alterno ante la ONU, Luis Lithgows. <br \/>&#13;<br \/>\n<br \/>&#13;<br \/>\nIgualmente,\u00a0representantes  de la sociedad civil dominicana residentes en los Estados Unidos y el Canad\u00e1,  adem\u00e1s del miembro del comit\u00e9 Central del PLD, Melanio Paredes, y el periodista  Jos\u00e9 Laluz. \u00a0<\/p>\n<p>&#13;<\/p>\n<h6> 2006-07-03 10:11:39 <\/h6>\n<p><!--\n<link rel=\"stylesheet\" href=\"css\/bootstrap.min.css\">\n\n\n<ul class=\"pagination\">\n\t    \n\t\n\n<li >\n\t<a href='?page_no=30322'>Previous<\/a>\n\t<\/li>\n\n\n       \n    \n\n<li><a href='?page_no=1'>1<\/a><\/li>\n\n\n\n<li><a href='?page_no=2'>2<\/a><\/li>\n\n\n\n<li><a>...<\/a><\/li>\n\n\n\n<li><a href='?page_no=30321'>30321<\/a><\/li>\n\n\n\n<li><a href='?page_no=30322'>30322<\/a><\/li>\n\n\n\n<li class='active'><a>30323<\/a><\/li>\n\n\n\n<li><a href='?page_no=30324'>30324<\/a><\/li>\n\n\n\n<li><a href='?page_no=30325'>30325<\/a><\/li>\n\n\n\n<li><a>...<\/a><\/li>\n\n\n\n<li><a href='?page_no=30472'>30472<\/a><\/li>\n\n\n\n<li><a href='?page_no=30473'>30473<\/a><\/li>\n\n    \n\t\n\n<li >\n\t<a href='?page_no=30324'>Next<\/a>\n\t<\/li>\n\n\n    \n\n<li><a href='?page_no=30473'>Last &rsaquo;&rsaquo;<\/a><\/li>\n\n<\/ul>\n\n\n--><br \/>\n<\/body><\/p>\n","protected":false},"excerpt":{"rendered":"<p>Zonas francas inquieta por la demora del DR-CAFTA &#13; SANTO DOMINGO.- La Asociaci\u00f3n Dominicana de Zonas Francas (ADOZONA) advirti\u00f3 que la posposici\u00f3n del inicio del DR-CAFTA afectar\u00e1 inversiones programadas para ser realizadas en el pa\u00eds e impedir\u00e1 que la Rep\u00fablica Dominicana aproveche por ahora los beneficios que se establecen en ese tratado de libre comercio.&#13; [&hellip;]<\/p>\n","protected":false},"author":3,"featured_media":0,"comment_status":"open","ping_status":"open","sticky":false,"template":"","format":"standard","meta":{"footnotes":""},"categories":[18],"tags":[],"class_list":["post-124443","post","type-post","status-publish","format-standard","hentry","category-economia"],"_links":{"self":[{"href":"https:\/\/diariodominicano.com\/index.php?rest_route=\/wp\/v2\/posts\/124443","targetHints":{"allow":["GET"]}}],"collection":[{"href":"https:\/\/diariodominicano.com\/index.php?rest_route=\/wp\/v2\/posts"}],"about":[{"href":"https:\/\/diariodominicano.com\/index.php?rest_route=\/wp\/v2\/types\/post"}],"author":[{"embeddable":true,"href":"https:\/\/diariodominicano.com\/index.php?rest_route=\/wp\/v2\/users\/3"}],"replies":[{"embeddable":true,"href":"https:\/\/diariodominicano.com\/index.php?rest_route=%2Fwp%2Fv2%2Fcomments&post=124443"}],"version-history":[{"count":0,"href":"https:\/\/diariodominicano.com\/index.php?rest_route=\/wp\/v2\/posts\/124443\/revisions"}],"wp:attachment":[{"href":"https:\/\/diariodominicano.com\/index.php?rest_route=%2Fwp%2Fv2%2Fmedia&parent=124443"}],"wp:term":[{"taxonomy":"category","embeddable":true,"href":"https:\/\/diariodominicano.com\/index.php?rest_route=%2Fwp%2Fv2%2Fcategories&post=124443"},{"taxonomy":"post_tag","embeddable":true,"href":"https:\/\/diariodominicano.com\/index.php?rest_route=%2Fwp%2Fv2%2Ftags&post=124443"}],"curies":[{"name":"wp","href":"https:\/\/api.w.org\/{rel}","templated":true}]}}