{"id":124442,"date":"2006-07-03T10:24:19","date_gmt":"2006-07-03T10:24:19","guid":{"rendered":"http:\/\/diariodominicano.ddns.net\/?p=124442"},"modified":"2025-12-29T01:05:08","modified_gmt":"2025-12-29T05:05:08","slug":"el-fmi-estima-la-rd-debe-continuar-profundizacion-de-las-reformas","status":"publish","type":"post","link":"https:\/\/diariodominicano.com\/?p=124442","title":{"rendered":"EL FMI estima la RD debe continuar profundizaci\u00f3n de las reformas"},"content":{"rendered":"<p><body><\/p>\n<p align=\"justify\" class=\"titulogrande1\"><strong>EL FMI  estima la RD debe  continuar profundizaci\u00f3n de las reformas<\/strong><\/p>\n<p>&#13;<\/p>\n<p align=\"justify\" class=\"text1noticias\"><strong><img loading=\"lazy\" decoding=\"async\" src=\"http:\/\/localhost:8080\/pictures\/fmi.jpg\" width=\"269\" height=\"260\" align=\"left\" \/>PUNTA  CANA, Provincia La   Altagracia.-<\/strong>\u00a0  El subdirector gerente del Fondo Monetario Internacional (FMI), Agustin  Carsterns, dijo el viernes \u00a0que la Rep\u00fablica Dominicana  debe continuar profundizando las reformas fiscal, financiera y el\u00e9ctrica,  porque contribuir\u00e1n a estabilizar la econom\u00eda y a transparentar el gasto  p\u00fablico. <br \/>&#13;<br \/>\n  <br \/>&#13;<br \/>\n  Carsterns tambi\u00e9n  consider\u00f3 que ante los efectos que podr\u00eda tener el alza del petr\u00f3leo en  econom\u00edas como la dominicana, es importante que se tomen medidas para evitar  desequilibrios.<br \/>&#13;<br \/>\n  <br \/>&#13;<br \/>\n\u201cCreo que se debe  avanzar en los diferentes pilares que tiene la estrategia macroecon\u00f3mica. Ha  habido muchos avances, pero hay algunos retos hacia adelante\u201d.<br \/>&#13;<br \/>\n<br \/>&#13;<br \/>\nEstima que \u00a0es muy importante terminar la  consolidaci\u00f3n\u00a0 fiscal, no s\u00f3lo en cuanto a las cifras, sino en establecer  instituciones s\u00f3lidas que aseguren que en el futuro la disciplina y el  equilibrio fiscal van a perdurar.<br \/>&#13;<br \/>\n<br \/>&#13;<br \/>\nConsider\u00f3 tambi\u00e9n  \u201cmuy importante\u201d que el Congreso Nacional aborde las diferentes iniciativas de  ley que est\u00e1n pendientes de conocimiento.<\/p>\n<p>&#13;<\/p>\n<p align=\"justify\" class=\"text1noticias\">Carsterns  valor\u00f3\u00a0 los logros alcanzados dentro del programa con el FMI, elogi\u00f3 el  desempe\u00f1o del equipo econ\u00f3mico dominicano y expres\u00f3 la satisfacci\u00f3n de ese  organismo con los resultados logrados por las autoridades dominicanas.<br \/>&#13;<br \/>\n  <br \/>&#13;<br \/>\n  El funcionario del  FMI habl\u00f3 durante la presentaci\u00f3n de los resultados de la \u201cV Conferencia  Regional Anual sobre Centroam\u00e9rica, Panam\u00e1 y Rep\u00fablica Dominicana\u201d, celebrada  de jueves a viernes\u00a0 en el pa\u00eds, con la presencia de ministros de  Finanzas, presidentes de bancos centrales y superintendentes de bancos y de  valores de la regi\u00f3n.<br \/>&#13;<br \/>\n  <br \/>&#13;<br \/>\n  Sobre la  consolidaci\u00f3n fiscal, dijo que m\u00e1s que nada contribuir\u00e1 a que la deuda sobre el  Producto Interno Bruto contin\u00fae bajando porque permitir\u00e1 menos gastos en  intereses, que el mercado financiero se active, que haya m\u00e1s cr\u00e9dito en la  econom\u00eda y que se refleje en un crecimiento sostenido.<br \/>&#13;<br \/>\n  <br \/>&#13;<br \/>\n  Apoy\u00f3 que en el  pa\u00eds se contin\u00faen las reformas del sistema financiero y que se consolide y  termine de ser una vulnerabilidad macroecon\u00f3mica para convertirse en un factor  que contribuya al crecimiento. \u201cEs importante que en este marco de disciplina  fiscal se contin\u00fae con las reformas del sector el\u00e9ctrico. Ese es tambi\u00e9n un  tema que tiene su influencia macroecon\u00f3mica, pero tambi\u00e9n microecon\u00f3mica\u201d.<br \/>&#13;<br \/>\n  <br \/>&#13;<br \/>\n  Ponder\u00f3 la  importancia de que la   Rep\u00fablica Dominicana entre en el Tratado de Libre Comercio  con Estados Unidos y Centroam\u00e9rica (RD-CAFTA) y que este se refleje en una  mejor\u00eda de la econom\u00eda nacional.<br \/>&#13;<br \/>\n  <br \/>&#13;<br \/>\n  Favoreci\u00f3, asimismo,  que los \u00edndices de solvencia financiera sigan mejorando para que el pa\u00eds est\u00e9 a  los niveles internacionales deseados.<br \/>&#13;<br \/>\n  <br \/>&#13;<br \/>\n\u201cHa habido  esfuerzos muy importantes para mejorar la regulaci\u00f3n del sistema, pero contin\u00faa  habiendo tareas o asignaturas pendientes para mejorar esa supervisi\u00f3n o  regulaci\u00f3n y se asegure que la crisis bancaria son cosas del pasado\u201d, apunt\u00f3.<br \/>&#13;<br \/>\n<br \/>&#13;<br \/>\nEn cuanto a la  electricidad, consider\u00f3 necesario que se le d\u00e9 a todo el sector una mayor  viabilidad financiera que redunde en un buen servicio a la poblaci\u00f3n. Atribuy\u00f3  la recuperaci\u00f3n econ\u00f3mica que exhibe Rep\u00fablica Dominicana al liderazgo que  muestra el gobierno en las acciones que emprende para enfrentar los problemas.<br \/>&#13;<br \/>\n<br \/>&#13;<br \/>\n\u201cEs importante que  los gobiernos, en particular los de los pa\u00edses que est\u00e1n saliendo de crisis,  muestren liderazgo y den se\u00f1ales claras de hacia d\u00f3nde se dirige la econom\u00eda\u201d,  coment\u00f3 al responder preguntas de periodistas.<br \/>&#13;<br \/>\n<br \/>&#13;<br \/>\nConsider\u00f3 tambi\u00e9n  importante que en momentos de crisis, cuando se tienen que tomar decisiones  dif\u00edciles, los gobiernos -y cit\u00f3 el caso dominicano- act\u00faen en forma decisiva y  tengan la capacidad de transmitir a la poblaci\u00f3n la seriedad de la situaci\u00f3n y  le indique cu\u00e1l es el camino.<br \/>&#13;<br \/>\n\u201cEse ha sido el  caso de Rep\u00fablica Dominicana, donde ha habido un buen diagn\u00f3stico de la  situaci\u00f3n, una buena identificaci\u00f3n de pol\u00edticas que remedien la situaci\u00f3n. Ha  habido una buena comunicaci\u00f3n al p\u00fablico, desde el Presidente de la Rep\u00fablica, incluyendo a  su equipo econ\u00f3mico\u201d, consider\u00f3.<br \/>&#13;<br \/>\n<br \/>&#13;<br \/>\nEn la reuni\u00f3n,  Carsterns habl\u00f3 sobre las estrategias del FMI a mediano y largo plazos,  para\u00a0 agilizar la asistencia t\u00e9cnica y el financiamiento, en alusi\u00f3n al  nuevo marco de pol\u00edticas que ese organismo est\u00e1 considerando para los pa\u00edses  miembros.<br \/>&#13;<br \/>\n<br \/>&#13;<br \/>\nEn tanto, el  director del hemisferio occidental del FMI, Anoop Singh, reconoci\u00f3 a las  autoridades dominicanas por haber logrado que el pa\u00eds registrara uno de los  mayores crecimientos econ\u00f3micos en la regi\u00f3n.<br \/>&#13;<br \/>\n<br \/>&#13;<br \/>\nEn esta quinta  conferencia se habl\u00f3 sobre el entorno mundial y macroecon\u00f3mico para  Centroam\u00e9rica, Panam\u00e1 y Rep\u00fablica Dominicana; del desarrollo de mercados  locales y regionales de capital; de propuestas para el desarrollo de capitales  en la regi\u00f3n; la situaci\u00f3n de la asistencia t\u00e9cnica y de la reforma de los  sistemas de pensiones.<br \/>&#13;<br \/>\n<br \/>&#13;<br \/>\nAdem\u00e1s de Singh y  Carsterns, entre los asistentes a este encuentro estuvieron, por el FMI, Alfred  Kammer, asesor del subdirector gerente;\u00a0 Jos\u00e9 Fajgenbaum, subdirector del  Departamento del Hemisferio Occidental; Dominique Desruelle, jefe de Divisi\u00f3n  Am\u00e9rica Central\u00a0 y Alfred Schipke, representante residente regional y  coordinador de la conferencia.<br \/>&#13;<br \/>\n<br \/>&#13;<br \/>\nTambi\u00e9n asistieron  Francisco de Paula Guti\u00e9rrez, presidente del Consejo Monetario Centroamericano  y del Banco Central de Costa Rica y los presidentes de bancos centrales, de El  Salvador, Luz Mar\u00eda Serpas de Portillo; de Guatemala, Lizardo Sosa L\u00f3pez y de  Nicaragua, Mario Arana Sevilla.<br \/>&#13;<br \/>\nAsimismo, los  ministros de Finanzas, de Guatemala, Mar\u00eda Antonieta de Bonilla; de Espa\u00f1a,  Ram\u00f3n Guzm\u00e1n y de Honduras, Rebeca Santos.<br \/>&#13;<br \/>\nEntre los  anfitriones estuvieron el gobernador del Banco Central dominicano, H\u00e9ctor  Valdez Albizu; el secretario de Finanzas, Vicente Bengoa y el superintendente  de Bancos, Rafael Camilo.<\/p>\n<p>&#13;<\/p>\n<p align=\"justify\" class=\"text1noticias\"><strong>Cosas del FMI<\/strong><\/p>\n<p>&#13;<\/p>\n<p align=\"justify\" class=\"text1noticias\">WASHINGTON.-  Quiz\u00e1s con cierta  nostalgia, un periodista coment\u00f3 en una conferencia de prensa durante la  asamblea de abril del Fondo Monetario Internacional (FMI) que el evento se  parec\u00eda poco al de otras primaveras, cuando se hablaba de riesgos de crisis en  Argentina o Brasil en lugar de la bonanza econ\u00f3mica de los tiempos actuales. <br \/>&#13;<br \/>\n  <br \/>&#13;<br \/>\n  Cuando el reportero pregunt\u00f3 si el FMI estar\u00eda perdiendo su identidad debido a  eso, el jefe de la instituci\u00f3n para el Hemisferio Occidental, Anoop Singh,  apel\u00f3 de inmediato a la iron\u00eda. <br \/>&#13;<br \/>\n  <br \/>&#13;<br \/>\n\u201cBueno, esta ma\u00f1ana yo esperaba a muy pocos de ustedes, por las razones que  acaba de mencionar\u201d, dijo en medio de risas. \u201cY me sorprend\u00ed al ver tantos como  veo, por lo que dir\u00eda que eso mismo responde la pregunta\u201d. Sin embargo, muchos  apuntan a otros indicadores para mostrar una menguante influencia del FMI en la  regi\u00f3n. <br \/>&#13;<br \/>\n  <br \/>&#13;<br \/>\n  Actualmente la instituci\u00f3n s\u00f3lo tiene acuerdos stand by con tres pa\u00edses  latinoamericanos: Uruguay, Colombia y Per\u00fa, y los dos \u00faltimos caducan en los  pr\u00f3ximos meses. Brasil y Argentina cancelaron en diciembre el total de sus  deudas con el Fondo, por US$ 15.500 millones y US$ 9.600 millones,  respectivamente, con festejos en ambos pa\u00edses. Las \u00fanicas naciones que reciben  pr\u00e9stamos de reducci\u00f3n de pobreza en la regi\u00f3n son Nicaragua, Honduras y  Guyana. <br \/>&#13;<br \/>\n  <br \/>&#13;<br \/>\n  Aunque parte de eso se debe al aumento en los precios de los commodities y al  flujo de capitales que otorgaron alivio financiero a Am\u00e9rica Latina, en general  el fen\u00f3meno se reproduce en otras zonas. La cartera global de pr\u00e9stamos del FMI  es la menor desde la d\u00e9cada de los 80, con unos U$S 35,000 millones. \u201cEl Fondo  est\u00e1 perdiendo influencia en todo el mundo\u201d, dice Peter Kenen, profesor de  econom\u00eda en Princeton y consultor del Tesoro y la Reserva Federal  estadounidenses, as\u00ed como del propio FMI. \u201cEso es particularmente claro en  Am\u00e9rica Latina, donde virtualmente no hay pa\u00edses que tomen pr\u00e9stamos\u201d.<br \/>&#13;<br \/>\n  <br \/>&#13;<br \/>\n  Otros observan que los vientos populistas que est\u00e1n soplando en la regi\u00f3n  alejaron a\u00fan m\u00e1s al FMI. \u201cHay una p\u00e9rdida de cierto consenso sobre c\u00f3mo hacer  las cosas, y eso es preocupante\u201d, dice Ricardo Hausmann, profesor en Harvard y  ex economista jefe del BID. \u201cSe est\u00e1 creando en una parte de la opini\u00f3n  pol\u00edtica de Am\u00e9rica Latina la percepci\u00f3n de que el Fondo es algo as\u00ed como el  enemigo; es una visi\u00f3n ideol\u00f3gica\u201d.<br \/>&#13;<br \/>\n  <br \/>&#13;<br \/>\n  En medio de este panorama, el organismo fundado hace 61 a\u00f1os, comenz\u00f3 a  procesar cambios. Los 184 pa\u00edses que lo integran decidieron en abril mejorar su  poder de \u201cvigilancia multilateral\u201d para monitorear las pol\u00edticas cambiarias de  los gobiernos, con la mira puesta en Asia. Tambi\u00e9n se prev\u00e9 aumentar el peso  dentro de la instituci\u00f3n de algunos pa\u00edses emergentes, como China o M\u00e9xico. Y  para asegurarse de que los costos del FMI seguir\u00e1n cubiertos, su jefe, Rodrigo  de Rato, acaba de formar un comit\u00e9 de notables que lo asesorar\u00e1. <br \/>&#13;<br \/>\n  <br \/>&#13;<br \/>\n  Sin embargo, es dudoso que alguna de estas reformas logre aumentar el peso del  organismo en Am\u00e9rica Latina. Muchos avizoran que el principal cambio en ese  sentido podr\u00eda darse cuando pase el ciclo econ\u00f3mico actual, que permitir\u00e1 un  crecimiento de 4,3% en la regi\u00f3n este a\u00f1o, y algunos pa\u00edses vuelvan a golpear  la puerta del Fondo para pedir ayuda. Pero con el vertiginoso aumento en las  reservas de la regi\u00f3n (que seg\u00fan el organismo superaron los US$ 200.000  millones el a\u00f1o pasado) hay quienes dudan que las cosas vuelvan a ser como  antes. \u201cLos pa\u00edses est\u00e1n armando reservas para prevenirse solos, sin necesidad  del FMI, y ah\u00ed es donde puede haber un quiebre con la historia\u201d, opina Claudio  Loser, quien antes ocup\u00f3 el cargo de Singh. \u201cVan a esperar hasta \u00faltimo momento  para tener que ir al Fondo, porque no hay gran simpat\u00eda por la instituci\u00f3n\u201d.<br \/>&#13;<br \/>\n  <br \/>&#13;<br \/>\n  <strong><em>Pero como la cartera de pr\u00e9stamos a la regi\u00f3n se redujo, la  influencia del FMI tambi\u00e9n pudo disminuir. \u00bfLos pa\u00edses no tienen m\u00e1s libertad  para actuar sin condicionalidades? <\/em><\/strong><br \/>&#13;<br \/>\n  <br \/>&#13;<br \/>\n  El problema de la regi\u00f3n en los \u00faltimos 50 o 100 a\u00f1os han sido los episodios  peri\u00f3dicos de inestabilidad macroecon\u00f3mica, y ahora hay mucho m\u00e1s  reconocimiento de que la regi\u00f3n necesita estabilidad para librarse de la  volatilidad, da\u00f1ina para el combate a la pobreza y la desigualdad. \u00c9se ha sido  nuestro mensaje principal. Estamos muy complacidos de que pr\u00e1cticamente todos  los pa\u00edses coincidan en la necesidad de consolidar la estabilidad  macroecon\u00f3mica. Adem\u00e1s, el FMI no es como otras instituciones de desarrollo;  nuestro portafolio es para apoyo en tiempos de crisis. Que \u00e9ste haya bajado es  normal, y no es un indicador cr\u00edtico de influencia. Significa que en  circunstancias normales no hay necesidad del tipo de condicionalidades vistas  como intromisiones de los pa\u00edses. <br \/>&#13;<br \/>\n  <br \/>&#13;<br \/>\n  <em><strong>\u00bfLe parece que esto se debe a factores c\u00edclicos o es una tendencia a  largo plazo? <\/strong><\/em><strong><em><br \/>&#13;<br \/>\n  <\/em><\/strong><br \/>&#13;<br \/>\n  Si los pa\u00edses pueden mantener la estabilidad macro en forma permanente, la  necesidad de financiamiento de crisis va a ser mucho menor. As\u00ed que espero que  el ciclo sea menor. <br \/>&#13;<br \/>\n  <br \/>&#13;<br \/>\n  <em><strong>\u00bfEl FMI tendr\u00e1 menos programas en la regi\u00f3n de los que ten\u00eda hasta hace  poco? <\/strong><\/em><br \/>&#13;<br \/>\n  <br \/>&#13;<br \/>\n  No quiero hacer pron\u00f3sticos. En este momento el clima es muy favorable a pesar  de las turbulencias recientes y los pa\u00edses no necesitan programas. Ahora, lo  que va a pasar ma\u00f1ana no lo s\u00e9. El Fondo est\u00e1 aqu\u00ed para ayudar a los pa\u00edses si  lo necesitan. <br \/>&#13;<br \/>\n  <br \/>&#13;<br \/>\n  <em><strong>\u00bfY c\u00f3mo puede ejercer su influencia el FMI en estas circunstancias? <\/strong><\/em><br \/>&#13;<br \/>\n  Seguimos con contactos permanentes con los pa\u00edses. Y la atm\u00f3sfera de di\u00e1logo es  mucho mejor que antes. Ayuda mucho que, en general, no tengas que firmar una  carta de intenci\u00f3n o poner condiciones. Hemos vuelto a un di\u00e1logo normal, lo  que significa que los pa\u00edses tienen propiedad total de sus pol\u00edticas y nosotros  tenemos que asesorarlos sobre las lecciones de otros lugares. Tenemos que trabajar  m\u00e1s con parlamentarios, congresistas, ONG&#8230; Cuando estuve en Santiago hace  unos d\u00edas, por ejemplo, hasta me encontr\u00e9 con gremios comerciales.<br \/>&#13;<br \/>\n  <br \/>&#13;<br \/>\n  <em><strong>\u00bfNo cree que en la regi\u00f3n se perdi\u00f3 el consenso sobre la necesidad de  liberalizar la econom\u00eda, m\u00e1s all\u00e1 de la estabilidad? <\/strong><\/em><br \/>&#13;<br \/>\n  <br \/>&#13;<br \/>\n  Es muy dif\u00edcil generalizar. En todos los pa\u00edses el deseo de tener una inflaci\u00f3n  baja es muy fuerte. Necesitamos un consenso pa\u00eds por pa\u00eds sobre c\u00f3mo ser m\u00e1s  eficientes. No hay una f\u00f3rmula m\u00e1gica que funcione en todos. Pero no creo que  los pa\u00edses est\u00e9n mirando hacia adentro: vea lo que pas\u00f3 con las exportaciones  en los \u00faltimos a\u00f1os.<br \/>&#13;<br \/>\n  <br \/>&#13;<br \/>\n  <strong><em>(c) 2006, Am\u00e9rica Econom\u00eda. Todos los derechos reservados.<\/em><\/strong><\/p>\n<p>&#13;<\/p>\n<h6> 2006-07-03 10:24:19 <\/h6>\n<p><!--\n<link rel=\"stylesheet\" href=\"css\/bootstrap.min.css\">\n\n\n<ul class=\"pagination\">\n\t    \n\t\n\n<li >\n\t<a href='?page_no=30321'>Previous<\/a>\n\t<\/li>\n\n\n       \n    \n\n<li><a href='?page_no=1'>1<\/a><\/li>\n\n\n\n<li><a href='?page_no=2'>2<\/a><\/li>\n\n\n\n<li><a>...<\/a><\/li>\n\n\n\n<li><a href='?page_no=30320'>30320<\/a><\/li>\n\n\n\n<li><a href='?page_no=30321'>30321<\/a><\/li>\n\n\n\n<li class='active'><a>30322<\/a><\/li>\n\n\n\n<li><a href='?page_no=30323'>30323<\/a><\/li>\n\n\n\n<li><a href='?page_no=30324'>30324<\/a><\/li>\n\n\n\n<li><a>...<\/a><\/li>\n\n\n\n<li><a href='?page_no=30472'>30472<\/a><\/li>\n\n\n\n<li><a href='?page_no=30473'>30473<\/a><\/li>\n\n    \n\t\n\n<li >\n\t<a href='?page_no=30323'>Next<\/a>\n\t<\/li>\n\n\n    \n\n<li><a href='?page_no=30473'>Last &rsaquo;&rsaquo;<\/a><\/li>\n\n<\/ul>\n\n\n--><br \/>\n<\/body><\/p>\n","protected":false},"excerpt":{"rendered":"<p>EL FMI estima la RD debe continuar profundizaci\u00f3n de las reformas &#13; PUNTA CANA, Provincia La Altagracia.-\u00a0 El subdirector gerente del Fondo Monetario Internacional (FMI), Agustin Carsterns, dijo el viernes \u00a0que la Rep\u00fablica Dominicana debe continuar profundizando las reformas fiscal, financiera y el\u00e9ctrica, porque contribuir\u00e1n a estabilizar la econom\u00eda y a transparentar el gasto p\u00fablico. [&hellip;]<\/p>\n","protected":false},"author":3,"featured_media":0,"comment_status":"open","ping_status":"open","sticky":false,"template":"","format":"standard","meta":{"footnotes":""},"categories":[18],"tags":[3556],"class_list":["post-124442","post","type-post","status-publish","format-standard","hentry","category-economia","tag-prensa-latina"],"_links":{"self":[{"href":"https:\/\/diariodominicano.com\/index.php?rest_route=\/wp\/v2\/posts\/124442","targetHints":{"allow":["GET"]}}],"collection":[{"href":"https:\/\/diariodominicano.com\/index.php?rest_route=\/wp\/v2\/posts"}],"about":[{"href":"https:\/\/diariodominicano.com\/index.php?rest_route=\/wp\/v2\/types\/post"}],"author":[{"embeddable":true,"href":"https:\/\/diariodominicano.com\/index.php?rest_route=\/wp\/v2\/users\/3"}],"replies":[{"embeddable":true,"href":"https:\/\/diariodominicano.com\/index.php?rest_route=%2Fwp%2Fv2%2Fcomments&post=124442"}],"version-history":[{"count":1,"href":"https:\/\/diariodominicano.com\/index.php?rest_route=\/wp\/v2\/posts\/124442\/revisions"}],"predecessor-version":[{"id":657361,"href":"https:\/\/diariodominicano.com\/index.php?rest_route=\/wp\/v2\/posts\/124442\/revisions\/657361"}],"wp:attachment":[{"href":"https:\/\/diariodominicano.com\/index.php?rest_route=%2Fwp%2Fv2%2Fmedia&parent=124442"}],"wp:term":[{"taxonomy":"category","embeddable":true,"href":"https:\/\/diariodominicano.com\/index.php?rest_route=%2Fwp%2Fv2%2Fcategories&post=124442"},{"taxonomy":"post_tag","embeddable":true,"href":"https:\/\/diariodominicano.com\/index.php?rest_route=%2Fwp%2Fv2%2Ftags&post=124442"}],"curies":[{"name":"wp","href":"https:\/\/api.w.org\/{rel}","templated":true}]}}