{"id":124441,"date":"2006-07-03T10:28:53","date_gmt":"2006-07-03T10:28:53","guid":{"rendered":"http:\/\/diariodominicano.ddns.net\/?p=124441"},"modified":"2006-07-03T10:28:53","modified_gmt":"2006-07-03T10:28:53","slug":"aplazada-la-entrada-del-dr-cafta","status":"publish","type":"post","link":"https:\/\/diariodominicano.com\/?p=124441","title":{"rendered":"Aplazada la entrada del DR-CAFTA"},"content":{"rendered":"<p><body><\/p>\n<p align=\"justify\" class=\"titulogrande1\">Aplazada  la entrada del DR-CAFTA<\/p>\n<p>&#13;<\/p>\n<p align=\"justify\" class=\"text1noticias\">SANTO  DOMINGO.- La   Rep\u00fablica Dominicana posterg\u00f3, sin fecha, la entrada en vigor  del Tratado de Libre Comercio (TLC) que firm\u00f3 en agosto del 2004 con Estados  Unidos y Centroam\u00e9rica, prevista para ma\u00f1ana, anunci\u00f3 hoy una fuente oficial.La  Secretar\u00eda de Industria y Comercio indic\u00f3 que \u00abclaramente\u00bb el Tratado  de Libre Comercio no entrar\u00e1 en vigor ma\u00f1ana.<br \/>&#13;<br \/>\n  <br \/>&#13;<br \/>\n  En  declaraciones a la prensa nacional, Marcelo Puello, subsecretario de Comercio  Exterior, dijo que las autoridades dominicanas y estadounidenses contin\u00faan  negociando algunos aspectos pendientes del TLC, cuya entrada estaba prevista  inicialmente para el 1 de enero pasado, pero luego fue pospuesta hasta el 1  julio.<br \/>&#13;<br \/>\n  <br \/>&#13;<br \/>\n\u00abSe  est\u00e1n aclarando conceptos, leyes, normas y reglamentos que son  necesarios\u00bb, para la puesta en marcha del acuerdo, apunt\u00f3 el funcionario  dominicano.<br \/>&#13;<br \/>\n<br \/>&#13;<br \/>\nEl  ministro de Industria y Comercio, Francisco Javier Garc\u00eda, dijo el mi\u00e9rcoles  que la aplicaci\u00f3n del TLC s\u00f3lo ser\u00e1 posible cuando se \u00abarmonicen aspectos  pendientes\u00bb y cuando las autoridades dominicanas y estadounidenses  concluyan la revisi\u00f3n del pacto comercial.<br \/>&#13;<br \/>\n<br \/>&#13;<br \/>\nGarc\u00eda  precis\u00f3 en un comunicado que las autoridades estadounidenses se encuentran  \u00abtodav\u00eda\u00bb revisando la documentaci\u00f3n sometida por la Rep\u00fablica Dominicana  para ingresar al acuerdo.<br \/>&#13;<br \/>\n<br \/>&#13;<br \/>\nNo  obstante, el funcionario, que en otras ocasiones ha achacado a EEUU la demora  que ha habido en la revisi\u00f3n del TLC, aclar\u00f3 que ambos pa\u00edses \u00abavanzan en  la unificaci\u00f3n de criterios para que el proceso de implementaci\u00f3n termine en muy  poco tiempo\u00bb.<br \/>&#13;<br \/>\n<br \/>&#13;<br \/>\nDe  acuerdo con el ministro, \u00abtodas\u00bb las instituciones dominicanas han  cumplido con sus compromisos para la puesta en marcha del convenio comercial.<br \/>&#13;<br \/>\n<br \/>&#13;<br \/>\nEl  embajador de EEUU en el pa\u00eds, Hans Hertell, dijo esta semana que una comisi\u00f3n  de ambos pa\u00edses discuten varios asuntos pendientes del acuerdo.<br \/>&#13;<br \/>\n<br \/>&#13;<br \/>\nEntre  los obst\u00e1culos se\u00f1alados por fuentes locales para la implementaci\u00f3n del acuerdo  est\u00e1 el problema de la pirater\u00eda de la propiedad intelectual en el pa\u00eds, as\u00ed  como dificultades para proteger a los importadores.<br \/>&#13;<br \/>\n<br \/>&#13;<br \/>\nLa Rep\u00fablica Dominicana firm\u00f3 el acuerdo con  Estados Unidos el 5 de agosto del 2004 y lo ratific\u00f3 un a\u00f1o despu\u00e9s. EFE<\/p>\n<p>&#13;<\/p>\n<h6> 2006-07-03 10:28:53 <\/h6>\n<p><!--\n<link rel=\"stylesheet\" href=\"css\/bootstrap.min.css\">\n\n\n<ul class=\"pagination\">\n\t    \n\t\n\n<li >\n\t<a href='?page_no=30320'>Previous<\/a>\n\t<\/li>\n\n\n       \n    \n\n<li><a href='?page_no=1'>1<\/a><\/li>\n\n\n\n<li><a href='?page_no=2'>2<\/a><\/li>\n\n\n\n<li><a>...<\/a><\/li>\n\n\n\n<li><a href='?page_no=30319'>30319<\/a><\/li>\n\n\n\n<li><a href='?page_no=30320'>30320<\/a><\/li>\n\n\n\n<li class='active'><a>30321<\/a><\/li>\n\n\n\n<li><a href='?page_no=30322'>30322<\/a><\/li>\n\n\n\n<li><a href='?page_no=30323'>30323<\/a><\/li>\n\n\n\n<li><a>...<\/a><\/li>\n\n\n\n<li><a href='?page_no=30472'>30472<\/a><\/li>\n\n\n\n<li><a href='?page_no=30473'>30473<\/a><\/li>\n\n    \n\t\n\n<li >\n\t<a href='?page_no=30322'>Next<\/a>\n\t<\/li>\n\n\n    \n\n<li><a href='?page_no=30473'>Last &rsaquo;&rsaquo;<\/a><\/li>\n\n<\/ul>\n\n\n--><br \/>\n<\/body><\/p>\n","protected":false},"excerpt":{"rendered":"<p>Aplazada la entrada del DR-CAFTA &#13; SANTO DOMINGO.- La Rep\u00fablica Dominicana posterg\u00f3, sin fecha, la entrada en vigor del Tratado de Libre Comercio (TLC) que firm\u00f3 en agosto del 2004 con Estados Unidos y Centroam\u00e9rica, prevista para ma\u00f1ana, anunci\u00f3 hoy una fuente oficial.La Secretar\u00eda de Industria y Comercio indic\u00f3 que \u00abclaramente\u00bb el Tratado de Libre [&hellip;]<\/p>\n","protected":false},"author":3,"featured_media":0,"comment_status":"open","ping_status":"open","sticky":false,"template":"","format":"standard","meta":{"footnotes":""},"categories":[18],"tags":[],"class_list":["post-124441","post","type-post","status-publish","format-standard","hentry","category-economia"],"_links":{"self":[{"href":"https:\/\/diariodominicano.com\/index.php?rest_route=\/wp\/v2\/posts\/124441","targetHints":{"allow":["GET"]}}],"collection":[{"href":"https:\/\/diariodominicano.com\/index.php?rest_route=\/wp\/v2\/posts"}],"about":[{"href":"https:\/\/diariodominicano.com\/index.php?rest_route=\/wp\/v2\/types\/post"}],"author":[{"embeddable":true,"href":"https:\/\/diariodominicano.com\/index.php?rest_route=\/wp\/v2\/users\/3"}],"replies":[{"embeddable":true,"href":"https:\/\/diariodominicano.com\/index.php?rest_route=%2Fwp%2Fv2%2Fcomments&post=124441"}],"version-history":[{"count":0,"href":"https:\/\/diariodominicano.com\/index.php?rest_route=\/wp\/v2\/posts\/124441\/revisions"}],"wp:attachment":[{"href":"https:\/\/diariodominicano.com\/index.php?rest_route=%2Fwp%2Fv2%2Fmedia&parent=124441"}],"wp:term":[{"taxonomy":"category","embeddable":true,"href":"https:\/\/diariodominicano.com\/index.php?rest_route=%2Fwp%2Fv2%2Fcategories&post=124441"},{"taxonomy":"post_tag","embeddable":true,"href":"https:\/\/diariodominicano.com\/index.php?rest_route=%2Fwp%2Fv2%2Ftags&post=124441"}],"curies":[{"name":"wp","href":"https:\/\/api.w.org\/{rel}","templated":true}]}}