{"id":124438,"date":"2006-07-03T10:35:26","date_gmt":"2006-07-03T10:35:26","guid":{"rendered":"http:\/\/diariodominicano.ddns.net\/?p=124438"},"modified":"2006-07-03T10:35:26","modified_gmt":"2006-07-03T10:35:26","slug":"el-presidente-hugo-chavez-invita-a-las-naciones-africanas-a-concretar-una-alianza-con-america-latina-que-permita-realizar-proyectos-petroleros-y-politicos","status":"publish","type":"post","link":"https:\/\/diariodominicano.com\/?p=124438","title":{"rendered":"El presidente Hugo Ch\u00e1vez invita a las naciones africanas a concretar una alianza con Am\u00e9rica Latina que permita realizar proyectos petroleros y pol\u00edticos"},"content":{"rendered":"<p><body><\/p>\n<p align=\"justify\" class=\"titulogrande1\">El presidente Hugo  Ch\u00e1vez invita a las naciones africanas a concretar una alianza con Am\u00e9rica  Latina que permita realizar proyectos petroleros y pol\u00edticos <\/p>\n<p>&#13;<\/p>\n<p align=\"justify\" class=\"text1noticias\"><img loading=\"lazy\" decoding=\"async\" src=\"http:\/\/localhost:8080\/pictures\/hugochavez150.jpg\" alt=\"Hugo Chavez\" width=\"180\" height=\"150\" hspace=\"4\" align=\"left\" \/>MADRID.- El  presidente de Venezuela, Hugo Ch\u00e1vez, invit\u00f3 el s\u00e1bado a las naciones africanas  a concretar una alianza con Am\u00e9rica Latina que permita realizar proyectos  petroleros y pol\u00edticos. <br \/>&#13;<br \/>\n  <br \/>&#13;<br \/>\n  Durante su participaci\u00f3n en la Cumbre de la Uni\u00f3n Africana  (UA), que se celebra en el pa\u00eds de Gambia, Ch\u00e1vez propuso estudiar la creaci\u00f3n  de una comisi\u00f3n entre \u00c1frica y Am\u00e9rica Latina tendiente a coordinar estudios y  la ejecuci\u00f3n de proyectos petroleros. <br \/>&#13;<br \/>\n  <br \/>&#13;<br \/>\n  El presidente venezolano propuso a los  representantes de pa\u00edses africanos estudiar la creaci\u00f3n de un acuerdo de  cooperaci\u00f3n similar al impulsado en Sudam\u00e9rica, llamada Petrosur y en el que  participan empresas estatales de Venezuela, Argentina y Brasil. <br \/>&#13;<br \/>\n  <br \/>&#13;<br \/>\n\u201cDeber\u00edamos crear una comisi\u00f3n para  poder ver si podemos crear oportunidades de coordinaci\u00f3n para estudiar y llevar  a la pr\u00e1ctica proyectos petroleros\u201d (entre Am\u00e9rica Latina y la UA), se\u00f1al\u00f3 el mandatario. <br \/>&#13;<br \/>\n<br \/>&#13;<br \/>\nExhort\u00f3 a los 53 representantes de  Estados africanos reunidos en la capitalina ciudad de Banjul a que usen el  valor de las reservas petroleras para incentivar el desarrollo de sus pa\u00edses y  los conmin\u00f3 a evitar que las compa\u00f1\u00edas internacionales los exploten. <br \/>&#13;<br \/>\n<br \/>&#13;<br \/>\n\u201cLos pa\u00edses con reservas petroleras  deben asegurarse de que no son explotados (por compa\u00f1\u00edas transnacionales que  pagan pocos impuestos) y deben usar el dinero para el desarrollo\u201d, reiter\u00f3  Ch\u00e1vez. <br \/>&#13;<br \/>\n<br \/>&#13;<br \/>\nDijo que el petr\u00f3leo es un poderoso  instrumento para lograr el \u201cdesarrollo social, educativo, en la agricultura y  en la vida de nuestra gente\u201d, por lo que sugiri\u00f3 usar los recursos generados  por los hidrocarburos para \u201cliberarse\u201d y forjar un destino propio. <br \/>&#13;<br \/>\n<br \/>&#13;<br \/>\nVenezuela es considerado el principal  productor de petr\u00f3leo sudamericano, con una producci\u00f3n diaria de 2.6 millones  de barriles, y desde la llegada al poder de Ch\u00e1vez se han impulsado medidas  para cobrar m\u00e1s impuestos a la compa\u00f1\u00edas extranjeras.<\/p>\n<p>&#13;<\/p>\n<h6> 2006-07-03 10:35:26 <\/h6>\n<p><!--\n<link rel=\"stylesheet\" href=\"css\/bootstrap.min.css\">\n\n\n<ul class=\"pagination\">\n\t    \n\t\n\n<li >\n\t<a href='?page_no=30317'>Previous<\/a>\n\t<\/li>\n\n\n       \n    \n\n<li><a href='?page_no=1'>1<\/a><\/li>\n\n\n\n<li><a href='?page_no=2'>2<\/a><\/li>\n\n\n\n<li><a>...<\/a><\/li>\n\n\n\n<li><a href='?page_no=30316'>30316<\/a><\/li>\n\n\n\n<li><a href='?page_no=30317'>30317<\/a><\/li>\n\n\n\n<li class='active'><a>30318<\/a><\/li>\n\n\n\n<li><a href='?page_no=30319'>30319<\/a><\/li>\n\n\n\n<li><a href='?page_no=30320'>30320<\/a><\/li>\n\n\n\n<li><a>...<\/a><\/li>\n\n\n\n<li><a href='?page_no=30472'>30472<\/a><\/li>\n\n\n\n<li><a href='?page_no=30473'>30473<\/a><\/li>\n\n    \n\t\n\n<li >\n\t<a href='?page_no=30319'>Next<\/a>\n\t<\/li>\n\n\n    \n\n<li><a href='?page_no=30473'>Last &rsaquo;&rsaquo;<\/a><\/li>\n\n<\/ul>\n\n\n--><br \/>\n<\/body><\/p>\n","protected":false},"excerpt":{"rendered":"<p>El presidente Hugo Ch\u00e1vez invita a las naciones africanas a concretar una alianza con Am\u00e9rica Latina que permita realizar proyectos petroleros y pol\u00edticos &#13; MADRID.- El presidente de Venezuela, Hugo Ch\u00e1vez, invit\u00f3 el s\u00e1bado a las naciones africanas a concretar una alianza con Am\u00e9rica Latina que permita realizar proyectos petroleros y pol\u00edticos. &#13; &#13; Durante [&hellip;]<\/p>\n","protected":false},"author":3,"featured_media":0,"comment_status":"open","ping_status":"open","sticky":false,"template":"","format":"standard","meta":{"footnotes":""},"categories":[18],"tags":[],"class_list":["post-124438","post","type-post","status-publish","format-standard","hentry","category-economia"],"_links":{"self":[{"href":"https:\/\/diariodominicano.com\/index.php?rest_route=\/wp\/v2\/posts\/124438","targetHints":{"allow":["GET"]}}],"collection":[{"href":"https:\/\/diariodominicano.com\/index.php?rest_route=\/wp\/v2\/posts"}],"about":[{"href":"https:\/\/diariodominicano.com\/index.php?rest_route=\/wp\/v2\/types\/post"}],"author":[{"embeddable":true,"href":"https:\/\/diariodominicano.com\/index.php?rest_route=\/wp\/v2\/users\/3"}],"replies":[{"embeddable":true,"href":"https:\/\/diariodominicano.com\/index.php?rest_route=%2Fwp%2Fv2%2Fcomments&post=124438"}],"version-history":[{"count":0,"href":"https:\/\/diariodominicano.com\/index.php?rest_route=\/wp\/v2\/posts\/124438\/revisions"}],"wp:attachment":[{"href":"https:\/\/diariodominicano.com\/index.php?rest_route=%2Fwp%2Fv2%2Fmedia&parent=124438"}],"wp:term":[{"taxonomy":"category","embeddable":true,"href":"https:\/\/diariodominicano.com\/index.php?rest_route=%2Fwp%2Fv2%2Fcategories&post=124438"},{"taxonomy":"post_tag","embeddable":true,"href":"https:\/\/diariodominicano.com\/index.php?rest_route=%2Fwp%2Fv2%2Ftags&post=124438"}],"curies":[{"name":"wp","href":"https:\/\/api.w.org\/{rel}","templated":true}]}}