{"id":124436,"date":"2006-07-03T10:40:47","date_gmt":"2006-07-03T10:40:47","guid":{"rendered":"http:\/\/diariodominicano.ddns.net\/?p=124436"},"modified":"2006-07-03T10:40:47","modified_gmt":"2006-07-03T10:40:47","slug":"alan-garcia-intentara-negociar-acuerdo-comercial-con-estados-unidos","status":"publish","type":"post","link":"https:\/\/diariodominicano.com\/?p=124436","title":{"rendered":"Alan Garc\u00eda intentar\u00e1 negociar acuerdo comercial con Estados Unidos"},"content":{"rendered":"<p><body><\/p>\n<p align=\"justify\" class=\"titulogrande1\">Alan Garc\u00eda intentar\u00e1 negociar acuerdo comercial con Estados  Unidos<\/p>\n<p>&#13;<\/p>\n<p align=\"justify\" class=\"text1noticias\">LIMA.- El presidente electo peruano, Alan Garc\u00eda, dijo el  viernes \u00a0que intentar\u00e1 renegociar el  Acuerdo de Promoci\u00f3n Comercial (APC) con Estados Unidos para mejorar las  condiciones de este pacto bilateral. <br \/>&#13;<br \/>\n  <br \/>&#13;<br \/>\n\u201cTodo tratado que se hace con  una naci\u00f3n es por principio renegociable. Debemos tener el valor y la audacia  de comenzar, y en el camino buscar las renegociaciones necesarias para mejorar  las condiciones del tratado\u201d, indic\u00f3 Garc\u00eda en rueda de prensa. <br \/>&#13;<br \/>\n<br \/>&#13;<br \/>\nAdelant\u00f3 que pedir\u00e1 mayores  compensaciones para aquellos sectores agrarios que podr\u00edan ser perjudicados por  la vigencia del APC, conocido anteriormente como Tratado de Libre Comercio  (TLC), con el fin de que \u201cno sufran mientras otros se benefician\u201d. <br \/>&#13;<br \/>\n<br \/>&#13;<br \/>\nGarc\u00eda gobern\u00f3 Per\u00fa entre 1985  y 1990 y que asumir\u00e1 la Presidencia peruana el pr\u00f3ximo 28 de julio. <br \/>&#13;<br \/>\n<br \/>&#13;<br \/>\nEl pacto comercial con Estados  Unidos, que deber\u00e1 ser aprobada por el Legislativo estadounidense para que  entre en vigor en el 2007, fue ratificado por el Congreso peruano el mi\u00e9rcoles  pasado. <br \/>&#13;<br \/>\n<br \/>&#13;<br \/>\nEl legislativo de Per\u00fa tambi\u00e9n  aprob\u00f3 en esa fecha varios proyectos que prev\u00e9n compensaciones para el sector  agr\u00edcola por valor de m\u00e1s de 171 millones de d\u00f3lares, mientras que otras  medidas similares est\u00e1n pendientes de discusi\u00f3n.<\/p>\n<h6> 2006-07-03 10:40:47 <\/h6>\n<p><!--\n<link rel=\"stylesheet\" href=\"css\/bootstrap.min.css\">\n\n\n<ul class=\"pagination\">\n\t    \n\t\n\n<li >\n\t<a href='?page_no=30315'>Previous<\/a>\n\t<\/li>\n\n\n       \n    \n\n<li><a href='?page_no=1'>1<\/a><\/li>\n\n\n\n<li><a href='?page_no=2'>2<\/a><\/li>\n\n\n\n<li><a>...<\/a><\/li>\n\n\n\n<li><a href='?page_no=30314'>30314<\/a><\/li>\n\n\n\n<li><a href='?page_no=30315'>30315<\/a><\/li>\n\n\n\n<li class='active'><a>30316<\/a><\/li>\n\n\n\n<li><a href='?page_no=30317'>30317<\/a><\/li>\n\n\n\n<li><a href='?page_no=30318'>30318<\/a><\/li>\n\n\n\n<li><a>...<\/a><\/li>\n\n\n\n<li><a href='?page_no=30472'>30472<\/a><\/li>\n\n\n\n<li><a href='?page_no=30473'>30473<\/a><\/li>\n\n    \n\t\n\n<li >\n\t<a href='?page_no=30317'>Next<\/a>\n\t<\/li>\n\n\n    \n\n<li><a href='?page_no=30473'>Last &rsaquo;&rsaquo;<\/a><\/li>\n\n<\/ul>\n\n\n--><br \/>\n<\/body><\/p>\n","protected":false},"excerpt":{"rendered":"<p>Alan Garc\u00eda intentar\u00e1 negociar acuerdo comercial con Estados Unidos &#13; LIMA.- El presidente electo peruano, Alan Garc\u00eda, dijo el viernes \u00a0que intentar\u00e1 renegociar el Acuerdo de Promoci\u00f3n Comercial (APC) con Estados Unidos para mejorar las condiciones de este pacto bilateral. &#13; &#13; \u201cTodo tratado que se hace con una naci\u00f3n es por principio renegociable. Debemos [&hellip;]<\/p>\n","protected":false},"author":3,"featured_media":0,"comment_status":"open","ping_status":"open","sticky":false,"template":"","format":"standard","meta":{"footnotes":""},"categories":[18],"tags":[],"class_list":["post-124436","post","type-post","status-publish","format-standard","hentry","category-economia"],"_links":{"self":[{"href":"https:\/\/diariodominicano.com\/index.php?rest_route=\/wp\/v2\/posts\/124436","targetHints":{"allow":["GET"]}}],"collection":[{"href":"https:\/\/diariodominicano.com\/index.php?rest_route=\/wp\/v2\/posts"}],"about":[{"href":"https:\/\/diariodominicano.com\/index.php?rest_route=\/wp\/v2\/types\/post"}],"author":[{"embeddable":true,"href":"https:\/\/diariodominicano.com\/index.php?rest_route=\/wp\/v2\/users\/3"}],"replies":[{"embeddable":true,"href":"https:\/\/diariodominicano.com\/index.php?rest_route=%2Fwp%2Fv2%2Fcomments&post=124436"}],"version-history":[{"count":0,"href":"https:\/\/diariodominicano.com\/index.php?rest_route=\/wp\/v2\/posts\/124436\/revisions"}],"wp:attachment":[{"href":"https:\/\/diariodominicano.com\/index.php?rest_route=%2Fwp%2Fv2%2Fmedia&parent=124436"}],"wp:term":[{"taxonomy":"category","embeddable":true,"href":"https:\/\/diariodominicano.com\/index.php?rest_route=%2Fwp%2Fv2%2Fcategories&post=124436"},{"taxonomy":"post_tag","embeddable":true,"href":"https:\/\/diariodominicano.com\/index.php?rest_route=%2Fwp%2Fv2%2Ftags&post=124436"}],"curies":[{"name":"wp","href":"https:\/\/api.w.org\/{rel}","templated":true}]}}