{"id":124435,"date":"2006-07-05T14:23:12","date_gmt":"2006-07-05T14:23:12","guid":{"rendered":"http:\/\/diariodominicano.ddns.net\/?p=124435"},"modified":"2006-07-05T14:23:12","modified_gmt":"2006-07-05T14:23:12","slug":"plantean-dialogo-para-evitar-aumentos-de-pasajes","status":"publish","type":"post","link":"https:\/\/diariodominicano.com\/?p=124435","title":{"rendered":"Plantean di\u00e1logo   para evitar aumentos de pasajes"},"content":{"rendered":"<p><body><\/p>\n<p align=\"justify\" class=\"text1noticias\"><strong class=\"titulogrande1\">Plantean  di\u00e1logo\u00a0\u00a0 para evitar aumentos de pasajes<\/strong><br \/>&#13;<br \/>\n  <br \/>&#13;<br \/>\n    <span class=\"textogrande\">por  Manuel Hern\u00e1ndez Villeta <\/span><br \/>&#13;<br \/>\n<br \/>&#13;<br \/>\nSANTO DOMINGO.- Mientras t\u00e9cnicos gubernamentales  consideran que el aumento de los pasajes ser\u00eda ilegal, los dirigentes  sindicales mantienen posiciones encontradas en torno a si aplicaran el reajuste  desde las seis de la ma\u00f1ana de hoy mi\u00e9rcoles.<br \/>&#13;<br \/>\n<br \/>&#13;<br \/>\nSectores que trataron de mediar, no lograron\u00a0 que los directivos de la Central Nacional  de Transportistas Unificados (CNTU) y FENATRANO desistieran del anunciado  aumento a los pasajes urbanos y suburbanos que aplicar\u00edan hoy.<br \/>&#13;<br \/>\n<br \/>&#13;<br \/>\nEl director de la Oficina del Transporte Terrestre, Germ\u00e1n Pe\u00f1a  Guadalupe, en una acci\u00f3n para armonizar, y tratar de que no se de el aumento, se  reuni\u00f3 con\u00a0 Ram\u00f3n P\u00e9rez Figueres, de la CNTU, y Juan\u00a0 Hubieres, de la FENATRANO.<br \/>&#13;<br \/>\n<br \/>&#13;<br \/>\n\u00a0Pe\u00f1a Guadalupe  dijo que \u00a0se trataba de un di\u00e1logo, pero  que era el director de la OPRET,  Diandino Pe\u00f1a, quien decidir\u00e1 por el Gobierno en cuanto a las tarifas a  aplicar.<br \/>&#13;<br \/>\n<br \/>&#13;<br \/>\nLos ch\u00f3feres dicen que subir\u00e1n entre 3 y 5 pesos a las  rutas metropolitanas y 7 pesos a las rutas suburbanas como las que viajan desde  el Distrito a los distintos municipios de la provincia Santo Domingo.<br \/>&#13;<br \/>\n<br \/>&#13;<br \/>\nEntre las justificaciones para\u00a0 los aumentos se\u00f1alan las \u00a0alzas en los precios de los combustibles, la  deuda del Gobierno con los corredores de la 27 de febrero y la M\u00e1ximo G\u00f3mez. <br \/>&#13;<br \/>\n<br \/>&#13;<br \/>\nFenatrano y la Central Nacional  de Transportistas Unificados\u00a0\u00a0 informaron  \u00a0que aumentaron entre dos y diez pesos  los precios de los pasajes urbanos e interurbanos, pero esa posici\u00f3n es  frechazada por la   Confederaci\u00f3n Nacional de Organizaciones del Transporte (Conatra),  que preside Antonio Marte.<\/p>\n<p>&#13;<\/p>\n<p align=\"justify\" class=\"text1noticias\">\u00a0La   CONATRA inform\u00f3 que \u00a0sus afiliados mantendr\u00e1n los precios de los  pasajes hasta sostener un di\u00e1logo con el presidente doctor Leonel Fern\u00e1ndez,  cuando regrese de su gira internacional.<\/p>\n<p>&#13;<\/p>\n<p align=\"justify\" class=\"text1noticias\">Juan Hubieres, presidente de  Fenatrano dijo que comenzaron a aumentar los pasajes en diez rutas urbanas e  interurbanas, en las que sus unidades cobrar\u00e1n dos y tres pesos\u00a0 m\u00e1s que la tarifa establecida.<\/p>\n<p>&#13;<\/p>\n<p align=\"justify\" class=\"text1noticias\">Las rutas que\u00a0 aumentar\u00e1n sus precios \u00a0son El Tamarindo, Villa Liberaci\u00f3n, Cancino  Adentro, Los Tres Brazos, Mainombre, El 20, Isabelita,\u00a0 Zona Franca y Quita Sue\u00f1o Santo Domingo.<\/p>\n<p>&#13;<\/p>\n<p align=\"justify\" class=\"text1noticias\">Hubieres explic\u00f3 que el  reajuste de los pasajes obedece a los altos costos de operaci\u00f3n, el alza de los  combustibles y el subsidio del gobierno a la unidades de la Oficina Metropolitana  de Servicio de Autobuses (OMSA) \u00abporque la OMSA tiene unidades que subsidia el gobierno con  10 y 15 pesos por pasajeros y los compa\u00f1eros nuestros solo reciben maltratatos\u00bb.<br \/>&#13;<br \/>\n  <br \/>&#13;<br \/>\n\u00a0Pidi\u00f3 al gobierno el pago de 200 millones de  pesos que adeuda\u00a0 al Consejo\u00a0 de Propietarios de Autobuses\u00a0 y Corredores administrados por la Oficina Metropolitana  de Servicios de Autobuses (OMSA), que ofrecen el servicio en el corredor de la  27 de\u00a0 Febrero, M\u00e1ximo G\u00f3mez, por  concepto de arrendamiento de las unidades.<\/p>\n<p>&#13;<\/p>\n<p align=\"justify\" class=\"text1noticias\">El otro organizador del  aumento de los pasajes, Ram\u00f3n P\u00e9rez Figuereo, presidente de la CNTU, anunci\u00f3 que el\u00a0 aumento en sus unidades ser\u00e1 \u00a0entre tres y cinco pesos en el transporte urbano  y entre 7 y 10 en el suburbano que comenzar\u00eda aplicarse en esta semana.<\/p>\n<p>&#13;<\/p>\n<p align=\"justify\" class=\"text1noticias\">Justific\u00f3 el aumento del  transporte en las constantes alzas de los precios de los combustibles y a las  fracasadas conversaciones con las autoridades gubernamentales a fin de discutir  \u00e9ste (el gobierno) absorber\u00eda las alzas.<\/p>\n<p>&#13;<\/p>\n<p align=\"justify\" class=\"text1noticias\">P\u00e9rez Figueres dijo que  \u00abno podemos seguir absorbiendo los aumentos que ha dispuesto el gobierno  en el precio de los combustibles, por eso estamos obligados a\u00a0 modificar la tarifa del transporte, nosotros  entendemos que el gobierno se gana m\u00e1s del 60 pesos en un gal\u00f3n de gasolina  para que absorbiera el aumento y se resolviera el asunto\u00bb.<\/p>\n<p>&#13;<\/p>\n<h6> 2006-07-05 14:23:12 <\/h6>\n<p><!--\n<link rel=\"stylesheet\" href=\"css\/bootstrap.min.css\">\n\n\n<ul class=\"pagination\">\n\t    \n\t\n\n<li >\n\t<a href='?page_no=30314'>Previous<\/a>\n\t<\/li>\n\n\n       \n    \n\n<li><a href='?page_no=1'>1<\/a><\/li>\n\n\n\n<li><a href='?page_no=2'>2<\/a><\/li>\n\n\n\n<li><a>...<\/a><\/li>\n\n\n\n<li><a href='?page_no=30313'>30313<\/a><\/li>\n\n\n\n<li><a href='?page_no=30314'>30314<\/a><\/li>\n\n\n\n<li class='active'><a>30315<\/a><\/li>\n\n\n\n<li><a href='?page_no=30316'>30316<\/a><\/li>\n\n\n\n<li><a href='?page_no=30317'>30317<\/a><\/li>\n\n\n\n<li><a>...<\/a><\/li>\n\n\n\n<li><a href='?page_no=30472'>30472<\/a><\/li>\n\n\n\n<li><a href='?page_no=30473'>30473<\/a><\/li>\n\n    \n\t\n\n<li >\n\t<a href='?page_no=30316'>Next<\/a>\n\t<\/li>\n\n\n    \n\n<li><a href='?page_no=30473'>Last &rsaquo;&rsaquo;<\/a><\/li>\n\n<\/ul>\n\n\n--><br \/>\n<\/body><\/p>\n","protected":false},"excerpt":{"rendered":"<p>Plantean di\u00e1logo\u00a0\u00a0 para evitar aumentos de pasajes&#13; &#13; por Manuel Hern\u00e1ndez Villeta &#13; &#13; SANTO DOMINGO.- Mientras t\u00e9cnicos gubernamentales consideran que el aumento de los pasajes ser\u00eda ilegal, los dirigentes sindicales mantienen posiciones encontradas en torno a si aplicaran el reajuste desde las seis de la ma\u00f1ana de hoy mi\u00e9rcoles.&#13; &#13; Sectores que trataron de [&hellip;]<\/p>\n","protected":false},"author":3,"featured_media":0,"comment_status":"open","ping_status":"open","sticky":false,"template":"","format":"standard","meta":{"footnotes":""},"categories":[18],"tags":[],"class_list":["post-124435","post","type-post","status-publish","format-standard","hentry","category-economia"],"_links":{"self":[{"href":"https:\/\/diariodominicano.com\/index.php?rest_route=\/wp\/v2\/posts\/124435","targetHints":{"allow":["GET"]}}],"collection":[{"href":"https:\/\/diariodominicano.com\/index.php?rest_route=\/wp\/v2\/posts"}],"about":[{"href":"https:\/\/diariodominicano.com\/index.php?rest_route=\/wp\/v2\/types\/post"}],"author":[{"embeddable":true,"href":"https:\/\/diariodominicano.com\/index.php?rest_route=\/wp\/v2\/users\/3"}],"replies":[{"embeddable":true,"href":"https:\/\/diariodominicano.com\/index.php?rest_route=%2Fwp%2Fv2%2Fcomments&post=124435"}],"version-history":[{"count":0,"href":"https:\/\/diariodominicano.com\/index.php?rest_route=\/wp\/v2\/posts\/124435\/revisions"}],"wp:attachment":[{"href":"https:\/\/diariodominicano.com\/index.php?rest_route=%2Fwp%2Fv2%2Fmedia&parent=124435"}],"wp:term":[{"taxonomy":"category","embeddable":true,"href":"https:\/\/diariodominicano.com\/index.php?rest_route=%2Fwp%2Fv2%2Fcategories&post=124435"},{"taxonomy":"post_tag","embeddable":true,"href":"https:\/\/diariodominicano.com\/index.php?rest_route=%2Fwp%2Fv2%2Ftags&post=124435"}],"curies":[{"name":"wp","href":"https:\/\/api.w.org\/{rel}","templated":true}]}}