{"id":124434,"date":"2006-07-05T14:24:05","date_gmt":"2006-07-05T14:24:05","guid":{"rendered":"http:\/\/diariodominicano.ddns.net\/?p=124434"},"modified":"2006-07-05T14:24:05","modified_gmt":"2006-07-05T14:24:05","slug":"analizaran-aspectos-energetico-en-dos-cumbres-regionales","status":"publish","type":"post","link":"https:\/\/diariodominicano.com\/?p=124434","title":{"rendered":"Analizar\u00e1n aspectos energ\u00e9tico en dos cumbres regionales"},"content":{"rendered":"<p><body><\/p>\n<p align=\"justify\" class=\"titulogrande1\"><strong>Analizar\u00e1n  aspectos energ\u00e9tico en dos cumbres regionales<\/strong><\/p>\n<p>&#13;<\/p>\n<p align=\"justify\" class=\"text1noticias\">Panam\u00e1, .- El  aspecto energ\u00e9tico, vinculado a la proyectada construcci\u00f3n de una refiner\u00eda  regional, ser\u00e1 analizado en dos cumbres regionales que tendr\u00e1n lugar en Panam\u00e1  la pr\u00f3xima semana, inform\u00f3 \u00a0una fuente  oficial.<br \/>&#13;<br \/>\n  <br \/>&#13;<br \/>\n  La canciller\u00eda de Panam\u00e1 se\u00f1al\u00f3 que el asunto ser\u00e1 tratado en la XXVII Cumbre  Ordinaria del Sistema de la Integraci\u00f3n   Centroamericana (SICA) y la VIII Cumbre de Jefes  de Estado y de Gobierno del mecanismo de di\u00e1logo y concertaci\u00f3n de Tuxtla  Guti\u00e9rrez, en la capital paname\u00f1a.<br \/>&#13;<br \/>\n  <br \/>&#13;<br \/>\n  El lunes 10 de  julio se realizar\u00e1n las reuniones preparatorias de cancilleres y el martes 11  tendr\u00e1n lugar las cumbres del SICA, seguida de la de Tuxtla.<br \/>&#13;<br \/>\n  <br \/>&#13;<br \/>\n  En el SICA  participan los siete pa\u00edses centroamericanos (Belice, Costa Rica, El Salvador,  Guatemala, Honduras, Nicaragua y Panam\u00e1) m\u00e1s Rep\u00fablica Dominicana como miembro  asociado, mientras que en la de Tuxtla intervienen, Centroam\u00e9rica y M\u00e9xico,  aunque en esta ocasi\u00f3n se ha invitado a Colombia, por el asunto energ\u00e9tico.<br \/>&#13;<br \/>\n  <br \/>&#13;<br \/>\n  Un portavoz de  la canciller\u00eda indic\u00f3 a Acan-Efe que en la reuni\u00f3n se revisar\u00e1 adem\u00e1s el  proyecto para la eliminaci\u00f3n de la desnutrici\u00f3n infantil, que impulsa el  Programa Mundial de Alimentos (PMA) y el Banco Interamericano de Desarrollo  (BID).<br \/>&#13;<br \/>\n  <br \/>&#13;<br \/>\n  El director  general de Pol\u00edtica Exterior de la canciller\u00eda de Panam\u00e1, Javier Bonagas,  destac\u00f3, por su parte, que Panam\u00e1 y Guatemala aspiran a ser la sede de la  refiner\u00eda y que despu\u00e9s de este encuentro habr\u00e1 una reuni\u00f3n en Houston (EEUU)  con inversionistas internacionales para tomar una decisi\u00f3n sobre este asunto.<br \/>&#13;<br \/>\n  <br \/>&#13;<br \/>\n  A\u00f1adi\u00f3 que esta  decisi\u00f3n deber\u00e1 ser adoptada aproximadamente a finales de agosto pr\u00f3ximo.<br \/>&#13;<br \/>\n  Bonagas indic\u00f3, por otra parte, que el presidente paname\u00f1o, Mart\u00edn Torrijos,  entregar\u00e1 la presidencia Pro Tempore del SICA a su colega costarricense, Oscar  Arias.<br \/>&#13;<br \/>\n  <br \/>&#13;<br \/>\n  Torrijos  tambi\u00e9n rendir\u00e1 un informe del cumplimiento de los mandatos y de las decisiones  acordadas por los mandatarios en el periodo de seis meses de Panam\u00e1 en la  presidencia Pro Tempore del SICA. <\/p>\n<p>&#13;<\/p>\n<h6> 2006-07-05 14:24:05 <\/h6>\n<p><!--\n<link rel=\"stylesheet\" href=\"css\/bootstrap.min.css\">\n\n\n<ul class=\"pagination\">\n\t    \n\t\n\n<li >\n\t<a href='?page_no=30313'>Previous<\/a>\n\t<\/li>\n\n\n       \n    \n\n<li><a href='?page_no=1'>1<\/a><\/li>\n\n\n\n<li><a href='?page_no=2'>2<\/a><\/li>\n\n\n\n<li><a>...<\/a><\/li>\n\n\n\n<li><a href='?page_no=30312'>30312<\/a><\/li>\n\n\n\n<li><a href='?page_no=30313'>30313<\/a><\/li>\n\n\n\n<li class='active'><a>30314<\/a><\/li>\n\n\n\n<li><a href='?page_no=30315'>30315<\/a><\/li>\n\n\n\n<li><a href='?page_no=30316'>30316<\/a><\/li>\n\n\n\n<li><a>...<\/a><\/li>\n\n\n\n<li><a href='?page_no=30472'>30472<\/a><\/li>\n\n\n\n<li><a href='?page_no=30473'>30473<\/a><\/li>\n\n    \n\t\n\n<li >\n\t<a href='?page_no=30315'>Next<\/a>\n\t<\/li>\n\n\n    \n\n<li><a href='?page_no=30473'>Last &rsaquo;&rsaquo;<\/a><\/li>\n\n<\/ul>\n\n\n--><br \/>\n<\/body><\/p>\n","protected":false},"excerpt":{"rendered":"<p>Analizar\u00e1n aspectos energ\u00e9tico en dos cumbres regionales &#13; Panam\u00e1, .- El aspecto energ\u00e9tico, vinculado a la proyectada construcci\u00f3n de una refiner\u00eda regional, ser\u00e1 analizado en dos cumbres regionales que tendr\u00e1n lugar en Panam\u00e1 la pr\u00f3xima semana, inform\u00f3 \u00a0una fuente oficial.&#13; &#13; La canciller\u00eda de Panam\u00e1 se\u00f1al\u00f3 que el asunto ser\u00e1 tratado en la XXVII Cumbre [&hellip;]<\/p>\n","protected":false},"author":3,"featured_media":0,"comment_status":"open","ping_status":"open","sticky":false,"template":"","format":"standard","meta":{"footnotes":""},"categories":[18],"tags":[],"class_list":["post-124434","post","type-post","status-publish","format-standard","hentry","category-economia"],"_links":{"self":[{"href":"https:\/\/diariodominicano.com\/index.php?rest_route=\/wp\/v2\/posts\/124434","targetHints":{"allow":["GET"]}}],"collection":[{"href":"https:\/\/diariodominicano.com\/index.php?rest_route=\/wp\/v2\/posts"}],"about":[{"href":"https:\/\/diariodominicano.com\/index.php?rest_route=\/wp\/v2\/types\/post"}],"author":[{"embeddable":true,"href":"https:\/\/diariodominicano.com\/index.php?rest_route=\/wp\/v2\/users\/3"}],"replies":[{"embeddable":true,"href":"https:\/\/diariodominicano.com\/index.php?rest_route=%2Fwp%2Fv2%2Fcomments&post=124434"}],"version-history":[{"count":0,"href":"https:\/\/diariodominicano.com\/index.php?rest_route=\/wp\/v2\/posts\/124434\/revisions"}],"wp:attachment":[{"href":"https:\/\/diariodominicano.com\/index.php?rest_route=%2Fwp%2Fv2%2Fmedia&parent=124434"}],"wp:term":[{"taxonomy":"category","embeddable":true,"href":"https:\/\/diariodominicano.com\/index.php?rest_route=%2Fwp%2Fv2%2Fcategories&post=124434"},{"taxonomy":"post_tag","embeddable":true,"href":"https:\/\/diariodominicano.com\/index.php?rest_route=%2Fwp%2Fv2%2Ftags&post=124434"}],"curies":[{"name":"wp","href":"https:\/\/api.w.org\/{rel}","templated":true}]}}