{"id":124433,"date":"2006-07-05T14:26:02","date_gmt":"2006-07-05T14:26:02","guid":{"rendered":"http:\/\/diariodominicano.ddns.net\/?p=124433"},"modified":"2006-07-05T14:26:02","modified_gmt":"2006-07-05T14:26:02","slug":"ecuador-y-mexico-inician-contactos-para-ampliar-acuerdo-comercial","status":"publish","type":"post","link":"https:\/\/diariodominicano.com\/?p=124433","title":{"rendered":"Ecuador y M\u00e9xico inician contactos para ampliar acuerdo comercial"},"content":{"rendered":"<p><body><\/p>\n<p align=\"justify\" class=\"titulogrande1\"><strong>Ecuador y M\u00e9xico inician  contactos para ampliar acuerdo comercial <\/strong><\/p>\n<p>&#13;<\/p>\n<p align=\"justify\" class=\"text1noticias\">Quito.- Los gobiernos de  Ecuador y M\u00e9xico dieron este martes luz verde al inicio de un proceso de  negociaciones para ampliar un acuerdo comercial vigente entre ambos pa\u00edses  desde hace una d\u00e9cada, con el fin de mejorar el intercambio y reducir  aranceles.\u00a0 <\/p>\n<p>&#13;<\/p>\n<p align=\"justify\" class=\"text1noticias\">El ministro ecuatoriano de  Comercio Exterior, Joaqu\u00edn Zevallos, anunci\u00f3 que viajar\u00e1 a la capital mexicana  en los pr\u00f3ximos d\u00edas para iniciar el proceso, que hoy analiz\u00f3 en Quito con el  presidente del Consejo Empresarial Mexicano de Comercio Exterior, Mark  McGuiness.<\/p>\n<p>&#13;<\/p>\n<p align=\"justify\" class=\"text1noticias\">El proyecto es \u00abiniciar  un proceso de apertura comercial\u00bb bilateral, que se podr\u00eda concretar el  pr\u00f3ximo 18 de julio durante la visita que har\u00e1 una delegaci\u00f3n ecuatoriana a M\u00e9xico,  subray\u00f3 Zevallos.<\/p>\n<p>&#13;<\/p>\n<p align=\"justify\" class=\"text1noticias\">El ministro ecuatoriano  record\u00f3 que la posibilidad de abrir negociaciones ya fue analizada en mayo  pasado durante la visita oficial que hizo el presidente ecuatoriano, Alfredo  Palacio, a su colega mexicano, Vicente Fox.<\/p>\n<p>&#13;<\/p>\n<p align=\"justify\" class=\"text1noticias\">Existe la \u00abdecisi\u00f3n del  Gobierno de negociar acuerdos comerciales con todos los pa\u00edses con los que haya  como hacerlo\u00bb, a\u00f1adi\u00f3 Zevallos al recordar que su pa\u00eds se propone abrir  negociaciones con otros pa\u00edses americanos, de Europa y Asia.<\/p>\n<p>&#13;<\/p>\n<p align=\"justify\" class=\"text1noticias\">La decisi\u00f3n de buscar nuevos mercados  fue anunciada en Ecuador luego de que se estancaran en mayo pasado las  negociaciones de un Tratado de Libre Comercio (TLC) con Estados Unidos.<\/p>\n<p>&#13;<\/p>\n<p align=\"justify\" class=\"text1noticias\">\u00abEs importante ver m\u00e1s  all\u00e1 de las fronteras\u00bb, dijo Zevallos, que no descart\u00f3 la posibilidad de  que en el futuro Ecuador reanude las negociaciones del TLC con EEUU.<\/p>\n<p>&#13;<\/p>\n<p align=\"justify\" class=\"text1noticias\">A\u00f1adi\u00f3 que en algunos campos  comerciales Ecuador es complementario con M\u00e9xico, pero que en otros su pa\u00eds  necesita desarrollarse para que los acuerdos cumplan el objetivo de impulsar el  intercambio y generar m\u00e1s fuentes de empleo.<\/p>\n<p>&#13;<\/p>\n<p align=\"justify\" class=\"text1noticias\">Por su parte, McGuiness  indic\u00f3 que el proceso de negociaci\u00f3n entre M\u00e9xico y Ecuador permitir\u00e1 tambi\u00e9n  concretar alianzas empresariales en los dos pa\u00edses.<\/p>\n<p>&#13;<\/p>\n<p align=\"justify\" class=\"text1noticias\">Inform\u00f3 de que el intercambio  comercial entre los dos pa\u00edses alcanza los 308 millones de d\u00f3lares, de los  cuales, las dos terceras partes corresponden a exportaciones mexicanas hacia  Ecuador.<\/p>\n<p>&#13;<\/p>\n<p align=\"justify\" class=\"text1noticias\">Seg\u00fan McGuiness, un acuerdo  comercial podr\u00eda reducir o eliminar el d\u00e9ficit que afecta a los ecuatorianos en  la balanza comercial y a\u00f1adi\u00f3 que la inversi\u00f3n mexicana en Ecuador supera los  1.000 millones de d\u00f3lares.<\/p>\n<p>&#13;<\/p>\n<p align=\"justify\" class=\"text1noticias\">Precis\u00f3 que el arancel  comercial de los pa\u00edses de Latinoam\u00e9rica y el Caribe con M\u00e9xico alcanza el 6  por ciento, en promedio, pero se lament\u00f3 de que el intercambio con Ecuador se  realice con una tarifa media del 25 por ciento.<\/p>\n<p>&#13;<\/p>\n<p align=\"justify\" class=\"text1noticias\">\u00abHay productos que tiene  Ecuador que son de inter\u00e9s para los mexicanos, como el mango\u00bb, at\u00fan,  br\u00f3coli, flores y chile o aj\u00ed.<\/p>\n<p>&#13;<\/p>\n<p align=\"justify\" class=\"text1noticias\">\u00abSe podr\u00eda comercializar  at\u00fan ecuatoriano con marcas mexicanas para que sean consumidas en el mercado  estadounidense\u00bb, a\u00f1adi\u00f3 el empresario mexicano.<\/p>\n<p>&#13;<\/p>\n<p align=\"justify\" class=\"text1noticias\">Destac\u00f3 el impulso comercial  con pa\u00edses con los que M\u00e9xico ha concretado acuerdos comerciales, y mencion\u00f3  que el intercambio con Colombia supera los 2.000 millones de d\u00f3lares y con Per\u00fa  los 1.200 millones.\u00a0 <\/p>\n<p>&#13;<\/p>\n<h6> 2006-07-05 14:26:02 <\/h6>\n<p><!--\n<link rel=\"stylesheet\" href=\"css\/bootstrap.min.css\">\n\n\n<ul class=\"pagination\">\n\t    \n\t\n\n<li >\n\t<a href='?page_no=30312'>Previous<\/a>\n\t<\/li>\n\n\n       \n    \n\n<li><a href='?page_no=1'>1<\/a><\/li>\n\n\n\n<li><a href='?page_no=2'>2<\/a><\/li>\n\n\n\n<li><a>...<\/a><\/li>\n\n\n\n<li><a href='?page_no=30311'>30311<\/a><\/li>\n\n\n\n<li><a href='?page_no=30312'>30312<\/a><\/li>\n\n\n\n<li class='active'><a>30313<\/a><\/li>\n\n\n\n<li><a href='?page_no=30314'>30314<\/a><\/li>\n\n\n\n<li><a href='?page_no=30315'>30315<\/a><\/li>\n\n\n\n<li><a>...<\/a><\/li>\n\n\n\n<li><a href='?page_no=30472'>30472<\/a><\/li>\n\n\n\n<li><a href='?page_no=30473'>30473<\/a><\/li>\n\n    \n\t\n\n<li >\n\t<a href='?page_no=30314'>Next<\/a>\n\t<\/li>\n\n\n    \n\n<li><a href='?page_no=30473'>Last &rsaquo;&rsaquo;<\/a><\/li>\n\n<\/ul>\n\n\n--><br \/>\n<\/body><\/p>\n","protected":false},"excerpt":{"rendered":"<p>Ecuador y M\u00e9xico inician contactos para ampliar acuerdo comercial &#13; Quito.- Los gobiernos de Ecuador y M\u00e9xico dieron este martes luz verde al inicio de un proceso de negociaciones para ampliar un acuerdo comercial vigente entre ambos pa\u00edses desde hace una d\u00e9cada, con el fin de mejorar el intercambio y reducir aranceles.\u00a0 &#13; El ministro [&hellip;]<\/p>\n","protected":false},"author":3,"featured_media":0,"comment_status":"open","ping_status":"open","sticky":false,"template":"","format":"standard","meta":{"footnotes":""},"categories":[18],"tags":[],"class_list":["post-124433","post","type-post","status-publish","format-standard","hentry","category-economia"],"_links":{"self":[{"href":"https:\/\/diariodominicano.com\/index.php?rest_route=\/wp\/v2\/posts\/124433","targetHints":{"allow":["GET"]}}],"collection":[{"href":"https:\/\/diariodominicano.com\/index.php?rest_route=\/wp\/v2\/posts"}],"about":[{"href":"https:\/\/diariodominicano.com\/index.php?rest_route=\/wp\/v2\/types\/post"}],"author":[{"embeddable":true,"href":"https:\/\/diariodominicano.com\/index.php?rest_route=\/wp\/v2\/users\/3"}],"replies":[{"embeddable":true,"href":"https:\/\/diariodominicano.com\/index.php?rest_route=%2Fwp%2Fv2%2Fcomments&post=124433"}],"version-history":[{"count":0,"href":"https:\/\/diariodominicano.com\/index.php?rest_route=\/wp\/v2\/posts\/124433\/revisions"}],"wp:attachment":[{"href":"https:\/\/diariodominicano.com\/index.php?rest_route=%2Fwp%2Fv2%2Fmedia&parent=124433"}],"wp:term":[{"taxonomy":"category","embeddable":true,"href":"https:\/\/diariodominicano.com\/index.php?rest_route=%2Fwp%2Fv2%2Fcategories&post=124433"},{"taxonomy":"post_tag","embeddable":true,"href":"https:\/\/diariodominicano.com\/index.php?rest_route=%2Fwp%2Fv2%2Ftags&post=124433"}],"curies":[{"name":"wp","href":"https:\/\/api.w.org\/{rel}","templated":true}]}}