{"id":124432,"date":"2006-07-05T14:27:12","date_gmt":"2006-07-05T14:27:12","guid":{"rendered":"http:\/\/diariodominicano.ddns.net\/?p=124432"},"modified":"2006-07-05T14:27:12","modified_gmt":"2006-07-05T14:27:12","slug":"funcionarios-califican-de-politiquera-e-irresponsable-declaracion-equipo-economico-del-prd","status":"publish","type":"post","link":"https:\/\/diariodominicano.com\/?p=124432","title":{"rendered":"Funcionarios califican de politiquera e   irresponsable declaraci\u00f3n equipo econ\u00f3mico del PRD"},"content":{"rendered":"<p><body><\/p>\n<p align=\"justify\" class=\"titulogrande1\"><strong>Funcionarios califican de  politiquera e\u00a0\u00a0 irresponsable declaraci\u00f3n  equipo econ\u00f3mico del PRD<\/strong><\/p>\n<p>&#13;<\/p>\n<p align=\"justify\" class=\"text1noticias\"><strong>\u00a0<\/strong><br \/>&#13;<br \/>\n  <span class=\"textogrande\">Por Manuel Hern\u00e1ndez Villeta<\/span><\/p>\n<p>&#13;<\/p>\n<p align=\"justify\" class=\"text1noticias\">SANTO DOMINGO.- Funcionarios  gubernamentales y el secretario general del partido de la Liberaci\u00f3n Dominicana  (PLD) calificaron como una interpretaci\u00f3n politiquera e irresponsables las  declaraciones del Partido Revolucionario Dominicano -PRD- \u00a0de que nuevamente Rep\u00fablica Dominicana haya  dejado pasar la fecha para su ingreso al Tratado de Libre Comercio con Estados  Unidos y Centroam\u00e9rica, por irresponsabilidad oficial.<\/p>\n<p>&#13;<\/p>\n<p align=\"justify\" class=\"text1noticias\">El vicepresidente de la Rep\u00fablica, Rafael  Alburquerque, el Secretario de Industria y Comercio, Francisco Javier Garc\u00eda y  el secretario general del Partido de la Liberaci\u00f3n Dominicana,  Reynaldo Pared P\u00e9rez,\u00a0\u00a0 coincidieron en  declaraciones por separado que\u00a0 una de  las muestras m\u00e1s inequ\u00edvocas de que al Gobierno le interesa el TLC es la  promoci\u00f3n incansable que hace el presidente Leonel Fern\u00e1ndez del mecanismo y la  presencia de unos 300 inversionistas taiwaneses que desean invertir en el pa\u00eds.<\/p>\n<p>&#13;<\/p>\n<p align=\"justify\" class=\"text1noticias\">Alburquerque dijo que \u00abcomo  hemos tenido un \u00e9xito profundo en todo lo que tiene que ver con el desarrollo  econ\u00f3mico del pa\u00eds, l\u00f3gicamente tiene que buscar alg\u00fan argumento, a\u00fan cuando  sea un argumento que no tiene raz\u00f3n de ser para poder atacar al Gobierno\u00bb.<\/p>\n<p>&#13;<\/p>\n<p align=\"justify\" class=\"text1noticias\"><strong>Pared P\u00e9rez<\/strong><\/p>\n<p>&#13;<\/p>\n<p align=\"justify\" class=\"text1noticias\">Mientras que \u00a0Pared P\u00e9rez explic\u00f3 que una de las razones que  impide la entrada del pa\u00eds al DR-Cafta es el hecho de que el Congreso no ha  aprobado la ley sobre contrataciones, concursos y obras del Estado, pese a que  ese hemiciclo es controlado en la actualidad por el partido blanco.<br \/>&#13;<br \/>\n  \u00a0<br \/>&#13;<br \/>\n  Dijo no sorprenderle la  actitud politiquera e irresponsable del PRD, que siempre se conduce de manera  oportunista y tratando de sacar provecho pol\u00edtico de\u00a0 situaciones que en cierta manera afectan al  pa\u00eds.\u00a0 <\/p>\n<p>&#13;<\/p>\n<p align=\"justify\" class=\"text1noticias\">Se\u00f1al\u00f3 que \u00abpor eso es  que yo califico de que es una actitud irresponsable y por dem\u00e1s poliquera  porque ellos debieran ponerse a pensar que ese tratado lo negoci\u00f3 la pasada  administraci\u00f3n en solamente tres meses y este Gobierno, esta administraci\u00f3n es  la que ha tenido que asumir la responsabilidad de enderezar los entuertos que  dej\u00f3 la pasada administraci\u00f3n\u00bb.\u00a0\u00a0\u00a0 <\/p>\n<p>&#13;<\/p>\n<p align=\"justify\" class=\"text1noticias\"><strong>Javier  Garc\u00eda<\/strong><\/p>\n<p>&#13;<\/p>\n<p align=\"justify\" class=\"text1noticias\">El equipo econ\u00f3mico del  Partido Revolucionario Dominicano (PRD) fue calificado de irresponsable por el  secretario de Industria y Comercio, por culpar al Gobierno querer cobrar m\u00e1s  impuestos con la postergaci\u00f3n de la entrada en vigencia del DR-Cafta.<\/p>\n<p>&#13;<\/p>\n<p align=\"justify\" class=\"text1noticias\">Francisco Javier Garc\u00eda dijo  que \u00abes una irresponsabilidad de ese equipo econ\u00f3mico, que yo nunca lo vi  en el gobierno de Hip\u00f3lito Mej\u00eda. Nosotros no vamos entrar al DR-Cafta por  entrar, lo haremos cuando todo est\u00e9 en orden\u00bb.<\/p>\n<p>&#13;<\/p>\n<p align=\"justify\" class=\"text1noticias\">El\u00a0 secretario de Industria y Comercio aclar\u00f3 que  el Gobierno \u00aben vez de cobrar m\u00e1s impuestos lo que est\u00e1 haciendo es  desmontar algunos grav\u00e1menes que caducaron el primero de julio\u201d.<\/p>\n<p>&#13;<\/p>\n<p align=\"justify\" class=\"text1noticias\">Asegur\u00f3 que el gobierno  pierde unos 5 mil millones de pesos por el desmonte del recargo cambiario y la  eliminaci\u00f3n de la factura consular.<\/p>\n<p>&#13;<\/p>\n<p align=\"justify\" class=\"text1noticias\">\u00a0Javier Garc\u00eda agreg\u00f3 que \u00abcuando el PRD  estaba negociando el Tratado de Libre Comercio, el presidente Leonel Fern\u00e1ndez,  en ese entonces candidato presidencial, nos pidi\u00f3 mantenernos al margen de esas  negociaciones por entender que esas discusiones eran discusiones de Estado,  pero a los perrede\u00edstas no se le puede pedir esa nobleza\u00bb.<\/p>\n<p>&#13;<\/p>\n<p align=\"justify\" class=\"text1noticias\"><strong>DR-CAFTA<\/strong><br \/>&#13;<br \/>\n  <strong>\u00a0\u00a0\u00a0\u00a0\u00a0\u00a0\u00a0\u00a0\u00a0\u00a0\u00a0\u00a0\u00a0\u00a0\u00a0 <\/strong><br \/>&#13;<br \/>\n  Javier Garc\u00eda dijo que no  podemos fijar una fecha para la entrada en vigencia del DR-Cafta. \u201cSi decimos  que entraremos el primero de agosto o de septiembre, a lo mejor sea demasiado  tarde y los documentos que faltan por estudiar se haga en una o dos  semanas\u00bb.<\/p>\n<p>&#13;<\/p>\n<p align=\"justify\" class=\"text1noticias\">Explic\u00f3 que de 18 documentos  que tienen pendiente por revisi\u00f3n y segura modificaci\u00f3n, solo han recibido 4,  lo que, a su juicio, dificulta la entrada del convenio comercial con Estados  Unidos y Centroam\u00e9rica.<\/p>\n<p>&#13;<\/p>\n<p align=\"justify\" class=\"text1noticias\">Dijo que los Estados Unidos  tambi\u00e9n exige la verificaci\u00f3n de la documentaci\u00f3n. \u00abLo que yo veo bien,  porque se trata de un acuerdo de gran envergadura\u00bb.<\/p>\n<p>&#13;<\/p>\n<p align=\"justify\" class=\"text1noticias\">Garc\u00eda afirm\u00f3 que cuando  lleg\u00f3 a la Secretar\u00eda  de Industria y Comercio tres sectores del pa\u00eds estaban divididos en torno al  Tratado de Libre Comercio. \u00abUn sector apoyaba parcialmente el Tratado;  otro sector estaba opuesto, y otro lo apoyaba, pero de manera condicional, lo  que oblig\u00f3 al gobierno a sentarse en la mesa del di\u00e1logo con todos los sectores  nacionales\u00bb.<\/p>\n<p>&#13;<\/p>\n<p align=\"justify\" class=\"text1noticias\">El secretario de Industria y  Comercio manifest\u00f3\u00a0 \u00a0que tambi\u00e9n \u00abiniciamos las gestiones para  conseguir los votos en el Congreso estadounidense, fuimos varias veces a  Washington, Nueva York, Florida y New Jersey, donde habr\u00edan legisladores que no  apoyaban el DR-Cafta y que era obligatorio tenerlos a favor porque de lo  contrario el DR-Cafta no iba a pasar\u00bb.<br \/>&#13;<br \/>\n\u00a0\u00a0\u00a0\u00a0\u00a0\u00a0\u00a0\u00a0\u00a0\u00a0\u00a0\u00a0\u00a0\u00a0\u00a0\u00a0\u00a0\u00a0\u00a0\u00a0\u00a0\u00a0\u00a0 <\/p>\n<p>&#13;<\/p>\n<p align=\"justify\" class=\"text1noticias\"><strong>Mart\u00ednez Moya<\/strong><\/p>\n<p>&#13;<\/p>\n<p align=\"justify\" class=\"text1noticias\">Este lunes, Arturo Mart\u00ednez  Moya, secretario econ\u00f3mico del PRD, asegur\u00f3 que la visi\u00f3n fiscalista y la  supuesta confabulaci\u00f3n con sectores productivos atrasados impiden la entrada  del pa\u00eds al DR-Cafta.<\/p>\n<p>&#13;<\/p>\n<p align=\"justify\" class=\"text1noticias\">Consider\u00f3 que el gobierno que  encabeza el Partido de la Liberaci\u00f3n Dominicana comete un grave error para  el pa\u00eds al postergar la ingreso del pa\u00eds al acuerdo econ\u00f3mico, lo que afirma  hace con la \u00fanica intenci\u00f3n de continuar el cobro de impuestos aduanales.<\/p>\n<p>&#13;<\/p>\n<p align=\"justify\" class=\"text1noticias\">La Rep\u00fablica Dominicana qued\u00f3 nuevamente fuera del Tratado de Libre Comercio  con Estados Unidos y Centroam\u00e9rica debido a que, seg\u00fan el Gobierno  estadounidense, el pa\u00eds no ha completado todos los requisitos para su  aplicaci\u00f3n.\u00a0 <br \/>&#13;<br \/>\n  \u00a0<br \/>&#13;<br \/>\n<strong> Luis Toral <\/strong><\/p>\n<p>&#13;<\/p>\n<p align=\"justify\" class=\"text1noticias\">El vicepresidente del Partido  Reformista Social Cristiano (PRSC) dijo \u00a0que con las declaraciones del director de  Presupuesto de que el Gobierno tiene que compensar los 4 mil millones de pesos  del recargo cambiario, las autoridades comienzan a allanar el camino para  introducir otra reforma fiscal en el Congreso Nacional.<\/p>\n<p>&#13;<\/p>\n<p align=\"justify\" class=\"text1noticias\">Luis Toral agreg\u00f3 que hab\u00eda  denunciado que en la carta de intenci\u00f3n sometida por el Gobierno al Fondo  Monetario Internacional (FMI) este se comprometi\u00f3 a someter una nueva reforma  fiscal.<\/p>\n<p>&#13;<\/p>\n<p align=\"justify\" class=\"text1noticias\">El ex gobernador del Banco  Central se\u00f1al\u00f3 que en su denuncia, hecha previa a las elecciones, se\u00f1al\u00f3 que el  presidente Fern\u00e1ndez quer\u00eda el control del Congreso Nacional para establecer  nuevos impuestos, lo que neg\u00f3 el secretario T\u00e9cnico de la Presidencia,  Tem\u00edstocles Mont\u00e1s, pero que ahora, a su entender, \u00a0confirma Hern\u00e1ndez.<\/p>\n<p>&#13;<\/p>\n<p align=\"justify\" class=\"text1noticias\">Expres\u00f3 que \u00abcomo puede  venir con la barbaridad el Director de Presupuesto que el Gobierno necesita  esos cuatro mil millones, cuando ni siquiera el los primeros 8 mil o 10 mil  millones de pesos que cobraron de enero a junio lo necesitaban\u00bb.<\/p>\n<p>&#13;<\/p>\n<p align=\"justify\" class=\"text1noticias\">Dijo que el recargo cambiario  que el Gobierno impuso en la pasada reforma fiscal era ilegal y lo acus\u00f3 querer  m\u00e1s dinero para derrochar.<\/p>\n<p>&#13;<\/p>\n<h6> 2006-07-05 14:27:12 <\/h6>\n<p><!--\n<link rel=\"stylesheet\" href=\"css\/bootstrap.min.css\">\n\n\n<ul class=\"pagination\">\n\t    \n\t\n\n<li >\n\t<a href='?page_no=30311'>Previous<\/a>\n\t<\/li>\n\n\n       \n    \n\n<li><a href='?page_no=1'>1<\/a><\/li>\n\n\n\n<li><a href='?page_no=2'>2<\/a><\/li>\n\n\n\n<li><a>...<\/a><\/li>\n\n\n\n<li><a href='?page_no=30310'>30310<\/a><\/li>\n\n\n\n<li><a href='?page_no=30311'>30311<\/a><\/li>\n\n\n\n<li class='active'><a>30312<\/a><\/li>\n\n\n\n<li><a href='?page_no=30313'>30313<\/a><\/li>\n\n\n\n<li><a href='?page_no=30314'>30314<\/a><\/li>\n\n\n\n<li><a>...<\/a><\/li>\n\n\n\n<li><a href='?page_no=30472'>30472<\/a><\/li>\n\n\n\n<li><a href='?page_no=30473'>30473<\/a><\/li>\n\n    \n\t\n\n<li >\n\t<a href='?page_no=30313'>Next<\/a>\n\t<\/li>\n\n\n    \n\n<li><a href='?page_no=30473'>Last &rsaquo;&rsaquo;<\/a><\/li>\n\n<\/ul>\n\n\n--><br \/>\n<\/body><\/p>\n","protected":false},"excerpt":{"rendered":"<p>Funcionarios califican de politiquera e\u00a0\u00a0 irresponsable declaraci\u00f3n equipo econ\u00f3mico del PRD &#13; \u00a0&#13; Por Manuel Hern\u00e1ndez Villeta &#13; SANTO DOMINGO.- Funcionarios gubernamentales y el secretario general del partido de la Liberaci\u00f3n Dominicana (PLD) calificaron como una interpretaci\u00f3n politiquera e irresponsables las declaraciones del Partido Revolucionario Dominicano -PRD- \u00a0de que nuevamente Rep\u00fablica Dominicana haya dejado pasar [&hellip;]<\/p>\n","protected":false},"author":3,"featured_media":0,"comment_status":"open","ping_status":"open","sticky":false,"template":"","format":"standard","meta":{"footnotes":""},"categories":[18],"tags":[],"class_list":["post-124432","post","type-post","status-publish","format-standard","hentry","category-economia"],"_links":{"self":[{"href":"https:\/\/diariodominicano.com\/index.php?rest_route=\/wp\/v2\/posts\/124432","targetHints":{"allow":["GET"]}}],"collection":[{"href":"https:\/\/diariodominicano.com\/index.php?rest_route=\/wp\/v2\/posts"}],"about":[{"href":"https:\/\/diariodominicano.com\/index.php?rest_route=\/wp\/v2\/types\/post"}],"author":[{"embeddable":true,"href":"https:\/\/diariodominicano.com\/index.php?rest_route=\/wp\/v2\/users\/3"}],"replies":[{"embeddable":true,"href":"https:\/\/diariodominicano.com\/index.php?rest_route=%2Fwp%2Fv2%2Fcomments&post=124432"}],"version-history":[{"count":0,"href":"https:\/\/diariodominicano.com\/index.php?rest_route=\/wp\/v2\/posts\/124432\/revisions"}],"wp:attachment":[{"href":"https:\/\/diariodominicano.com\/index.php?rest_route=%2Fwp%2Fv2%2Fmedia&parent=124432"}],"wp:term":[{"taxonomy":"category","embeddable":true,"href":"https:\/\/diariodominicano.com\/index.php?rest_route=%2Fwp%2Fv2%2Fcategories&post=124432"},{"taxonomy":"post_tag","embeddable":true,"href":"https:\/\/diariodominicano.com\/index.php?rest_route=%2Fwp%2Fv2%2Ftags&post=124432"}],"curies":[{"name":"wp","href":"https:\/\/api.w.org\/{rel}","templated":true}]}}