{"id":124430,"date":"2006-07-06T10:54:18","date_gmt":"2006-07-06T10:54:18","guid":{"rendered":"http:\/\/diariodominicano.ddns.net\/?p=124430"},"modified":"2006-07-06T10:54:18","modified_gmt":"2006-07-06T10:54:18","slug":"se-abre-el-debate-respecto-al-regreso-de-las-tropas-de-irak-3","status":"publish","type":"post","link":"https:\/\/diariodominicano.com\/?p=124430","title":{"rendered":"Se abre el debate respecto al regreso de las tropas de Irak"},"content":{"rendered":"<p><body><\/p>\n<p class=\"titulogrande1\">Se abre el debate respecto al regreso de las tropas de Irak<\/p>\n<p>&#13;<\/p>\n<p class=\"textogrande\">Por H\u00e9ctor J. Peniche<\/p>\n<p>&#13;<\/p>\n<p class=\"text1noticias\">Se ha iniciado el debate en los  Estados Unidos en torno al posible regreso de las tropas estadounidenses  despu\u00e9s de un largo tiempo de ocupaci\u00f3n en Irak. <\/p>\n<p>&#13;<\/p>\n<p class=\"text1noticias\">Todos los medios globales de  informaci\u00f3n de este pa\u00eds desde hace varias semanas \u00a0abrieron el debate sobre el tema, pues el  mismo ocurre en el Congreso y son muchos los senadores republicanos y  dem\u00f3cratas los que se han pronunciado a favor de la retirada de las tropas de  Irak<\/p>\n<p>&#13;<\/p>\n<p class=\"text1noticias\">Dentro de las posiciones m\u00e1s  coherentes, hasta la de un congresista estadounidense \u00a0de que si los Estados Unidos se retiran en  estos momentos lo har\u00edan como h\u00e9roes, patriotas que ya cumplieron una misi\u00f3n  para su Patria. Esta posici\u00f3n parece ser la m\u00e1s aceptable posible, ya que todo el  conflicto de Irak en el que est\u00e1 envuelto \u00a0Estados Unidos, tiene<br \/>&#13;<br \/>\n  una parte pol\u00edtica y otra humana  y \u00a0a veces son irreconciliables. En ello,  tambi\u00e9n la voluntad del orgullo patrio.<\/p>\n<p>&#13;<\/p>\n<p class=\"text1noticias\">De todas maneras, el debate est\u00e1  abierto y las elecciones congresuales del mes de noviembre de este a\u00f1o ampl\u00edan \u00a0este escenario para conocer cu\u00e1les son las  ideas y el pensamiento que tienen los pol\u00edticos y la ciudadan\u00eda de este pa\u00eds  sobre el congreso respecto a \u00a0las tropas  desde Irak.<\/p>\n<p>&#13;<\/p>\n<p class=\"text1noticias\">\u00a0Adem\u00e1s, las posiciones que abren el debate de  una posible retirada airosa de las tropas de Estados Unidos en Irak,  coinciden\u00a0 con las posiciones de naciones  como Italia que est\u00e1 discutiendo la misi\u00f3n\u00a0  de ese pa\u00eds conjuntamente con las dem\u00e1s tropas aliadas y ver cu\u00e1l es el futuro  de esa misi\u00f3n conjunta.<\/p>\n<p>&#13;<\/p>\n<p class=\"text1noticias\">Si le podemos adelantar que sobre  este tema internacional no tendremos descansos para escribir su desarrollo que  es tan delicado y doloroso al mismo tiempo. <\/p>\n<p>&#13;<\/p>\n<p class=\"text1noticias\">Muchas \u00a0las naciones del mundo han puesto sangre en  este conflicto, porque no hay una parte del mundo que no tenga un soldado entre  las tropas aliadas apostadas en Irak. De todas maneras pasos en esa direcci\u00f3n  se est\u00e1n dando, en el momento de escribir este articulo.<\/p>\n<p>&#13;<\/p>\n<p class=\"text1noticias\">CNN reportaba que los  congresistas de Estados Unidos piden la reducci\u00f3n de las tropas norteamericanas  en Irak.\u00a0 Seguiremos con el tema. <\/p>\n<p>&#13;<\/p>\n<p class=\"text1noticias\"><strong>H\u00e9ctor J. Peniche es un abogado y  periodista especializado en inmigraci\u00f3n, laureado en Ciencias Pol\u00edticas en la Universita degli Studi,  Italia. Reside en el Estado de New Jersey, U.S.A.<\/strong><\/p>\n<p>&#13;<\/p>\n<p class=\"text1noticias\">\u00a0<\/p>\n<p>&#13;<\/p>\n<h6> 2006-07-06 10:54:18 <\/h6>\n<p><!--\n<link rel=\"stylesheet\" href=\"css\/bootstrap.min.css\">\n\n\n<ul class=\"pagination\">\n\t    \n\t\n\n<li >\n\t<a href='?page_no=30309'>Previous<\/a>\n\t<\/li>\n\n\n       \n    \n\n<li><a href='?page_no=1'>1<\/a><\/li>\n\n\n\n<li><a href='?page_no=2'>2<\/a><\/li>\n\n\n\n<li><a>...<\/a><\/li>\n\n\n\n<li><a href='?page_no=30308'>30308<\/a><\/li>\n\n\n\n<li><a href='?page_no=30309'>30309<\/a><\/li>\n\n\n\n<li class='active'><a>30310<\/a><\/li>\n\n\n\n<li><a href='?page_no=30311'>30311<\/a><\/li>\n\n\n\n<li><a href='?page_no=30312'>30312<\/a><\/li>\n\n\n\n<li><a>...<\/a><\/li>\n\n\n\n<li><a href='?page_no=30472'>30472<\/a><\/li>\n\n\n\n<li><a href='?page_no=30473'>30473<\/a><\/li>\n\n    \n\t\n\n<li >\n\t<a href='?page_no=30311'>Next<\/a>\n\t<\/li>\n\n\n    \n\n<li><a href='?page_no=30473'>Last &rsaquo;&rsaquo;<\/a><\/li>\n\n<\/ul>\n\n\n--><br \/>\n<\/body><\/p>\n","protected":false},"excerpt":{"rendered":"<p>Se abre el debate respecto al regreso de las tropas de Irak &#13; Por H\u00e9ctor J. Peniche &#13; Se ha iniciado el debate en los Estados Unidos en torno al posible regreso de las tropas estadounidenses despu\u00e9s de un largo tiempo de ocupaci\u00f3n en Irak. &#13; Todos los medios globales de informaci\u00f3n de este pa\u00eds [&hellip;]<\/p>\n","protected":false},"author":3,"featured_media":0,"comment_status":"open","ping_status":"open","sticky":false,"template":"","format":"standard","meta":{"footnotes":""},"categories":[18],"tags":[],"class_list":["post-124430","post","type-post","status-publish","format-standard","hentry","category-economia"],"_links":{"self":[{"href":"https:\/\/diariodominicano.com\/index.php?rest_route=\/wp\/v2\/posts\/124430","targetHints":{"allow":["GET"]}}],"collection":[{"href":"https:\/\/diariodominicano.com\/index.php?rest_route=\/wp\/v2\/posts"}],"about":[{"href":"https:\/\/diariodominicano.com\/index.php?rest_route=\/wp\/v2\/types\/post"}],"author":[{"embeddable":true,"href":"https:\/\/diariodominicano.com\/index.php?rest_route=\/wp\/v2\/users\/3"}],"replies":[{"embeddable":true,"href":"https:\/\/diariodominicano.com\/index.php?rest_route=%2Fwp%2Fv2%2Fcomments&post=124430"}],"version-history":[{"count":0,"href":"https:\/\/diariodominicano.com\/index.php?rest_route=\/wp\/v2\/posts\/124430\/revisions"}],"wp:attachment":[{"href":"https:\/\/diariodominicano.com\/index.php?rest_route=%2Fwp%2Fv2%2Fmedia&parent=124430"}],"wp:term":[{"taxonomy":"category","embeddable":true,"href":"https:\/\/diariodominicano.com\/index.php?rest_route=%2Fwp%2Fv2%2Fcategories&post=124430"},{"taxonomy":"post_tag","embeddable":true,"href":"https:\/\/diariodominicano.com\/index.php?rest_route=%2Fwp%2Fv2%2Ftags&post=124430"}],"curies":[{"name":"wp","href":"https:\/\/api.w.org\/{rel}","templated":true}]}}