{"id":124429,"date":"2006-07-06T10:56:10","date_gmt":"2006-07-06T10:56:10","guid":{"rendered":"http:\/\/diariodominicano.ddns.net\/?p=124429"},"modified":"2006-07-06T10:56:10","modified_gmt":"2006-07-06T10:56:10","slug":"ex-presidente-luis-echeverria-niega-responsabilidad-en-matanza","status":"publish","type":"post","link":"https:\/\/diariodominicano.com\/?p=124429","title":{"rendered":"Ex presidente Luis Echeverr\u00eda niega responsabilidad en matanza"},"content":{"rendered":"<p><body><\/p>\n<p align=\"justify\" class=\"titulogrande1\">Ex presidente  Luis Echeverr\u00eda niega responsabilidad en matanza<\/p>\n<p>&#13;<\/p>\n<p align=\"justify\" class=\"text1noticias\">CIUDAD MEXICO.-  El ex presidente Luis Echeverr\u00eda \u00c1lvarez se declar\u00f3 inocente de los hechos de  violencia ocurridos el 2 de octubre de 1968 en Tlatelolco, y asegur\u00f3 en su  declaraci\u00f3n preparatoria que los muertos \u201443 militares y estudiantes\u2014fueron  resultado de un enfrentamiento y no de una pol\u00edtica de Estado de exterminio. <br \/>&#13;<br \/>\n  <br \/>&#13;<br \/>\n  Al rendir por escrito su declaraci\u00f3n  preparatoria ante el juez federal Ranulfo Castillo Mendoza, Luis Echeverr\u00eda  consider\u00f3 que es absurdo considerar que se cometi\u00f3 genocidio contra el  estudiantado nacional, pues insisti\u00f3 en que los muertos del 2 de octubre del 68  fueron resultado del enfrentamiento entre quienes disparaban y no de la  intenci\u00f3n de destruir total o parcialmente a los estudiantes como lo pretende  hacer ver la   Fiscal\u00eda Especial para Movimientos Sociales y Pol\u00edticos del  Pasado (Femospp). <br \/>&#13;<br \/>\n  <br \/>&#13;<br \/>\n  En cinco cuartillas entregadas al juez  Castillo Mendoza, el ex presidente se\u00f1al\u00f3 que si bien nada prueba su presunta  responsabilidad en los hechos de violencia del 2 de octubre de 1968, en el  supuesto de un delito que se le pretende atribuir a \u00e9l, la acci\u00f3n penal se  extingui\u00f3 ya por haber prescrito el delito. <br \/>&#13;<br \/>\n  <br \/>&#13;<br \/>\n  Explic\u00f3 que los 30 a\u00f1os que marca la ley  para la prescripci\u00f3n del delito que ahora se le pretende atribuir se consum\u00f3 el  10 de noviembre del 2005 y ni la denuncia presentada el 2 de octubre de 1998 ni  ninguna otra acci\u00f3n interrumpieron la prescripci\u00f3n. <br \/>&#13;<br \/>\n  <br \/>&#13;<br \/>\n  Mientras se desarrollaba la declaraci\u00f3n  preparatoria del ex presidente Luis Echeverr\u00eda \u00c1lvarez en su casa, ubicada en  Magnolia 131, col San Jer\u00f3nimo L\u00eddice, un grupo de representantes del Comit\u00e9  del 68 se present\u00f3 a las afueras de la residencia del ex mandatario para gritar  y colocar mantas alusivas al 2 de octubre de 1968. <br \/>&#13;<br \/>\n  <br \/>&#13;<br \/>\n  En ellas, acusaron al ex presidente de  genocida y pidieron que se le abra juicio por este caso. Las mantas y los  carteles dec\u00edan que el 2 de octubre no se olvida y c\u00e1rcel para el genocida Luis  Echeverr\u00eda. <br \/>&#13;<br \/>\n  <br \/>&#13;<br \/>\n  Al filo de las 15:40 horas arrib\u00f3 el  juez Arnulfo Castillo Mendoza e ingres\u00f3 r\u00e1pidamente a la residencia del ex  presidente Echeverr\u00eda \u00c1lvarez, lo mismo que un fiscal adscrito a la oficina de la Femospp. La audiencia  termin\u00f3 a las 17:15 horas, casi una hora y media despu\u00e9s del ingreso del juez. <br \/>&#13;<br \/>\n  <br \/>&#13;<br \/>\n  El abogado Juan Vel\u00e1zquez, defensor del  ex presidente Luis Echeverr\u00eda \u00c1lvarez, pidi\u00f3 al juez ampliar el plazo  constitucional de 72 horas hasta 144, con la finalidad de aportar y desahogar  las pruebas de descargo que vienen enumeradas en la declaraci\u00f3n preparatoria  que present\u00f3 el ex mandatario. <br \/>&#13;<br \/>\n  <br \/>&#13;<br \/>\n  De tal forma podr\u00eda ser hasta el pr\u00f3ximo  domingo cuando el juez Castillo Mendoza decida si dicta o no la formal prisi\u00f3n  a Echeverr\u00eda \u00c1lvarez. En tanto, los representantes del Comit\u00e9 del 68 pidieron  que el juez encargado del caso act\u00fae con firmeza y someta a juicio al ex  mandatario por el delito de genocidio, al considerar \u2014seg\u00fan ellos\u2014 que est\u00e1  probado que Echeverr\u00eda \u00c1lvarez orden\u00f3 una matanza de estudiantes el 2 de  octubre de 1968. <br \/>&#13;<br \/>\n  <br \/>&#13;<br \/>\n  Los inconformes criticaron la actitud  del juez de acudir hasta el domicilio del ex presidente para tomarle la  declaraci\u00f3n. \u201cSe brindaron muchos beneficios y delicadezas para un genocida\u201d,  gritaron una y otra vez los representantes del Comit\u00e9 del 68, que pidieron  tambi\u00e9n a gritos que la audiencia fuera p\u00fablica.<\/p>\n<h6> 2006-07-06 10:56:10 <\/h6>\n<p><!--\n<link rel=\"stylesheet\" href=\"css\/bootstrap.min.css\">\n\n\n<ul class=\"pagination\">\n\t    \n\t\n\n<li >\n\t<a href='?page_no=30308'>Previous<\/a>\n\t<\/li>\n\n\n       \n    \n\n<li><a href='?page_no=1'>1<\/a><\/li>\n\n\n\n<li><a href='?page_no=2'>2<\/a><\/li>\n\n\n\n<li><a>...<\/a><\/li>\n\n\n\n<li><a href='?page_no=30307'>30307<\/a><\/li>\n\n\n\n<li><a href='?page_no=30308'>30308<\/a><\/li>\n\n\n\n<li class='active'><a>30309<\/a><\/li>\n\n\n\n<li><a href='?page_no=30310'>30310<\/a><\/li>\n\n\n\n<li><a href='?page_no=30311'>30311<\/a><\/li>\n\n\n\n<li><a>...<\/a><\/li>\n\n\n\n<li><a href='?page_no=30472'>30472<\/a><\/li>\n\n\n\n<li><a href='?page_no=30473'>30473<\/a><\/li>\n\n    \n\t\n\n<li >\n\t<a href='?page_no=30310'>Next<\/a>\n\t<\/li>\n\n\n    \n\n<li><a href='?page_no=30473'>Last &rsaquo;&rsaquo;<\/a><\/li>\n\n<\/ul>\n\n\n--><br \/>\n<\/body><\/p>\n","protected":false},"excerpt":{"rendered":"<p>Ex presidente Luis Echeverr\u00eda niega responsabilidad en matanza &#13; CIUDAD MEXICO.- El ex presidente Luis Echeverr\u00eda \u00c1lvarez se declar\u00f3 inocente de los hechos de violencia ocurridos el 2 de octubre de 1968 en Tlatelolco, y asegur\u00f3 en su declaraci\u00f3n preparatoria que los muertos \u201443 militares y estudiantes\u2014fueron resultado de un enfrentamiento y no de una [&hellip;]<\/p>\n","protected":false},"author":3,"featured_media":0,"comment_status":"open","ping_status":"open","sticky":false,"template":"","format":"standard","meta":{"footnotes":""},"categories":[18],"tags":[],"class_list":["post-124429","post","type-post","status-publish","format-standard","hentry","category-economia"],"_links":{"self":[{"href":"https:\/\/diariodominicano.com\/index.php?rest_route=\/wp\/v2\/posts\/124429","targetHints":{"allow":["GET"]}}],"collection":[{"href":"https:\/\/diariodominicano.com\/index.php?rest_route=\/wp\/v2\/posts"}],"about":[{"href":"https:\/\/diariodominicano.com\/index.php?rest_route=\/wp\/v2\/types\/post"}],"author":[{"embeddable":true,"href":"https:\/\/diariodominicano.com\/index.php?rest_route=\/wp\/v2\/users\/3"}],"replies":[{"embeddable":true,"href":"https:\/\/diariodominicano.com\/index.php?rest_route=%2Fwp%2Fv2%2Fcomments&post=124429"}],"version-history":[{"count":0,"href":"https:\/\/diariodominicano.com\/index.php?rest_route=\/wp\/v2\/posts\/124429\/revisions"}],"wp:attachment":[{"href":"https:\/\/diariodominicano.com\/index.php?rest_route=%2Fwp%2Fv2%2Fmedia&parent=124429"}],"wp:term":[{"taxonomy":"category","embeddable":true,"href":"https:\/\/diariodominicano.com\/index.php?rest_route=%2Fwp%2Fv2%2Fcategories&post=124429"},{"taxonomy":"post_tag","embeddable":true,"href":"https:\/\/diariodominicano.com\/index.php?rest_route=%2Fwp%2Fv2%2Ftags&post=124429"}],"curies":[{"name":"wp","href":"https:\/\/api.w.org\/{rel}","templated":true}]}}