{"id":124425,"date":"2006-07-07T17:19:27","date_gmt":"2006-07-07T17:19:27","guid":{"rendered":"http:\/\/diariodominicano.ddns.net\/?p=124425"},"modified":"2006-07-07T17:19:27","modified_gmt":"2006-07-07T17:19:27","slug":"por-discriminar-a-minorias-hace-diez-anos-sector-federal-demanda-a-supermercados","status":"publish","type":"post","link":"https:\/\/diariodominicano.com\/?p=124425","title":{"rendered":"Por discriminar a minor\u00edas hace diez a\u00f1os, sector federal demanda a supermercados"},"content":{"rendered":"<p><body><\/p>\n<p align=\"justify\" class=\"titulogrande1\">Por discriminar a minor\u00edas  hace diez a\u00f1os, sector federal demanda a supermercados <\/p>\n<p>&#13;<\/p>\n<p align=\"justify\" class=\"text1noticias\">Denver (EEUU).- La Comisi\u00f3n de Oportunidades  Equitativas en el Trabajo de EEUU entabl\u00f3 una demanda contra una red de  supermercados de la ciudad de Aurora, en el estado de Colorado, por discriminar  desde hace diez a\u00f1os a empleados hispanos y negros.\u00a0 <\/p>\n<p>&#13;<\/p>\n<p align=\"justify\" class=\"text1noticias\">Seg\u00fan el organismo federal  (cuyas siglas en ingl\u00e9s son EEOC), los miembros de grupos \u00e9tnicos minoritarios  que trabajaban en el almac\u00e9n y centro de distribuci\u00f3n de los supermercados  Albertsons fueron objeto de reiterados insultos raciales y actitudes  discriminatorias.<\/p>\n<p>&#13;<\/p>\n<p align=\"justify\" class=\"text1noticias\">Entre los indicios de  discriminaci\u00f3n enumerados por la   EEOC figuran dibujos e insultos raciales en los muros de los  ba\u00f1os, palabras denigrantes sobre los hispanos y los negros pintadas en otras  paredes y en los estantes del almac\u00e9n, y hasta im\u00e1genes de personas de esos  colectivos con una cuerda alrededor del cuello.<\/p>\n<p>&#13;<\/p>\n<p align=\"justify\" class=\"text1noticias\">Adem\u00e1s, los investigadores de  la EEOC afirman  que algunos trabajadores anglosajones empleaban habitualmente ep\u00edtetos  irrespetuosos para referirse a sus compa\u00f1eros hispanos y negros, y que a \u00e9stos  se les encomendaban los trabajos menos deseables.<\/p>\n<p>&#13;<\/p>\n<p align=\"justify\" class=\"text1noticias\">Seg\u00fan la EEOC, los directivos de  Albertsons no actuaron para impedir la discriminaci\u00f3n, pese a las quejas recibidas  al respecto, ni quisieron llegar a un acuerdo extrajudicial que hubiese evitado  la demanda, presentada ante un tribunal de Denver.<br \/>&#13;<br \/>\n  <br \/>&#13;<br \/>\n  A principios de a\u00f1o,  Albertsons, que tiene 58 tiendas en Colorado, lleg\u00f3 a un acuerdo extrajudicial  con Matthew Ricks, un ex empleado negro del almac\u00e9n en Aurora (al este de  Denver), quien hab\u00eda acusado a su supervisor de acoso f\u00edsico y verbal, sin que  se divulgaran los detalles de ese compromiso.\u00a0 <\/p>\n<p>&#13;<\/p>\n<h6> 2006-07-07 17:19:27 <\/h6>\n<p><!--\n<link rel=\"stylesheet\" href=\"css\/bootstrap.min.css\">\n\n\n<ul class=\"pagination\">\n\t    \n\t\n\n<li >\n\t<a href='?page_no=30304'>Previous<\/a>\n\t<\/li>\n\n\n       \n    \n\n<li><a href='?page_no=1'>1<\/a><\/li>\n\n\n\n<li><a href='?page_no=2'>2<\/a><\/li>\n\n\n\n<li><a>...<\/a><\/li>\n\n\n\n<li><a href='?page_no=30303'>30303<\/a><\/li>\n\n\n\n<li><a href='?page_no=30304'>30304<\/a><\/li>\n\n\n\n<li class='active'><a>30305<\/a><\/li>\n\n\n\n<li><a href='?page_no=30306'>30306<\/a><\/li>\n\n\n\n<li><a href='?page_no=30307'>30307<\/a><\/li>\n\n\n\n<li><a>...<\/a><\/li>\n\n\n\n<li><a href='?page_no=30472'>30472<\/a><\/li>\n\n\n\n<li><a href='?page_no=30473'>30473<\/a><\/li>\n\n    \n\t\n\n<li >\n\t<a href='?page_no=30306'>Next<\/a>\n\t<\/li>\n\n\n    \n\n<li><a href='?page_no=30473'>Last &rsaquo;&rsaquo;<\/a><\/li>\n\n<\/ul>\n\n\n--><br \/>\n<\/body><\/p>\n","protected":false},"excerpt":{"rendered":"<p>Por discriminar a minor\u00edas hace diez a\u00f1os, sector federal demanda a supermercados &#13; Denver (EEUU).- La Comisi\u00f3n de Oportunidades Equitativas en el Trabajo de EEUU entabl\u00f3 una demanda contra una red de supermercados de la ciudad de Aurora, en el estado de Colorado, por discriminar desde hace diez a\u00f1os a empleados hispanos y negros.\u00a0 &#13; [&hellip;]<\/p>\n","protected":false},"author":3,"featured_media":0,"comment_status":"open","ping_status":"open","sticky":false,"template":"","format":"standard","meta":{"footnotes":""},"categories":[18],"tags":[],"class_list":["post-124425","post","type-post","status-publish","format-standard","hentry","category-economia"],"_links":{"self":[{"href":"https:\/\/diariodominicano.com\/index.php?rest_route=\/wp\/v2\/posts\/124425","targetHints":{"allow":["GET"]}}],"collection":[{"href":"https:\/\/diariodominicano.com\/index.php?rest_route=\/wp\/v2\/posts"}],"about":[{"href":"https:\/\/diariodominicano.com\/index.php?rest_route=\/wp\/v2\/types\/post"}],"author":[{"embeddable":true,"href":"https:\/\/diariodominicano.com\/index.php?rest_route=\/wp\/v2\/users\/3"}],"replies":[{"embeddable":true,"href":"https:\/\/diariodominicano.com\/index.php?rest_route=%2Fwp%2Fv2%2Fcomments&post=124425"}],"version-history":[{"count":0,"href":"https:\/\/diariodominicano.com\/index.php?rest_route=\/wp\/v2\/posts\/124425\/revisions"}],"wp:attachment":[{"href":"https:\/\/diariodominicano.com\/index.php?rest_route=%2Fwp%2Fv2%2Fmedia&parent=124425"}],"wp:term":[{"taxonomy":"category","embeddable":true,"href":"https:\/\/diariodominicano.com\/index.php?rest_route=%2Fwp%2Fv2%2Fcategories&post=124425"},{"taxonomy":"post_tag","embeddable":true,"href":"https:\/\/diariodominicano.com\/index.php?rest_route=%2Fwp%2Fv2%2Ftags&post=124425"}],"curies":[{"name":"wp","href":"https:\/\/api.w.org\/{rel}","templated":true}]}}