{"id":124424,"date":"2006-07-07T17:20:28","date_gmt":"2006-07-07T17:20:28","guid":{"rendered":"http:\/\/diariodominicano.ddns.net\/?p=124424"},"modified":"2006-07-07T17:20:28","modified_gmt":"2006-07-07T17:20:28","slug":"iberia-se-apresta-a-cancelar-200-vuelos-diarios-ante-convocatoria-a-paro","status":"publish","type":"post","link":"https:\/\/diariodominicano.com\/?p=124424","title":{"rendered":"Iberia se apresta a cancelar 200 vuelos diarios, ante convocatoria a paro"},"content":{"rendered":"<p><body><\/p>\n<p align=\"justify\" class=\"titulogrande1\"><strong>Iberia se apresta a cancelar  200 vuelos diarios, ante convocatoria a paro<\/strong><\/p>\n<p>&#13;<\/p>\n<p align=\"justify\" class=\"text1noticias\">Madrid.- Iberia cancelar\u00e1 m\u00e1s  de 200 vuelos diarios que afectar\u00e1n a m\u00e1s de 200.000 viajeros durante la semana  de huelga convocada por la secci\u00f3n sindical del Sindicato Espa\u00f1ol de Pilotos de  L\u00edneas A\u00e9reas (Sepla) en la aerol\u00ednea, entre el 10 y el 16 de julio.\u00a0 <\/p>\n<p>&#13;<\/p>\n<p align=\"justify\" class=\"text1noticias\">La compa\u00f1\u00eda lamenta los  perjuicios que sufrir\u00e1n sus clientes en unas fechas en que muchos de ellos  inician sus vacaciones, por lo que intenta y seguir\u00e1 intentando en los pr\u00f3ximos  d\u00edas llegar a acuerdos con los pilotos por una huelga que la direcci\u00f3n de la  empresa considera \u00ababusiva y desproporcionada\u00bb.<\/p>\n<p>&#13;<\/p>\n<p align=\"justify\" class=\"text1noticias\">Los servicios m\u00ednimos  establecidos por el Ministerio de Fomento garantizan todos los vuelos  nacionales con Canarias y Baleares, con Africa y Pr\u00f3ximo Oriente; la mayor\u00eda de  los vuelos de largo radio y aproximadamente la mitad de los europeos y  peninsulares.<\/p>\n<p>&#13;<\/p>\n<p align=\"justify\" class=\"text1noticias\">Tambi\u00e9n queda garantizado el  77 por ciento de los vuelos del Puente a\u00e9reo entre Madrid y Barcelona.<br \/>&#13;<br \/>\n  Los vuelos operados por Iberia  Regional Air Nostrum y los operados en c\u00f3digo compartido con otras aerol\u00edneas  no ser ver\u00e1n afectados por la huelga.<\/p>\n<p>&#13;<\/p>\n<p align=\"justify\" class=\"text1noticias\">Los clientes cuyo vuelo est\u00e9  cancelado deber\u00e1n dirigirse a la oficina de Iberia o agencia de viajes donde  adquirieron el billete para que le informen de las distintas alternativas de  vuelo dentro de las limitadas posibilidades que ofrece esta \u00e9poca del a\u00f1o.<\/p>\n<p>&#13;<\/p>\n<p align=\"justify\" class=\"text1noticias\">Iberia devolver\u00e1 el importe  de los billete o permitir\u00e1 el cambio de fecha a los clientes con alg\u00fan vuelo  entre el 10 y el 16 de julio que lo soliciten.<\/p>\n<p>&#13;<\/p>\n<p align=\"justify\" class=\"text1noticias\">Las devoluciones y cambios de  fecha estar\u00e1n permitidos hasta el 31 de julio con validez del nuevo billete, en  su caso, hasta el 31 de diciembre de este a\u00f1o.<\/p>\n<p>&#13;<\/p>\n<p align=\"justify\" class=\"text1noticias\">En la p\u00e1gina web de Iberia,  www.iberia.com se incluir\u00e1n los listados de todos los vuelos afectados y en  d\u00edas sucesivos la compa\u00f1\u00eda a\u00e9rea ir\u00e1 informando puntualmente.<\/p>\n<h6> 2006-07-07 17:20:28 <\/h6>\n<p><!--\n<link rel=\"stylesheet\" href=\"css\/bootstrap.min.css\">\n\n\n<ul class=\"pagination\">\n\t    \n\t\n\n<li >\n\t<a href='?page_no=30303'>Previous<\/a>\n\t<\/li>\n\n\n       \n    \n\n<li><a href='?page_no=1'>1<\/a><\/li>\n\n\n\n<li><a href='?page_no=2'>2<\/a><\/li>\n\n\n\n<li><a>...<\/a><\/li>\n\n\n\n<li><a href='?page_no=30302'>30302<\/a><\/li>\n\n\n\n<li><a href='?page_no=30303'>30303<\/a><\/li>\n\n\n\n<li class='active'><a>30304<\/a><\/li>\n\n\n\n<li><a href='?page_no=30305'>30305<\/a><\/li>\n\n\n\n<li><a href='?page_no=30306'>30306<\/a><\/li>\n\n\n\n<li><a>...<\/a><\/li>\n\n\n\n<li><a href='?page_no=30472'>30472<\/a><\/li>\n\n\n\n<li><a href='?page_no=30473'>30473<\/a><\/li>\n\n    \n\t\n\n<li >\n\t<a href='?page_no=30305'>Next<\/a>\n\t<\/li>\n\n\n    \n\n<li><a href='?page_no=30473'>Last &rsaquo;&rsaquo;<\/a><\/li>\n\n<\/ul>\n\n\n--><br \/>\n<\/body><\/p>\n","protected":false},"excerpt":{"rendered":"<p>Iberia se apresta a cancelar 200 vuelos diarios, ante convocatoria a paro &#13; Madrid.- Iberia cancelar\u00e1 m\u00e1s de 200 vuelos diarios que afectar\u00e1n a m\u00e1s de 200.000 viajeros durante la semana de huelga convocada por la secci\u00f3n sindical del Sindicato Espa\u00f1ol de Pilotos de L\u00edneas A\u00e9reas (Sepla) en la aerol\u00ednea, entre el 10 y el [&hellip;]<\/p>\n","protected":false},"author":3,"featured_media":0,"comment_status":"open","ping_status":"open","sticky":false,"template":"","format":"standard","meta":{"footnotes":""},"categories":[18],"tags":[],"class_list":["post-124424","post","type-post","status-publish","format-standard","hentry","category-economia"],"_links":{"self":[{"href":"https:\/\/diariodominicano.com\/index.php?rest_route=\/wp\/v2\/posts\/124424","targetHints":{"allow":["GET"]}}],"collection":[{"href":"https:\/\/diariodominicano.com\/index.php?rest_route=\/wp\/v2\/posts"}],"about":[{"href":"https:\/\/diariodominicano.com\/index.php?rest_route=\/wp\/v2\/types\/post"}],"author":[{"embeddable":true,"href":"https:\/\/diariodominicano.com\/index.php?rest_route=\/wp\/v2\/users\/3"}],"replies":[{"embeddable":true,"href":"https:\/\/diariodominicano.com\/index.php?rest_route=%2Fwp%2Fv2%2Fcomments&post=124424"}],"version-history":[{"count":0,"href":"https:\/\/diariodominicano.com\/index.php?rest_route=\/wp\/v2\/posts\/124424\/revisions"}],"wp:attachment":[{"href":"https:\/\/diariodominicano.com\/index.php?rest_route=%2Fwp%2Fv2%2Fmedia&parent=124424"}],"wp:term":[{"taxonomy":"category","embeddable":true,"href":"https:\/\/diariodominicano.com\/index.php?rest_route=%2Fwp%2Fv2%2Fcategories&post=124424"},{"taxonomy":"post_tag","embeddable":true,"href":"https:\/\/diariodominicano.com\/index.php?rest_route=%2Fwp%2Fv2%2Ftags&post=124424"}],"curies":[{"name":"wp","href":"https:\/\/api.w.org\/{rel}","templated":true}]}}