{"id":124422,"date":"2006-07-07T17:35:31","date_gmt":"2006-07-07T17:35:31","guid":{"rendered":"http:\/\/diariodominicano.ddns.net\/?p=124422"},"modified":"2006-07-07T17:35:31","modified_gmt":"2006-07-07T17:35:31","slug":"fmi-quita-importancia-a-impacto-de-disputa-politica-en-economia","status":"publish","type":"post","link":"https:\/\/diariodominicano.com\/?p=124422","title":{"rendered":"FMI quita importancia a impacto de disputa pol\u00edtica en econom\u00eda"},"content":{"rendered":"<p><body><\/p>\n<p align=\"justify\" class=\"titulogrande1\"><strong>FMI quita importancia a impacto de disputa pol\u00edtica en econom\u00eda<\/strong> <\/p>\n<p>&#13;<\/p>\n<p align=\"justify\" class=\"text1noticias\">Washington.-  El Fondo Monetario Internacional (FMI) calific\u00f3 \u00a0como \u00abnormales\u00bb las fluctuaciones de  la bolsa mexicana debido a la incertidumbre sobre los resultados de los  comicios y destac\u00f3 la fortaleza de la econom\u00eda de ese pa\u00eds.<\/p>\n<p>&#13;<\/p>\n<p align=\"justify\" class=\"text1noticias\">\u00abEs normal  que los mercados fluct\u00faen cuando se celebran elecciones presidenciales\u00bb,  dijo el portavoz del FMI, Masood Ahmed.<br \/>&#13;<br \/>\n  <br \/>&#13;<br \/>\n\u00abSi se  mira hacia adelante, M\u00e9xico tiene factores s\u00f3lidos importantes que han  permitido al pa\u00eds ser resistente a los acontecimientos\u00bb, a\u00f1adi\u00f3.<br \/>&#13;<br \/>\n  <br \/>&#13;<br \/>\n  La Bolsa Mexicana de Valores baj\u00f3 el mi\u00e9rcoles m\u00e1s del 4  por ciento, en lo que supuso la tercera mayor p\u00e9rdida del a\u00f1o, debido en parte  a la situaci\u00f3n de indefinici\u00f3n en torno a las elecciones, seg\u00fan los analistas.<br \/>&#13;<br \/>\n  Sin embargo, hoy se recuper\u00f3 y cerr\u00f3 con una subida del 2,73 por ciento.<br \/>&#13;<br \/>\n  <br \/>&#13;<br \/>\n  El recuento  definitivo de votos de los comicios presidenciales celebrados el pasado domingo  da una ventaja de 236.000 votos al conservador Felipe Calder\u00f3n, del Partido Acci\u00f3n  Nacional (PAN, en el gobierno), sobre Andr\u00e9s Manuel L\u00f3pez Obrador, del Partido  de la   Revoluci\u00f3n Democr\u00e1tica (PRD, de izquierdas).<br \/>&#13;<br \/>\n  <br \/>&#13;<br \/>\n  L\u00f3pez Obrador  dijo hoy que impugnar\u00e1 la elecci\u00f3n ante la justicia y que convocar\u00e1 a sus  seguidores a una manifestaci\u00f3n en Ciudad de M\u00e9xico.<\/p>\n<p>&#13;<\/p>\n<h6> 2006-07-07 17:35:31 <\/h6>\n<p><!--\n<link rel=\"stylesheet\" href=\"css\/bootstrap.min.css\">\n\n\n<ul class=\"pagination\">\n\t    \n\t\n\n<li >\n\t<a href='?page_no=30301'>Previous<\/a>\n\t<\/li>\n\n\n       \n    \n\n<li><a href='?page_no=1'>1<\/a><\/li>\n\n\n\n<li><a href='?page_no=2'>2<\/a><\/li>\n\n\n\n<li><a>...<\/a><\/li>\n\n\n\n<li><a href='?page_no=30300'>30300<\/a><\/li>\n\n\n\n<li><a href='?page_no=30301'>30301<\/a><\/li>\n\n\n\n<li class='active'><a>30302<\/a><\/li>\n\n\n\n<li><a href='?page_no=30303'>30303<\/a><\/li>\n\n\n\n<li><a href='?page_no=30304'>30304<\/a><\/li>\n\n\n\n<li><a>...<\/a><\/li>\n\n\n\n<li><a href='?page_no=30472'>30472<\/a><\/li>\n\n\n\n<li><a href='?page_no=30473'>30473<\/a><\/li>\n\n    \n\t\n\n<li >\n\t<a href='?page_no=30303'>Next<\/a>\n\t<\/li>\n\n\n    \n\n<li><a href='?page_no=30473'>Last &rsaquo;&rsaquo;<\/a><\/li>\n\n<\/ul>\n\n\n--><br \/>\n<\/body><\/p>\n","protected":false},"excerpt":{"rendered":"<p>FMI quita importancia a impacto de disputa pol\u00edtica en econom\u00eda &#13; Washington.- El Fondo Monetario Internacional (FMI) calific\u00f3 \u00a0como \u00abnormales\u00bb las fluctuaciones de la bolsa mexicana debido a la incertidumbre sobre los resultados de los comicios y destac\u00f3 la fortaleza de la econom\u00eda de ese pa\u00eds. &#13; \u00abEs normal que los mercados fluct\u00faen cuando se [&hellip;]<\/p>\n","protected":false},"author":3,"featured_media":0,"comment_status":"open","ping_status":"open","sticky":false,"template":"","format":"standard","meta":{"footnotes":""},"categories":[18],"tags":[],"class_list":["post-124422","post","type-post","status-publish","format-standard","hentry","category-economia"],"_links":{"self":[{"href":"https:\/\/diariodominicano.com\/index.php?rest_route=\/wp\/v2\/posts\/124422","targetHints":{"allow":["GET"]}}],"collection":[{"href":"https:\/\/diariodominicano.com\/index.php?rest_route=\/wp\/v2\/posts"}],"about":[{"href":"https:\/\/diariodominicano.com\/index.php?rest_route=\/wp\/v2\/types\/post"}],"author":[{"embeddable":true,"href":"https:\/\/diariodominicano.com\/index.php?rest_route=\/wp\/v2\/users\/3"}],"replies":[{"embeddable":true,"href":"https:\/\/diariodominicano.com\/index.php?rest_route=%2Fwp%2Fv2%2Fcomments&post=124422"}],"version-history":[{"count":0,"href":"https:\/\/diariodominicano.com\/index.php?rest_route=\/wp\/v2\/posts\/124422\/revisions"}],"wp:attachment":[{"href":"https:\/\/diariodominicano.com\/index.php?rest_route=%2Fwp%2Fv2%2Fmedia&parent=124422"}],"wp:term":[{"taxonomy":"category","embeddable":true,"href":"https:\/\/diariodominicano.com\/index.php?rest_route=%2Fwp%2Fv2%2Fcategories&post=124422"},{"taxonomy":"post_tag","embeddable":true,"href":"https:\/\/diariodominicano.com\/index.php?rest_route=%2Fwp%2Fv2%2Ftags&post=124422"}],"curies":[{"name":"wp","href":"https:\/\/api.w.org\/{rel}","templated":true}]}}