{"id":124417,"date":"2006-07-12T11:08:00","date_gmt":"2006-07-12T11:08:00","guid":{"rendered":"http:\/\/diariodominicano.ddns.net\/?p=124417"},"modified":"2025-12-29T01:05:17","modified_gmt":"2025-12-29T05:05:17","slug":"banco-agricola-aumenta-en-un-64-2-la","status":"publish","type":"post","link":"https:\/\/diariodominicano.com\/?p=124417","title":{"rendered":"Banco Agr\u00edcola aumenta en un 64.2% la"},"content":{"rendered":"<p><body><\/p>\n<p align=\"justify\" class=\"titulogrande1\">OEA pide esperar  el fallo de la autoridad electoral mexicana a la impugnaci\u00f3n a los comicios de  ese pa\u00eds <\/p>\n<p>&#13;<\/p>\n<p align=\"justify\" class=\"text1noticias\">SANTO DOMINGO.- El secretario  general de la OEA,  Jos\u00e9 Miguel Insulza, pidi\u00f3 el martes aqu\u00ed esperar el fallo de la autoridad  electoral mexicana a la impugnaci\u00f3n a los comicios de ese pa\u00eds hecha por el  candidato Andr\u00e9s Manuel L\u00f3pez Obrador. <br \/>&#13;<br \/>\n  <br \/>&#13;<br \/>\n  El titular de la Organizaci\u00f3n de  Estados Americanos (OEA), quien asiste en Quito a un foro organizado por la  canciller\u00eda local, dijo que \u201cahora s\u00f3lo cabe esperar que los recursos que se  presentaron sean fallados por el Tribunal Federal Electoral\u201d de M\u00e9xico. <br \/>&#13;<br \/>\n  <br \/>&#13;<br \/>\n  En rueda de prensa, el secretario  general del organismo hemisf\u00e9rico asegur\u00f3 que \u201cnosotros nos atenemos, como  todos los dem\u00e1s, al proceso democr\u00e1tico mexicano tal como est\u00e1 establecido en  la ley\u201d. <br \/>&#13;<br \/>\n  <br \/>&#13;<br \/>\n  Aclar\u00f3 que la OEA tuvo una delegaci\u00f3n en  M\u00e9xico para seguir el desarrollo del proceso electoral, pero no una misi\u00f3n de  observadores, por lo cual a su juicio no le corresponde al organismo hacer una  evaluaci\u00f3n in situ de los comicios. <br \/>&#13;<br \/>\n  <br \/>&#13;<br \/>\n  El tambi\u00e9n ex canciller chileno  record\u00f3 que en su oportunidad \u201cemitimos una declaraci\u00f3n felicitando por la  transparencia y tranquilidad con la que se hab\u00eda llevado el proceso\u201d electoral  en ese pa\u00eds. <br \/>&#13;<br \/>\n  <br \/>&#13;<br \/>\n  A diferencia de los casos en los  que hacemos observaciones, en los que entregamos nuestro veredicto, en este  caso no tenemos los medios, porque no hicimos observaci\u00f3n electoral como en  otros pa\u00edses\u201d, enfatiz\u00f3 el titular de la OEA. <br \/>&#13;<br \/>\n  <br \/>&#13;<br \/>\n  De acuerdo al escrutinio oficial  en M\u00e9xico, el abanderado del Partido Acci\u00f3n Nacional (PAN), Felipe Calder\u00f3n,  gan\u00f3 los comicios del pasado 2 de julio con el 35.88 por ciento de los votos,  mientras L\u00f3pez Obrador alcanz\u00f3 el 35.31 por ciento de los sufragios. <br \/>&#13;<br \/>\n  <br \/>&#13;<br \/>\n  El Tribunal Electoral del Poder  Judicial de la Federaci\u00f3n  (TEPJF) de M\u00e9xico dar\u00e1 su veredicto inapelable sobre las elecciones  presidenciales una vez que estudie los recursos presentados por la coalici\u00f3n  Por el Bien de Todos. <br \/>&#13;<br \/>\n  <br \/>&#13;<br \/>\n  Insulza disert\u00f3 en esta capital  sobre el tema \u201cLa agenda internacional de Am\u00e9rica Latina al 2020\u201d, en un foro que forma  parte de debates promovidos por la canciller\u00eda ecuatoriana para recoger criterios  para dise\u00f1ar una pol\u00edtica exterior de largo plazo. <\/p>\n<p>&#13;<\/p>\n<h6> 2006-07-12 11:08:00 <\/h6>\n<p><!--\n<link rel=\"stylesheet\" href=\"css\/bootstrap.min.css\">\n\n\n<ul class=\"pagination\">\n\t    \n\t\n\n<li >\n\t<a href='?page_no=30296'>Previous<\/a>\n\t<\/li>\n\n\n       \n    \n\n<li><a href='?page_no=1'>1<\/a><\/li>\n\n\n\n<li><a href='?page_no=2'>2<\/a><\/li>\n\n\n\n<li><a>...<\/a><\/li>\n\n\n\n<li><a href='?page_no=30295'>30295<\/a><\/li>\n\n\n\n<li><a href='?page_no=30296'>30296<\/a><\/li>\n\n\n\n<li class='active'><a>30297<\/a><\/li>\n\n\n\n<li><a href='?page_no=30298'>30298<\/a><\/li>\n\n\n\n<li><a href='?page_no=30299'>30299<\/a><\/li>\n\n\n\n<li><a>...<\/a><\/li>\n\n\n\n<li><a href='?page_no=30472'>30472<\/a><\/li>\n\n\n\n<li><a href='?page_no=30473'>30473<\/a><\/li>\n\n    \n\t\n\n<li >\n\t<a href='?page_no=30298'>Next<\/a>\n\t<\/li>\n\n\n    \n\n<li><a href='?page_no=30473'>Last &rsaquo;&rsaquo;<\/a><\/li>\n\n<\/ul>\n\n\n--><br \/>\n<\/body><\/p>\n","protected":false},"excerpt":{"rendered":"<p>OEA pide esperar el fallo de la autoridad electoral mexicana a la impugnaci\u00f3n a los comicios de ese pa\u00eds &#13; SANTO DOMINGO.- El secretario general de la OEA, Jos\u00e9 Miguel Insulza, pidi\u00f3 el martes aqu\u00ed esperar el fallo de la autoridad electoral mexicana a la impugnaci\u00f3n a los comicios de ese pa\u00eds hecha por el [&hellip;]<\/p>\n","protected":false},"author":3,"featured_media":0,"comment_status":"open","ping_status":"open","sticky":false,"template":"","format":"standard","meta":{"footnotes":""},"categories":[18],"tags":[3556],"class_list":["post-124417","post","type-post","status-publish","format-standard","hentry","category-economia","tag-prensa-latina"],"_links":{"self":[{"href":"https:\/\/diariodominicano.com\/index.php?rest_route=\/wp\/v2\/posts\/124417","targetHints":{"allow":["GET"]}}],"collection":[{"href":"https:\/\/diariodominicano.com\/index.php?rest_route=\/wp\/v2\/posts"}],"about":[{"href":"https:\/\/diariodominicano.com\/index.php?rest_route=\/wp\/v2\/types\/post"}],"author":[{"embeddable":true,"href":"https:\/\/diariodominicano.com\/index.php?rest_route=\/wp\/v2\/users\/3"}],"replies":[{"embeddable":true,"href":"https:\/\/diariodominicano.com\/index.php?rest_route=%2Fwp%2Fv2%2Fcomments&post=124417"}],"version-history":[{"count":1,"href":"https:\/\/diariodominicano.com\/index.php?rest_route=\/wp\/v2\/posts\/124417\/revisions"}],"predecessor-version":[{"id":657364,"href":"https:\/\/diariodominicano.com\/index.php?rest_route=\/wp\/v2\/posts\/124417\/revisions\/657364"}],"wp:attachment":[{"href":"https:\/\/diariodominicano.com\/index.php?rest_route=%2Fwp%2Fv2%2Fmedia&parent=124417"}],"wp:term":[{"taxonomy":"category","embeddable":true,"href":"https:\/\/diariodominicano.com\/index.php?rest_route=%2Fwp%2Fv2%2Fcategories&post=124417"},{"taxonomy":"post_tag","embeddable":true,"href":"https:\/\/diariodominicano.com\/index.php?rest_route=%2Fwp%2Fv2%2Ftags&post=124417"}],"curies":[{"name":"wp","href":"https:\/\/api.w.org\/{rel}","templated":true}]}}