{"id":124402,"date":"2006-07-24T19:41:03","date_gmt":"2006-07-24T19:41:03","guid":{"rendered":"http:\/\/diariodominicano.ddns.net\/?p=124402"},"modified":"2006-07-24T19:41:03","modified_gmt":"2006-07-24T19:41:03","slug":"lucha-contra-la-pobreza-tambien-atane-al-sector-empresarial-y-organizaciones-civiles","status":"publish","type":"post","link":"https:\/\/diariodominicano.com\/?p=124402","title":{"rendered":"Lucha contra la pobreza tambi\u00e9n ata\u00f1e al sector  empresarial y organizaciones civiles"},"content":{"rendered":"<p><body><\/p>\n<p class=\"titulogrande1\">Lucha contra la pobreza tambi\u00e9n ata\u00f1e al sector\u00a0 empresarial y organizaciones civiles<\/p>\n<p>&#13;<\/p>\n<p>\u00a0<\/p>\n<p>&#13;<\/p>\n<p align=\"justify\"><strong>CIUDAD MEXICO<\/strong>.- <span class=\"text1noticias\">La tarea de combatir la pobreza no es exclusiva  de los gobiernos de Am\u00e9rica Latina, por lo que deben participar el sector  empresarial y las organizaciones civiles, asever\u00f3 la secretaria de Desarrollo  Social, Ana Teresa Aranda Orozco. <br \/>&#13;<br \/>\n  <br \/>&#13;<br \/>\n  Por esa raz\u00f3n  la funcionaria convoc\u00f3 a estos dos sectores a dise\u00f1ar m\u00e1s proyectos que ayuden  a superar la miseria que afecta a millones de personas, pues de acuerdo con la Comisi\u00f3n Econ\u00f3mica  para Am\u00e9rica Latina, 222 millones de habitantes en esa zona enfrentan carencias  que les impiden vivir con libertad y dignidad. <br \/>&#13;<br \/>\n  <br \/>&#13;<br \/>\n  De esa cifra,  agreg\u00f3, 96 millones sobreviven en pobreza extrema, situaci\u00f3n que obliga a los  actores gubernamentales, pol\u00edticos, sociales y econ\u00f3micos de Am\u00e9rica Latina a  unir esfuerzos contra ese problema, la corrupci\u00f3n y la marginaci\u00f3n, en favor  del medio ambiente y la vigencia plena de los derechos humanos. <br \/>&#13;<br \/>\n  <br \/>&#13;<br \/>\n  Aranda Orozco  asever\u00f3 que \u201ces el tiempo de la empresa con rostro humano, capaz de armonizar  sus leg\u00edtimos objetivos econ\u00f3micos con su responsabilidad social, ambiental y  laboral\u201d. En s\u00edntesis, capaz de involucrarse con los desaf\u00edos de las  sociedades. <br \/>&#13;<br \/>\n  <br \/>&#13;<br \/>\n  Al participar  en el IV Simposio de Responsabilidad Social Empresarial de las Am\u00e9ricas, la  titular de la Secretar\u00eda  de Desarrollo Social (Sedesol) dijo que los gobiernos latinoamericanos est\u00e1n  haciendo su tarea para combatir la pobreza y la marginaci\u00f3n. <br \/>&#13;<br \/>\n  <br \/>&#13;<br \/>\n  Lo anterior  mediante pol\u00edticas sociales activas, cuidando los equilibrios macroecon\u00f3micos,  incorporando la transparencia y la rendici\u00f3n de cuentas a las instituciones  p\u00fablicas y buscando generar ambientes propicios para la inversi\u00f3n, acot\u00f3. <br \/>&#13;<br \/>\n  <br \/>&#13;<br \/>\n  Explic\u00f3 que  despu\u00e9s de Europa del Este, Latinoam\u00e9rica se ubica como la regi\u00f3n del mundo en  desarrollo con los mayores niveles de educaci\u00f3n, salud e ingreso per c\u00e1pita,  que conforman el \u00edndice de desarrollo humano, pero tambi\u00e9n es la regi\u00f3n m\u00e1s  desigual. <br \/>&#13;<br \/>\n  <br \/>&#13;<br \/>\n  Seg\u00fan datos,  40% de la poblaci\u00f3n m\u00e1s pobre recibe 10% de los ingresos, mientras que 20% de  la poblaci\u00f3n m\u00e1s rica recibe 60% de los mismos. <br \/>&#13;<br \/>\n  <br \/>&#13;<br \/>\nPor \u00faltimo  reconoci\u00f3 que la pobreza y la exclusi\u00f3n a\u00fan se ubican como realidades  desafiantes, que apremian el fortalecimiento de la suma de voluntades para  brindar m\u00e1s y mejores oportunidades de vida para millones de familias  latinoamericanas. <\/span><\/p>\n<p>&#13;<\/p>\n<h6> 2006-07-24 19:41:03 <\/h6>\n<p><!--\n<link rel=\"stylesheet\" href=\"css\/bootstrap.min.css\">\n\n\n<ul class=\"pagination\">\n\t    \n\t\n\n<li >\n\t<a href='?page_no=30281'>Previous<\/a>\n\t<\/li>\n\n\n       \n    \n\n<li><a href='?page_no=1'>1<\/a><\/li>\n\n\n\n<li><a href='?page_no=2'>2<\/a><\/li>\n\n\n\n<li><a>...<\/a><\/li>\n\n\n\n<li><a href='?page_no=30280'>30280<\/a><\/li>\n\n\n\n<li><a href='?page_no=30281'>30281<\/a><\/li>\n\n\n\n<li class='active'><a>30282<\/a><\/li>\n\n\n\n<li><a href='?page_no=30283'>30283<\/a><\/li>\n\n\n\n<li><a href='?page_no=30284'>30284<\/a><\/li>\n\n\n\n<li><a>...<\/a><\/li>\n\n\n\n<li><a href='?page_no=30472'>30472<\/a><\/li>\n\n\n\n<li><a href='?page_no=30473'>30473<\/a><\/li>\n\n    \n\t\n\n<li >\n\t<a href='?page_no=30283'>Next<\/a>\n\t<\/li>\n\n\n    \n\n<li><a href='?page_no=30473'>Last &rsaquo;&rsaquo;<\/a><\/li>\n\n<\/ul>\n\n\n--><br \/>\n<\/body><\/p>\n","protected":false},"excerpt":{"rendered":"<p>Lucha contra la pobreza tambi\u00e9n ata\u00f1e al sector\u00a0 empresarial y organizaciones civiles &#13; \u00a0 &#13; CIUDAD MEXICO.- La tarea de combatir la pobreza no es exclusiva de los gobiernos de Am\u00e9rica Latina, por lo que deben participar el sector empresarial y las organizaciones civiles, asever\u00f3 la secretaria de Desarrollo Social, Ana Teresa Aranda Orozco. &#13; [&hellip;]<\/p>\n","protected":false},"author":3,"featured_media":0,"comment_status":"open","ping_status":"open","sticky":false,"template":"","format":"standard","meta":{"footnotes":""},"categories":[18],"tags":[],"class_list":["post-124402","post","type-post","status-publish","format-standard","hentry","category-economia"],"_links":{"self":[{"href":"https:\/\/diariodominicano.com\/index.php?rest_route=\/wp\/v2\/posts\/124402","targetHints":{"allow":["GET"]}}],"collection":[{"href":"https:\/\/diariodominicano.com\/index.php?rest_route=\/wp\/v2\/posts"}],"about":[{"href":"https:\/\/diariodominicano.com\/index.php?rest_route=\/wp\/v2\/types\/post"}],"author":[{"embeddable":true,"href":"https:\/\/diariodominicano.com\/index.php?rest_route=\/wp\/v2\/users\/3"}],"replies":[{"embeddable":true,"href":"https:\/\/diariodominicano.com\/index.php?rest_route=%2Fwp%2Fv2%2Fcomments&post=124402"}],"version-history":[{"count":0,"href":"https:\/\/diariodominicano.com\/index.php?rest_route=\/wp\/v2\/posts\/124402\/revisions"}],"wp:attachment":[{"href":"https:\/\/diariodominicano.com\/index.php?rest_route=%2Fwp%2Fv2%2Fmedia&parent=124402"}],"wp:term":[{"taxonomy":"category","embeddable":true,"href":"https:\/\/diariodominicano.com\/index.php?rest_route=%2Fwp%2Fv2%2Fcategories&post=124402"},{"taxonomy":"post_tag","embeddable":true,"href":"https:\/\/diariodominicano.com\/index.php?rest_route=%2Fwp%2Fv2%2Ftags&post=124402"}],"curies":[{"name":"wp","href":"https:\/\/api.w.org\/{rel}","templated":true}]}}