{"id":124398,"date":"2006-08-01T01:06:17","date_gmt":"2006-08-01T01:06:17","guid":{"rendered":"http:\/\/diariodominicano.ddns.net\/?p=124398"},"modified":"2006-08-01T01:06:17","modified_gmt":"2006-08-01T01:06:17","slug":"la-superintendencia-de-bancos-auspiciara-un-taller-internacional-de-supervision-consolidada","status":"publish","type":"post","link":"https:\/\/diariodominicano.com\/?p=124398","title":{"rendered":"La Superintendencia de Bancos auspiciar\u00e1 un Taller Internacional de Supervisi\u00f3n Consolidada"},"content":{"rendered":"<p><body><\/p>\n<p class=\"titulogrande1\">La Superintendencia de Bancos auspiciar\u00e1 un  Taller Internacional de Supervisi\u00f3n Consolidada<\/p>\n<p>&#13;<\/p>\n<p align=\"justify\"><strong>SANTO  DOMINGO<\/strong>.-<span class=\"text1noticias\"> La   Superintendencia de Bancos auspiciar\u00e1 un Taller Internacional  de Supervisi\u00f3n Consolidada, en conjunto con la Oficina de la Superintendencia  de Instituciones Financieras de Canad\u00e1, como parte de los aprestos para  implementar una supervisi\u00f3n integral sobre el sistema financiero dominicano.<br \/>&#13;<br \/>\n  <br \/>&#13;<br \/>\n  El  evento estar\u00e1 dirigido a los funcionarios y personal t\u00e9cnico de la Superintendencia  de Bancos, incluyendo a los J\u00f3venes Profesionales de la Carrera de Supervisi\u00f3n  Bancaria, reci\u00e9n ingresados tras ser seleccionados mediante un riguroso  proceso, inform\u00f3 el Departamento de Secretar\u00eda y Comunicaciones. <br \/>&#13;<br \/>\n  <br \/>&#13;<br \/>\n  La  jornada educativa tendr\u00e1 como instructores a Jean Sarazin, director\u00a0 del  Grupo de Asesor\u00eda Internacional de la Oficina de la Superintendencia  de Instituciones Financieras de Canad\u00e1; as\u00ed como a Kim Norris, director de  Administraci\u00f3n de esa entidad. El  Taller Internacional de Supervisi\u00f3n Consolidada se desarrollar\u00e1 del lunes 31 al  jueves 3 de agosto, en el sal\u00f3n Gran Caribe del hotel V Centenario.<br \/>&#13;<br \/>\n  <br \/>&#13;<br \/>\n  <br \/>&#13;<br \/>\nEntre  los temas que ser\u00e1n abordados durante el taller se destacan la Supervisi\u00f3n Consolidada  de Grupos Bancarios-Panorama General, Razones para la Supervis\u00f3n-Consolidada,  M\u00e9todos de Consolidaci\u00f3n, Contabilidad Consolidada y Principales Preocupaciones  de Supervisi\u00f3n en la   Supervisi\u00f3n Consolidada, entre otros.<\/span><\/p>\n<p>&#13;<\/p>\n<h6> 2006-08-01 01:06:17 <\/h6>\n<p><!--\n<link rel=\"stylesheet\" href=\"css\/bootstrap.min.css\">\n\n\n<ul class=\"pagination\">\n\t    \n\t\n\n<li >\n\t<a href='?page_no=30277'>Previous<\/a>\n\t<\/li>\n\n\n       \n    \n\n<li><a href='?page_no=1'>1<\/a><\/li>\n\n\n\n<li><a href='?page_no=2'>2<\/a><\/li>\n\n\n\n<li><a>...<\/a><\/li>\n\n\n\n<li><a href='?page_no=30276'>30276<\/a><\/li>\n\n\n\n<li><a href='?page_no=30277'>30277<\/a><\/li>\n\n\n\n<li class='active'><a>30278<\/a><\/li>\n\n\n\n<li><a href='?page_no=30279'>30279<\/a><\/li>\n\n\n\n<li><a href='?page_no=30280'>30280<\/a><\/li>\n\n\n\n<li><a>...<\/a><\/li>\n\n\n\n<li><a href='?page_no=30472'>30472<\/a><\/li>\n\n\n\n<li><a href='?page_no=30473'>30473<\/a><\/li>\n\n    \n\t\n\n<li >\n\t<a href='?page_no=30279'>Next<\/a>\n\t<\/li>\n\n\n    \n\n<li><a href='?page_no=30473'>Last &rsaquo;&rsaquo;<\/a><\/li>\n\n<\/ul>\n\n\n--><br \/>\n<\/body><\/p>\n","protected":false},"excerpt":{"rendered":"<p>La Superintendencia de Bancos auspiciar\u00e1 un Taller Internacional de Supervisi\u00f3n Consolidada &#13; SANTO DOMINGO.- La Superintendencia de Bancos auspiciar\u00e1 un Taller Internacional de Supervisi\u00f3n Consolidada, en conjunto con la Oficina de la Superintendencia de Instituciones Financieras de Canad\u00e1, como parte de los aprestos para implementar una supervisi\u00f3n integral sobre el sistema financiero dominicano.&#13; &#13; El [&hellip;]<\/p>\n","protected":false},"author":3,"featured_media":0,"comment_status":"open","ping_status":"open","sticky":false,"template":"","format":"standard","meta":{"footnotes":""},"categories":[18],"tags":[],"class_list":["post-124398","post","type-post","status-publish","format-standard","hentry","category-economia"],"_links":{"self":[{"href":"https:\/\/diariodominicano.com\/index.php?rest_route=\/wp\/v2\/posts\/124398","targetHints":{"allow":["GET"]}}],"collection":[{"href":"https:\/\/diariodominicano.com\/index.php?rest_route=\/wp\/v2\/posts"}],"about":[{"href":"https:\/\/diariodominicano.com\/index.php?rest_route=\/wp\/v2\/types\/post"}],"author":[{"embeddable":true,"href":"https:\/\/diariodominicano.com\/index.php?rest_route=\/wp\/v2\/users\/3"}],"replies":[{"embeddable":true,"href":"https:\/\/diariodominicano.com\/index.php?rest_route=%2Fwp%2Fv2%2Fcomments&post=124398"}],"version-history":[{"count":0,"href":"https:\/\/diariodominicano.com\/index.php?rest_route=\/wp\/v2\/posts\/124398\/revisions"}],"wp:attachment":[{"href":"https:\/\/diariodominicano.com\/index.php?rest_route=%2Fwp%2Fv2%2Fmedia&parent=124398"}],"wp:term":[{"taxonomy":"category","embeddable":true,"href":"https:\/\/diariodominicano.com\/index.php?rest_route=%2Fwp%2Fv2%2Fcategories&post=124398"},{"taxonomy":"post_tag","embeddable":true,"href":"https:\/\/diariodominicano.com\/index.php?rest_route=%2Fwp%2Fv2%2Ftags&post=124398"}],"curies":[{"name":"wp","href":"https:\/\/api.w.org\/{rel}","templated":true}]}}