{"id":124392,"date":"2006-08-12T14:45:23","date_gmt":"2006-08-12T14:45:23","guid":{"rendered":"http:\/\/diariodominicano.ddns.net\/?p=124392"},"modified":"2006-08-12T14:45:23","modified_gmt":"2006-08-12T14:45:23","slug":"tecnicos-del-fmi-evaluaran-acuerdo-stand-by","status":"publish","type":"post","link":"https:\/\/diariodominicano.com\/?p=124392","title":{"rendered":"T\u00e9cnicos del FMI evaluar\u00e1n Acuerdo stand-by"},"content":{"rendered":"<p><body><\/p>\n<p class=\"titulogrande1\">T\u00e9cnicos del FMI evaluar\u00e1n Acuerdo  stand-by<\/p>\n<p>&#13;<\/p>\n<p align=\"justify\"><strong>SANTO  DOMINGO<\/strong>.- <span class=\"text1noticias\">El gobierno y una misi\u00f3n t\u00e9cnica del Fondo Monetario Internacional  (FMI), iniciaron este viernes la revisi\u00f3n y evaluaci\u00f3n del desempe\u00f1o del  programa del acuerdo stan-by durante el primer semestre del a\u00f1o 2006.<br \/>&#13;<br \/>\n  <br \/>&#13;<br \/>\n\u00a0\u00a0 La primera ronda de revisi\u00f3n fue \u00a0encabezada por el jefe del equipo econ\u00f3mico  del gobierno, Juan Tem\u00edstocles Mont\u00e1s.\u00a0 El  jefe de la misi\u00f3n del FMI, Andy Wolf, advirti\u00f3 a las autoridades sobre la  incidencia de los altos precios del petr\u00f3leo en el control de la inflaci\u00f3n.  \u00a0<br \/>&#13;<br \/>\n<br \/>&#13;<br \/>\nSin  embargo, el funcionario del organismo crediticio internacional reconoci\u00f3 que la  econom\u00eda nacional tiene \u201cun fuerte crecimiento\u201d. <br \/>&#13;<br \/>\n<br \/>&#13;<br \/>\n\u00a0Destac\u00f3  que pese a que la   Rep\u00fablica Dominicana depende mucho de la importaci\u00f3n de petr\u00f3leo,  el cual tiene un precio muy alto, \u201cest\u00e1 manteniendo en l\u00ednea la actuaci\u00f3n  fiscal\u201d. \u00a0<br \/>&#13;<br \/>\n<br \/>&#13;<br \/>\n\u00a0Mont\u00e1s  explic\u00f3 que el tema principal de discusi\u00f3n en este primer encuentro fue el  comportamiento macroecon\u00f3mico, aunque tambi\u00e9n est\u00e1 siendo analizado el  desempe\u00f1o fiscal, y\u00a0 marcha de las pol\u00edticas monetaria y financiera, as\u00ed  como la situaci\u00f3n del sistema el\u00e9ctrico. \u00a0<br \/>&#13;<br \/>\n<br \/>&#13;<br \/>\n  FMI<br \/>&#13;<br \/>\nEl  secretario t\u00e9cnico de la presidencia inform\u00f3 que se encuentra en el pa\u00eds la  misi\u00f3n t\u00e9cnica del Fondo Monetario Internacional (FMI) que proceder\u00e1 a evaluar  el desempe\u00f1\u00f3 fiscal del gobierno en el primer semestre del presente a\u00f1o.<\/span><br \/>&#13;\n<\/p>\n<p>&#13;<\/p>\n<p align=\"justify\" class=\"text1noticias\">\u00a0Montas expres\u00f3 que la misi\u00f3n evaluar\u00e1 los  compromisos que se han asumido en el presente a\u00f1o. Dijo que el gobierno ha  avanzado mucho en lo que tiene que ver\u00a0con la parte fiscal, monetaria,  financiera, no tanto as\u00ed en lo relativo al sector el\u00e9ctrico.<br \/>&#13;<br \/>\n  <br \/>&#13;<br \/>\n  El  funcionario se\u00f1al\u00f3 que tambi\u00e9n se est\u00e1 prestando especial atenci\u00f3n al tema de  las reformas estructurales que el gobierno tiene que efectuar con el objetivo  de consolidar los avances que se han obtenido a lo largo de 18 meses del  programa\u00a0 con el Fondo Monetario Internacional.<br \/>&#13;<br \/>\n  <br \/>&#13;<br \/>\n\u00a0Mont\u00e1s  dijo que se evaluar\u00e1 adem\u00e1s el desempe\u00f1\u00f3 fiscal del gobierno en la parte de la  pol\u00edtica monetaria, el sector financiero y el sector el\u00e9ctrico.<br \/>&#13;<br \/>\n<br \/>&#13;<br \/>\n\u00a0El  Secretario T\u00e9cnico dijo esperar que los resultados de la misi\u00f3n que se  encuentra en el pa\u00eds del FMI sean positivos y que la naci\u00f3n pueda seguir  consolidando su situaci\u00f3n econ\u00f3mica que ya ha sido recuperada y que la misma  pueda servir de soporte al proceso de crecimiento econ\u00f3mico que experimenta la Rep\u00fablica Dominicana.<br \/>&#13;<br \/>\n<br \/>&#13;<br \/>\n\u00a0Componen  la misi\u00f3n t\u00e9cnica del Fondo Monetario Internacional que se encuentran en el  pa\u00eds Andy Wolfe, jefe, Jorge Canales, Luis Cubeddu, Gabriel D. Bella, Eric  Offendal residente permanente y Albina Cebotari.<br \/>&#13;<br \/>\n<br \/>&#13;<br \/>\n\u00a0De  su lado, el jefe de la misi\u00f3n t\u00e9cnica del Fondo Monetario Internacional, Andy  Wolfe , dijo que el organismo ha visto como extraordinarios los avances  obtenidos en el comportamiento de la macroeconom\u00eda.<br \/>&#13;<br \/>\n<br \/>&#13;<br \/>\n\u00a0Dijo  que lo b\u00e1sico es que la econom\u00eda del pa\u00eds sigua creciendo fuerte\u00a0\u00a0lo  que es\u00a0necesario para crear empleos.<\/p>\n<p>&#13;<\/p>\n<h6> 2006-08-12 14:45:23 <\/h6>\n<p><!--\n<link rel=\"stylesheet\" href=\"css\/bootstrap.min.css\">\n\n\n<ul class=\"pagination\">\n\t    \n\t\n\n<li >\n\t<a href='?page_no=30271'>Previous<\/a>\n\t<\/li>\n\n\n       \n    \n\n<li><a href='?page_no=1'>1<\/a><\/li>\n\n\n\n<li><a href='?page_no=2'>2<\/a><\/li>\n\n\n\n<li><a>...<\/a><\/li>\n\n\n\n<li><a href='?page_no=30270'>30270<\/a><\/li>\n\n\n\n<li><a href='?page_no=30271'>30271<\/a><\/li>\n\n\n\n<li class='active'><a>30272<\/a><\/li>\n\n\n\n<li><a href='?page_no=30273'>30273<\/a><\/li>\n\n\n\n<li><a href='?page_no=30274'>30274<\/a><\/li>\n\n\n\n<li><a>...<\/a><\/li>\n\n\n\n<li><a href='?page_no=30472'>30472<\/a><\/li>\n\n\n\n<li><a href='?page_no=30473'>30473<\/a><\/li>\n\n    \n\t\n\n<li >\n\t<a href='?page_no=30273'>Next<\/a>\n\t<\/li>\n\n\n    \n\n<li><a href='?page_no=30473'>Last &rsaquo;&rsaquo;<\/a><\/li>\n\n<\/ul>\n\n\n--><br \/>\n<\/body><\/p>\n","protected":false},"excerpt":{"rendered":"<p>T\u00e9cnicos del FMI evaluar\u00e1n Acuerdo stand-by &#13; SANTO DOMINGO.- El gobierno y una misi\u00f3n t\u00e9cnica del Fondo Monetario Internacional (FMI), iniciaron este viernes la revisi\u00f3n y evaluaci\u00f3n del desempe\u00f1o del programa del acuerdo stan-by durante el primer semestre del a\u00f1o 2006.&#13; &#13; \u00a0\u00a0 La primera ronda de revisi\u00f3n fue \u00a0encabezada por el jefe del equipo [&hellip;]<\/p>\n","protected":false},"author":3,"featured_media":0,"comment_status":"open","ping_status":"open","sticky":false,"template":"","format":"standard","meta":{"footnotes":""},"categories":[18],"tags":[],"class_list":["post-124392","post","type-post","status-publish","format-standard","hentry","category-economia"],"_links":{"self":[{"href":"https:\/\/diariodominicano.com\/index.php?rest_route=\/wp\/v2\/posts\/124392","targetHints":{"allow":["GET"]}}],"collection":[{"href":"https:\/\/diariodominicano.com\/index.php?rest_route=\/wp\/v2\/posts"}],"about":[{"href":"https:\/\/diariodominicano.com\/index.php?rest_route=\/wp\/v2\/types\/post"}],"author":[{"embeddable":true,"href":"https:\/\/diariodominicano.com\/index.php?rest_route=\/wp\/v2\/users\/3"}],"replies":[{"embeddable":true,"href":"https:\/\/diariodominicano.com\/index.php?rest_route=%2Fwp%2Fv2%2Fcomments&post=124392"}],"version-history":[{"count":0,"href":"https:\/\/diariodominicano.com\/index.php?rest_route=\/wp\/v2\/posts\/124392\/revisions"}],"wp:attachment":[{"href":"https:\/\/diariodominicano.com\/index.php?rest_route=%2Fwp%2Fv2%2Fmedia&parent=124392"}],"wp:term":[{"taxonomy":"category","embeddable":true,"href":"https:\/\/diariodominicano.com\/index.php?rest_route=%2Fwp%2Fv2%2Fcategories&post=124392"},{"taxonomy":"post_tag","embeddable":true,"href":"https:\/\/diariodominicano.com\/index.php?rest_route=%2Fwp%2Fv2%2Ftags&post=124392"}],"curies":[{"name":"wp","href":"https:\/\/api.w.org\/{rel}","templated":true}]}}