{"id":124379,"date":"2006-08-21T16:20:36","date_gmt":"2006-08-21T16:20:36","guid":{"rendered":"http:\/\/diariodominicano.ddns.net\/?p=124379"},"modified":"2006-08-21T16:20:36","modified_gmt":"2006-08-21T16:20:36","slug":"padre-aleman-advierte-sobre-la-construccion-del-metro","status":"publish","type":"post","link":"https:\/\/diariodominicano.com\/?p=124379","title":{"rendered":"Padre Alem\u00e1n advierte sobre la construcci\u00f3n del metro"},"content":{"rendered":"<p><body><\/p>\n<p class=\"titulogrande1\">Padre Alem\u00e1n advierte sobre la construcci\u00f3n del metro<\/p>\n<p>&#13;<\/p>\n<p class=\"textogrande\">Por Manuel Hern\u00e1ndez Villeta<\/p>\n<p>&#13;<\/p>\n<p align=\"justify\"><strong>Santo  Domingo.-<\/strong><span class=\"text1noticias\">El sacerdote jesuita y economista Jos\u00e9 Luis Alem\u00e1n consider\u00f3 que la \u00a0construcci\u00f3n del Metro de Santo Domingo, que  ejecuta la Oficina Para  el Reordenamiento del Transporte (OPRET), se traga los recursos fiscales del  gobierno y aumenta la deuda externa del pa\u00eds, dijo ayer el economista y  sacerdote jesuita Jos\u00e9 Luis Alem\u00e1n. Consider\u00f3 que por esa raz\u00f3n la  administraci\u00f3n de Leonel Fern\u00e1ndez no tiene dinero para la construcci\u00f3n de  escuelas.<br \/>&#13;<br \/>\n  <br \/>&#13;<br \/>\n  Alem\u00e1n  es director de la Escuela  de Econom\u00eda de la   PUCMM. Entrevistado por los periodistas Juan Bol\u00edvar D\u00edaz y  Gustavo Olivo Pe\u00f1a en el programa Uno + Uno, que se transmite por Teleantillas,  dijo que la magnitud del metro deja al gobierno sin recursos para realizar  otras obras de importancia.<br \/>&#13;<br \/>\n  <br \/>&#13;<br \/>\n  Expres\u00f3  sus dudas de que el metro se pueda terminar en el actual gobierno, como han  dicho el director y el subdirector de la OPRET, ingenieros Diandino Pe\u00f1a y Leonel  Carrasco.<br \/>&#13;<br \/>\n  <br \/>&#13;<br \/>\n  Indic\u00f3  que en el pa\u00eds no se tiene experiencia alguna en la construcci\u00f3n de un metro,  cuya primera l\u00ednea tendr\u00e1 una extensi\u00f3n de 14.2 kil\u00f3metros.<br \/>&#13;<br \/>\n  <br \/>&#13;<br \/>\n  El  metro empez\u00f3 a construirse en noviembre del a\u00f1o pasado en Villa Mella, sin  estudios previos y sin la aprobaci\u00f3n del municipio Santo Domingo Norte. Hasta  el 31 de mayo pasado, la obra se hab\u00eda tragado RD$2,510,317,214.85. La mayor  parte se ha ido en la construcci\u00f3n del viaducto de Villa Mella.<br \/>&#13;<br \/>\n  <br \/>&#13;<br \/>\n  <br \/>&#13;<br \/>\n  De  otro lado, Alem\u00e1n consider\u00f3 que la resistencia a la entrada en vigencia del  Tratado de Libre Comercio con Estados Unidos y Centroam\u00e9rica (DR-CAFTA) se debe  a que obliga al gobierno a tener que licitar de manera p\u00fablica las obras ante  organismos internacionales.<br \/>&#13;<br \/>\n  <br \/>&#13;<br \/>\n  Se\u00f1al\u00f3  que la licitaci\u00f3n le quita al gobierno la mitad de su negocio particular.<br \/>&#13;<br \/>\n  <br \/>&#13;<br \/>\n  Cree  que invertir en infraestructura en los barrios a largo plazo, como en deportes  y pavimentaci\u00f3n, hace que la poblaci\u00f3n de esos barrios asuma m\u00e1s  responsabilidad y cree que ese es uno de los legados de Joaqu\u00edn Balaguer.<br \/>&#13;<br \/>\n  <br \/>&#13;<br \/>\n  Consider\u00f3  que todos los subsidios a los pobres tienen un problema administrativo terrible  en el pa\u00eds y en cualquier parte del mundo.<br \/>&#13;<br \/>\n  <br \/>&#13;<br \/>\n  Dijo  que desconoce el monto del endeudamiento del pa\u00eds por el pacto petrolero con  Venezuela y que esa informaci\u00f3n no la sabe ni el presidente de Venezuela, Hugo  Ch\u00e1vez.<br \/>&#13;<br \/>\n  <br \/>&#13;<br \/>\n  Alem\u00e1n  critic\u00f3 la falta de transparencia en la gesti\u00f3n gubernamental.<br \/>&#13;<br \/>\n  <br \/>&#13;<br \/>\n  Dijo  que la mayor debilidad de la pol\u00edtica econ\u00f3mica del gobierno es la falta de  institucionalidad.<br \/>&#13;<br \/>\n  <br \/>&#13;<br \/>\n  Se\u00f1al\u00f3  que la falta de credibilidad institucional se refleja en entidades  gubernamentales d\u00e9biles.<br \/>&#13;<br \/>\n  <br \/>&#13;<br \/>\n  La Rep\u00fablica Dominicana, desde el punto de vista econ\u00f3mico, es  uno de los pa\u00edses m\u00e1s deficientes del mundo, seg\u00fan un estudio, se\u00f1al\u00f3.<br \/>&#13;<br \/>\n  <br \/>&#13;<br \/>\n  Indic\u00f3  que el pa\u00eds necesita inversiones, pero no hay seguridad jur\u00eddica. Precis\u00f3 que  un extranjero que quiere invertir en el pa\u00eds tiene muchos riesgos, porque el  futuro es impredecible y, encima de eso, carece de seguridad jur\u00eddica.<br \/>&#13;<br \/>\n  <br \/>&#13;<br \/>\n  Dijo  que el pa\u00eds tiene varios servicios p\u00fablicos o semip\u00fablicos deficientes, como  salud, educaci\u00f3n, el\u00e9ctrico, agua y la seguridad ciudadana.<br \/>&#13;<br \/>\nSe  pregunt\u00f3 si el Banco Central ser\u00e1 capaz de seguir aumentando la deuda del  d\u00e9ficit cuasi fiscal.<\/span><br \/>&#13;\n<\/p>\n<p>&#13;<\/p>\n<p align=\"justify\" class=\"text1noticias\">El sacerdote y economista\u00a0  afirm\u00f3 que la construcci\u00f3n del Metro de Santo Domingo, se est\u00e1 tragando  los recursos fiscales del Gobierno y constituye un factor para el incremento de  la deuda externa.<br \/>&#13;\n<\/p>\n<p>&#13;<\/p>\n<p align=\"justify\" class=\"text1noticias\">Explic\u00f3 que a causa de las grandes inversiones que se hacen en la  construcci\u00f3n del Metro no hay recursos para atender otras necesidades de obras  p\u00fablicas, como escuelas, carreteras.<br \/>&#13;\n<\/p>\n<p>&#13;<\/p>\n<p align=\"justify\" class=\"text1noticias\">\u00abEl Metro deja al Gobierno sin recursos para otras cosas\u2026est\u00e1  colidiendo con otros intereses, que son intereses de la sociedad\u00bb.<br \/>&#13;<br \/>\n  <br \/>&#13;<br \/>\n  \u00a0 <br \/>&#13;<br \/>\n  Explic\u00f3 que debido a la alta inversi\u00f3n que se requieren para  construir el Metro, las obras en el interior del pa\u00eds se encuentran  paralizadas, a medio construir.<\/p>\n<p>&#13;<\/p>\n<p align=\"justify\" class=\"text1noticias\">Dijo que ni siquiera el presidente venezolano Hugo Ch\u00e1vez tiene  una idea de cual es el monto del incremento de la deuda externa del pa\u00eds por  causa del acuerdo Petrocaribe.<\/p>\n<p>&#13;<\/p>\n<p align=\"justify\" class=\"text1noticias\">\u00abYo creo que ni el presidente Ch\u00e1vez lo sabe. El presidente  Fern\u00e1ndez de saber m\u00e1s motivo para saberlo que Ch\u00e1vez,\u00a0 pero obviamente eso se est\u00e1 tratando como un  secreto de Estado\u00bb.<\/p>\n<p>&#13;<\/p>\n<h6> 2006-08-21 16:20:36 <\/h6>\n<p><!--\n<link rel=\"stylesheet\" href=\"css\/bootstrap.min.css\">\n\n\n<ul class=\"pagination\">\n\t    \n\t\n\n<li >\n\t<a href='?page_no=30258'>Previous<\/a>\n\t<\/li>\n\n\n       \n    \n\n<li><a href='?page_no=1'>1<\/a><\/li>\n\n\n\n<li><a href='?page_no=2'>2<\/a><\/li>\n\n\n\n<li><a>...<\/a><\/li>\n\n\n\n<li><a href='?page_no=30257'>30257<\/a><\/li>\n\n\n\n<li><a href='?page_no=30258'>30258<\/a><\/li>\n\n\n\n<li class='active'><a>30259<\/a><\/li>\n\n\n\n<li><a href='?page_no=30260'>30260<\/a><\/li>\n\n\n\n<li><a href='?page_no=30261'>30261<\/a><\/li>\n\n\n\n<li><a>...<\/a><\/li>\n\n\n\n<li><a href='?page_no=30472'>30472<\/a><\/li>\n\n\n\n<li><a href='?page_no=30473'>30473<\/a><\/li>\n\n    \n\t\n\n<li >\n\t<a href='?page_no=30260'>Next<\/a>\n\t<\/li>\n\n\n    \n\n<li><a href='?page_no=30473'>Last &rsaquo;&rsaquo;<\/a><\/li>\n\n<\/ul>\n\n\n--><br \/>\n<\/body><\/p>\n","protected":false},"excerpt":{"rendered":"<p>Padre Alem\u00e1n advierte sobre la construcci\u00f3n del metro &#13; Por Manuel Hern\u00e1ndez Villeta &#13; Santo Domingo.-El sacerdote jesuita y economista Jos\u00e9 Luis Alem\u00e1n consider\u00f3 que la \u00a0construcci\u00f3n del Metro de Santo Domingo, que ejecuta la Oficina Para el Reordenamiento del Transporte (OPRET), se traga los recursos fiscales del gobierno y aumenta la deuda externa del [&hellip;]<\/p>\n","protected":false},"author":3,"featured_media":0,"comment_status":"open","ping_status":"open","sticky":false,"template":"","format":"standard","meta":{"footnotes":""},"categories":[18],"tags":[],"class_list":["post-124379","post","type-post","status-publish","format-standard","hentry","category-economia"],"_links":{"self":[{"href":"https:\/\/diariodominicano.com\/index.php?rest_route=\/wp\/v2\/posts\/124379","targetHints":{"allow":["GET"]}}],"collection":[{"href":"https:\/\/diariodominicano.com\/index.php?rest_route=\/wp\/v2\/posts"}],"about":[{"href":"https:\/\/diariodominicano.com\/index.php?rest_route=\/wp\/v2\/types\/post"}],"author":[{"embeddable":true,"href":"https:\/\/diariodominicano.com\/index.php?rest_route=\/wp\/v2\/users\/3"}],"replies":[{"embeddable":true,"href":"https:\/\/diariodominicano.com\/index.php?rest_route=%2Fwp%2Fv2%2Fcomments&post=124379"}],"version-history":[{"count":0,"href":"https:\/\/diariodominicano.com\/index.php?rest_route=\/wp\/v2\/posts\/124379\/revisions"}],"wp:attachment":[{"href":"https:\/\/diariodominicano.com\/index.php?rest_route=%2Fwp%2Fv2%2Fmedia&parent=124379"}],"wp:term":[{"taxonomy":"category","embeddable":true,"href":"https:\/\/diariodominicano.com\/index.php?rest_route=%2Fwp%2Fv2%2Fcategories&post=124379"},{"taxonomy":"post_tag","embeddable":true,"href":"https:\/\/diariodominicano.com\/index.php?rest_route=%2Fwp%2Fv2%2Ftags&post=124379"}],"curies":[{"name":"wp","href":"https:\/\/api.w.org\/{rel}","templated":true}]}}