{"id":124372,"date":"2006-08-24T12:23:59","date_gmt":"2006-08-24T12:23:59","guid":{"rendered":"http:\/\/diariodominicano.ddns.net\/?p=124372"},"modified":"2006-08-24T12:23:59","modified_gmt":"2006-08-24T12:23:59","slug":"afirman-que-ningun-pais-latinoamericana-esta-incluido-en-listas-negras-de-lavado-de-dinero","status":"publish","type":"post","link":"https:\/\/diariodominicano.com\/?p=124372","title":{"rendered":"Afirman que  ning\u00fan pa\u00eds latinoamericana  est\u00e1 incluido en listas negras de lavado de dinero"},"content":{"rendered":"<p><body><\/p>\n<p align=\"justify\" class=\"titulogrande1\">Afirman  que\u00a0 ning\u00fan pa\u00eds latinoamericana \u00a0est\u00e1 incluido en listas negras de lavado de  dinero <\/p>\n<p>&#13;<\/p>\n<p align=\"justify\" class=\"text1noticias\">PANAMA.- El  presidente de la   Federaci\u00f3n Latinoamericana de Bancos (Felaban), Juan Antonio  Ni\u00f1o, revel\u00f3 el mi\u00e9rcoles \u00a0aqu\u00ed que  ning\u00fan pa\u00eds de la regi\u00f3n est\u00e1 incluido en listas negras de lavado de dinero,  como ocurr\u00eda en el pasado. <br \/>&#13;<br \/>\n  <br \/>&#13;<br \/>\n\u201cTodos los pa\u00edses cuentan con  legislaciones antilavado\u201d, afirm\u00f3 Ni\u00f1o en la apertura del d\u00e9cimo Congreso  Hemisf\u00e9rico para la   Prevenci\u00f3n del Lavado de Dinero y Financiamiento al Terrorismo. <br \/>&#13;<br \/>\n<br \/>&#13;<br \/>\nDurante tres d\u00edas, expertos de la regi\u00f3n  expondr\u00e1n sus experiencias para combatir el blanqueo de capitales ante unos 400  delegados de varios pa\u00edses de la regi\u00f3n. <br \/>&#13;<br \/>\n<br \/>&#13;<br \/>\nEn su oportunidad, Ni\u00f1o se\u00f1al\u00f3 que las  actividades de las que los bancos en Am\u00e9rica Latina est\u00e1n m\u00e1s atentos para  prevenir el lavado de activos est\u00e1n la corrupci\u00f3n, seguida del narcotr\u00e1fico, la  delincuencia organizada y el terrorismo. <br \/>&#13;<br \/>\n<br \/>&#13;<br \/>\n\u201cSomos la regi\u00f3n del mundo que ha  implementado de manera m\u00e1s contundente est\u00e1ndares internacionales contra el  lavado de dinero\u201d, indic\u00f3 Ni\u00f1o. <br \/>&#13;<br \/>\n<br \/>&#13;<br \/>\nExpres\u00f3 su preocupaci\u00f3n por que  regulaciones estadounidenses adoptadas para luchar contra el terrorismo -como  la llamada Ley Patriota- afectan el negocio de banca en Am\u00e9rica Latina. <br \/>&#13;<br \/>\n<br \/>&#13;<br \/>\nPropuso una reuni\u00f3n entre reguladores y  bancos de Am\u00e9rica Latina y Estados Unidos para mejorar la situaci\u00f3n.<br \/> &#13;<br \/>\n<br \/>&#13;<br \/>\nPor su parte, el presidente de la Asociaci\u00f3n Bancaria  de Panam\u00e1, Jorge Vallarino, reiter\u00f3 el compromiso del los cerca de 80 bancos  del sistema de combatir el flagelo. <br \/>&#13;<br \/>\n<br \/>&#13;<br \/>\nRecord\u00f3 que la incorporaci\u00f3n del  terrorismo como punto a considerar en el lavado volvi\u00f3 m\u00e1s compleja la lucha  contra el il\u00edcito, por lo cual se requiere constante capacitaci\u00f3n, colaboraci\u00f3n  e intercambio de informaci\u00f3n. <br \/>&#13;<br \/>\n<br \/>&#13;<br \/>\nCoincidi\u00f3 con Ni\u00f1o en el sentido de que  las nuevas disposiciones adoptadas por Estados Unidos, han afectado la banca de  corresponsal\u00eda. <br \/>&#13;<br \/>\n<br \/>&#13;<br \/>\n\u201cLas instituciones privadas se ven  obligadas a adoptar medidas duras que afectan el desarrollo normal de  transacciones financieras legales, para cumplir con nuevas y cada vez m\u00e1s  r\u00edgidas normas\u201d, acot\u00f3 Vallarino. <br \/>&#13;<br \/>\n<br \/>&#13;<br \/>\nAdvirti\u00f3 que por ello muchos bancos  estadounidenses han terminado relaciones con entidades crediticias  latinoamericanas. <br \/>&#13;<br \/>\n<br \/>&#13;<br \/>\nEn el foro, el presidente de la unidad  de inteligencia financiera de Estados Unidos, Robert Werner, indic\u00f3 que la  posici\u00f3n estrat\u00e9gica de Panam\u00e1 y el desarrollo de su econom\u00eda la hacen  atractiva para los lavadores de dinero. <br \/>&#13;<br \/>\n<br \/>&#13;<br \/>\n\u201cNo importa cuan buenos seamos en el  combate al lavado de dinero, ellos (los blanqueadores) son igual de buenos en  entenderlo\u201d, mencion\u00f3 Werner. <br \/>&#13;<br \/>\n<br \/>&#13;<br \/>\nEl funcionario resalt\u00f3 que, pese a ello,  un sistema bancario transparente siempre ser\u00e1 m\u00e1s interesante para los  inversionistas.<\/p>\n<p>&#13;<\/p>\n<h6> 2006-08-24 12:23:59 <\/h6>\n<p><!--\n<link rel=\"stylesheet\" href=\"css\/bootstrap.min.css\">\n\n\n<ul class=\"pagination\">\n\t    \n\t\n\n<li >\n\t<a href='?page_no=30251'>Previous<\/a>\n\t<\/li>\n\n\n       \n    \n\n<li><a href='?page_no=1'>1<\/a><\/li>\n\n\n\n<li><a href='?page_no=2'>2<\/a><\/li>\n\n\n\n<li><a>...<\/a><\/li>\n\n\n\n<li><a href='?page_no=30250'>30250<\/a><\/li>\n\n\n\n<li><a href='?page_no=30251'>30251<\/a><\/li>\n\n\n\n<li class='active'><a>30252<\/a><\/li>\n\n\n\n<li><a href='?page_no=30253'>30253<\/a><\/li>\n\n\n\n<li><a href='?page_no=30254'>30254<\/a><\/li>\n\n\n\n<li><a>...<\/a><\/li>\n\n\n\n<li><a href='?page_no=30472'>30472<\/a><\/li>\n\n\n\n<li><a href='?page_no=30473'>30473<\/a><\/li>\n\n    \n\t\n\n<li >\n\t<a href='?page_no=30253'>Next<\/a>\n\t<\/li>\n\n\n    \n\n<li><a href='?page_no=30473'>Last &rsaquo;&rsaquo;<\/a><\/li>\n\n<\/ul>\n\n\n--><br \/>\n<\/body><\/p>\n","protected":false},"excerpt":{"rendered":"<p>Afirman que\u00a0 ning\u00fan pa\u00eds latinoamericana \u00a0est\u00e1 incluido en listas negras de lavado de dinero &#13; PANAMA.- El presidente de la Federaci\u00f3n Latinoamericana de Bancos (Felaban), Juan Antonio Ni\u00f1o, revel\u00f3 el mi\u00e9rcoles \u00a0aqu\u00ed que ning\u00fan pa\u00eds de la regi\u00f3n est\u00e1 incluido en listas negras de lavado de dinero, como ocurr\u00eda en el pasado. &#13; &#13; \u201cTodos [&hellip;]<\/p>\n","protected":false},"author":3,"featured_media":0,"comment_status":"open","ping_status":"open","sticky":false,"template":"","format":"standard","meta":{"footnotes":""},"categories":[18],"tags":[],"class_list":["post-124372","post","type-post","status-publish","format-standard","hentry","category-economia"],"_links":{"self":[{"href":"https:\/\/diariodominicano.com\/index.php?rest_route=\/wp\/v2\/posts\/124372","targetHints":{"allow":["GET"]}}],"collection":[{"href":"https:\/\/diariodominicano.com\/index.php?rest_route=\/wp\/v2\/posts"}],"about":[{"href":"https:\/\/diariodominicano.com\/index.php?rest_route=\/wp\/v2\/types\/post"}],"author":[{"embeddable":true,"href":"https:\/\/diariodominicano.com\/index.php?rest_route=\/wp\/v2\/users\/3"}],"replies":[{"embeddable":true,"href":"https:\/\/diariodominicano.com\/index.php?rest_route=%2Fwp%2Fv2%2Fcomments&post=124372"}],"version-history":[{"count":0,"href":"https:\/\/diariodominicano.com\/index.php?rest_route=\/wp\/v2\/posts\/124372\/revisions"}],"wp:attachment":[{"href":"https:\/\/diariodominicano.com\/index.php?rest_route=%2Fwp%2Fv2%2Fmedia&parent=124372"}],"wp:term":[{"taxonomy":"category","embeddable":true,"href":"https:\/\/diariodominicano.com\/index.php?rest_route=%2Fwp%2Fv2%2Fcategories&post=124372"},{"taxonomy":"post_tag","embeddable":true,"href":"https:\/\/diariodominicano.com\/index.php?rest_route=%2Fwp%2Fv2%2Ftags&post=124372"}],"curies":[{"name":"wp","href":"https:\/\/api.w.org\/{rel}","templated":true}]}}