{"id":124366,"date":"2006-08-29T12:02:15","date_gmt":"2006-08-29T12:02:15","guid":{"rendered":"http:\/\/diariodominicano.ddns.net\/?p=124366"},"modified":"2006-08-29T12:02:15","modified_gmt":"2006-08-29T12:02:15","slug":"consultor-afirma-la-rd-esta-preparada-para-importar-productos-organicos-a-la-union-europea","status":"publish","type":"post","link":"https:\/\/diariodominicano.com\/?p=124366","title":{"rendered":"Consultor afirma la RD est\u00e1 preparada para importar productos org\u00e1nicos a la Uni\u00f3n Europea"},"content":{"rendered":"<p><body><\/p>\n<p align=\"justify\" class=\"titulogrande1\">Consultor afirma la RD est\u00e1 preparada para importar  productos org\u00e1nicos a la Uni\u00f3n Europea<\/p>\n<p>&#13;<\/p>\n<p align=\"justify\" class=\"textogrande\"><strong>POR MORRIS N\u00da\u00d1EZ.<\/strong><\/p>\n<p>&#13;<\/p>\n<p align=\"justify\" class=\"text1noticias\">Un consultor de  agricultura org\u00e1nica\u00a0 del Instituto  Interamericano de Cooperaci\u00f3n para la Agricultura afirm\u00f3 que la Rep\u00fablica\u00a0 Dominicana est\u00e1 preparada  para exportar productos org\u00e1nicos a Europa, lo que simplificar\u00eda el proceso de  exportaci\u00f3n y har\u00eda m\u00e1s competitivo a los productores del pa\u00eds.<br \/>&#13;<br \/>\n  <br \/>&#13;<br \/>\n  El ingeniero  Emilio Rodr\u00edguez\u00a0 indico que este logro  de ser un pa\u00eds tercero significa que somos una naci\u00f3n que tiene una normativa y  un control de su agricultura, similar o superior al que al que aplican los  pa\u00edses europeos para sus cultivos.<br \/>&#13;<br \/>\n  <br \/>&#13;<br \/>\n  Record\u00f3 que Rep\u00fablica  Dominicana es l\u00edder mundial en las exportaciones de Cacao y banano org\u00e1nico, y  que a estos logros les\u00a0 han seguido otros,  gracias al esfuerzo y trabajo.<br \/>&#13;<br \/>\n  <br \/>&#13;<br \/>\n  Expres\u00f3 que ese  estatus conlleva una serie de requisitos tales como un marco regulatorio  actualizado, una instituci\u00f3n oficial que garantice el cumplimiento de una serie  de requisitos, as\u00ed como una funcionario de la secretaria de agricultura que  sirva\u00a0 de interlocutor entre ambas  partes.<br \/>&#13;<br \/>\n  <br \/>&#13;<br \/>\n\u00b4\u00b4 Actualmente el  pa\u00eds esta en el proceso de complementar el registro de productores org\u00e1nicos en  el que cada uno cumple con los par\u00e1metros establecidos, al registrarse se  alimenta una base de datos para cuando la uni\u00f3n europea\u00a0 solicite alg\u00fan dato, sea oficia\u00b4\u00b4 . Dijo el  funcionario.<\/p>\n<p>&#13;<\/p>\n<h6> 2006-08-29 12:02:15 <\/h6>\n<p><!--\n<link rel=\"stylesheet\" href=\"css\/bootstrap.min.css\">\n\n\n<ul class=\"pagination\">\n\t    \n\t\n\n<li >\n\t<a href='?page_no=30245'>Previous<\/a>\n\t<\/li>\n\n\n       \n    \n\n<li><a href='?page_no=1'>1<\/a><\/li>\n\n\n\n<li><a href='?page_no=2'>2<\/a><\/li>\n\n\n\n<li><a>...<\/a><\/li>\n\n\n\n<li><a href='?page_no=30244'>30244<\/a><\/li>\n\n\n\n<li><a href='?page_no=30245'>30245<\/a><\/li>\n\n\n\n<li class='active'><a>30246<\/a><\/li>\n\n\n\n<li><a href='?page_no=30247'>30247<\/a><\/li>\n\n\n\n<li><a href='?page_no=30248'>30248<\/a><\/li>\n\n\n\n<li><a>...<\/a><\/li>\n\n\n\n<li><a href='?page_no=30472'>30472<\/a><\/li>\n\n\n\n<li><a href='?page_no=30473'>30473<\/a><\/li>\n\n    \n\t\n\n<li >\n\t<a href='?page_no=30247'>Next<\/a>\n\t<\/li>\n\n\n    \n\n<li><a href='?page_no=30473'>Last &rsaquo;&rsaquo;<\/a><\/li>\n\n<\/ul>\n\n\n--><br \/>\n<\/body><\/p>\n","protected":false},"excerpt":{"rendered":"<p>Consultor afirma la RD est\u00e1 preparada para importar productos org\u00e1nicos a la Uni\u00f3n Europea &#13; POR MORRIS N\u00da\u00d1EZ. &#13; Un consultor de agricultura org\u00e1nica\u00a0 del Instituto Interamericano de Cooperaci\u00f3n para la Agricultura afirm\u00f3 que la Rep\u00fablica\u00a0 Dominicana est\u00e1 preparada para exportar productos org\u00e1nicos a Europa, lo que simplificar\u00eda el proceso de exportaci\u00f3n y har\u00eda m\u00e1s [&hellip;]<\/p>\n","protected":false},"author":3,"featured_media":0,"comment_status":"open","ping_status":"open","sticky":false,"template":"","format":"standard","meta":{"footnotes":""},"categories":[18],"tags":[],"class_list":["post-124366","post","type-post","status-publish","format-standard","hentry","category-economia"],"_links":{"self":[{"href":"https:\/\/diariodominicano.com\/index.php?rest_route=\/wp\/v2\/posts\/124366","targetHints":{"allow":["GET"]}}],"collection":[{"href":"https:\/\/diariodominicano.com\/index.php?rest_route=\/wp\/v2\/posts"}],"about":[{"href":"https:\/\/diariodominicano.com\/index.php?rest_route=\/wp\/v2\/types\/post"}],"author":[{"embeddable":true,"href":"https:\/\/diariodominicano.com\/index.php?rest_route=\/wp\/v2\/users\/3"}],"replies":[{"embeddable":true,"href":"https:\/\/diariodominicano.com\/index.php?rest_route=%2Fwp%2Fv2%2Fcomments&post=124366"}],"version-history":[{"count":0,"href":"https:\/\/diariodominicano.com\/index.php?rest_route=\/wp\/v2\/posts\/124366\/revisions"}],"wp:attachment":[{"href":"https:\/\/diariodominicano.com\/index.php?rest_route=%2Fwp%2Fv2%2Fmedia&parent=124366"}],"wp:term":[{"taxonomy":"category","embeddable":true,"href":"https:\/\/diariodominicano.com\/index.php?rest_route=%2Fwp%2Fv2%2Fcategories&post=124366"},{"taxonomy":"post_tag","embeddable":true,"href":"https:\/\/diariodominicano.com\/index.php?rest_route=%2Fwp%2Fv2%2Ftags&post=124366"}],"curies":[{"name":"wp","href":"https:\/\/api.w.org\/{rel}","templated":true}]}}