{"id":124359,"date":"2006-09-01T11:22:53","date_gmt":"2006-09-01T11:22:53","guid":{"rendered":"http:\/\/diariodominicano.ddns.net\/?p=124359"},"modified":"2006-09-01T11:22:53","modified_gmt":"2006-09-01T11:22:53","slug":"banco-central-presenta-plan-de-recapitalizacion-a-dirigentes-empresariales","status":"publish","type":"post","link":"https:\/\/diariodominicano.com\/?p=124359","title":{"rendered":"Banco Central presenta plan de recapitalizaci\u00f3n a dirigentes empresariales"},"content":{"rendered":"<p><body><\/p>\n<p align=\"justify\" class=\"titulogrande1\">Banco Central presenta plan de recapitalizaci\u00f3n a dirigentes  empresariales<\/p>\n<p>&#13;<\/p>\n<table width=\"269\" border=\"0\" align=\"left\" cellpadding=\"0\" cellspacing=\"0\">&#13;<\/p>\n<tr>&#13;<\/p>\n<td><img loading=\"lazy\" decoding=\"async\" src=\"http:\/\/localhost:8080\/economia\/pictures\/bancocentral.jpg\" width=\"269\" height=\"550\" \/><\/td>\n<p>&#13;<br \/>\n  <\/tr>\n<p>&#13;<\/p>\n<tr>&#13;<\/p>\n<td class=\"textogrande\">1)El Gobernador  H\u00e9ctor Valdez Albizu<br \/>&#13;<br \/>\n    2)Parte de los  dirigentes empresariales que asistieron a la reuni\u00f3n en la que el Gobernador  Valdez Albizu ofreci\u00f3 detalles del Plan de Recapitalizaci\u00f3n del Banco Central.<\/td>\n<p>&#13;<br \/>\n  <\/tr>\n<p>&#13;<br \/>\n<\/table>\n<p>&#13;<\/p>\n<p align=\"justify\" class=\"text1noticias\">SANTO DOMINGO.- El Gobernador  del Banco Central, \u00a0H\u00e9ctor Valdez Albizu,  explic\u00f3 los detalles del Plan de Recapitalizaci\u00f3n del Banco Central, el cual  viene a complementar el tercer pilar del Plan de la Soluci\u00f3n Integral  para la Reducci\u00f3n  del D\u00e9ficit Cuasifiscal que se ejecuta desde agosto de 2004.<\/p>\n<p>&#13;<\/p>\n<p align=\"justify\" class=\"text1noticias\">Durante una reuni\u00f3n de m\u00e1s de  dos horas y media con l\u00edderes de varias de las principales asociaciones  empresariales del pa\u00eds, Valdez Albizu explic\u00f3 que a trav\u00e9s del plan, proyectado  a diez a\u00f1os, el Gobierno entregar\u00eda al Banco Central bonos de recapitalizaci\u00f3n,  cuyos pagos de intereses ser\u00edan transferidos al Banco Central a los fines de  incrementar sus ingresos y con ello contribuir anualmente con la reducci\u00f3n del  d\u00e9ficit cuasifiscal.<\/p>\n<p>&#13;<\/p>\n<p align=\"justify\" class=\"text1noticias\">\u201cEsto quiere decir- se\u00f1al\u00f3 el  Gobernador- que al igual que a otras instituciones financieras del Estado, el Gobierno,  con aprobaci\u00f3n congresual, capitalizar\u00eda al Banco Central en forma gradual y en  un plazo de diez a\u00f1os, previsto en el plan \u201d. <\/p>\n<p>&#13;<\/p>\n<p align=\"justify\" class=\"text1noticias\">Valdez Albizu aclar\u00f3 que la  emisi\u00f3n de estos bonos de recapitalizaci\u00f3n no implicar\u00eda, bajo ning\u00fan concepto, la sustituci\u00f3n de los mismos por  certificados del Banco Central. \u201cLos tenedores de t\u00edtulos de nuestra  instituci\u00f3n mantendr\u00e1n sus t\u00edtulos y continuar\u00e1n cobrando sus intereses de  parte del Banco Central puntualmente,\u00a0  como hasta ahora se ha hecho, y el capital ser\u00e1 pagadero a fecha de  vencimiento en la forma inicialmente pactada\u201d.<\/p>\n<p>&#13;<\/p>\n<p align=\"justify\" class=\"text1noticias\">Destac\u00f3 que la emisi\u00f3n de  estos bonos de recapitalizaci\u00f3n no se trata de bonos soberanos en moneda  extranjera sino en moneda nacional, reiterando que \u00a0representan una deuda interna para cubrir las  p\u00e9rdidas que ha sufrido el Banco Central desde su fundaci\u00f3n en el a\u00f1o 1947.<\/p>\n<p>&#13;<\/p>\n<p align=\"justify\" class=\"text1noticias\">Durante su exposici\u00f3n, el  Gobernador hizo un recuento del origen del d\u00e9ficit cuasifiscal y su evoluci\u00f3n  hist\u00f3rica, aclarando confusiones conceptuales que se han suscitado \u00faltimamente  y presentando los logros que se han obtenido en cada uno de los cuatro pilares  que componen el Plan Integral para la Reducci\u00f3n del D\u00e9ficit Cuasifiscal.<\/p>\n<p>&#13;<\/p>\n<p align=\"justify\" class=\"text1noticias\">Haciendo un ejercicio de lo  que habr\u00eda pasado si las actuales autoridades no hubiesen efectuado la  correcci\u00f3n monetaria mediante nuevas colocaciones de certificados, el  Gobernador explic\u00f3 que, de haberse mantenido constante el stock de certificados  en el nivel de los ochenta y nueve mil millones que hab\u00eda hasta agosto de 2004,  se hubiera duplicado tanto el d\u00e9ficit cuasifiscal como la emisi\u00f3n monetaria, en  comparaci\u00f3n con los niveles actuales.<\/p>\n<p>&#13;<\/p>\n<p align=\"justify\" class=\"text1noticias\"><em>\u201cEso hubiera significado un deterioro  en t\u00e9rminos de inflaci\u00f3n, devaluaci\u00f3n, ca\u00edda del producto y bajo nivel de reservas  internacionales\u201d.<\/em><\/p>\n<p>&#13;<\/p>\n<p align=\"justify\" class=\"text1noticias\">La reuni\u00f3n para presentar el  Plan de Recapitalizaci\u00f3n del Banco Central se llev\u00f3 a cabo en la sede de esta  instituci\u00f3n y en la misma participaron Eduardo Valc\u00e1cer, Presidente de la Asociaci\u00f3n de J\u00f3venes  Empresarios ANJE, Yandra Portela, Presidenta de la Asociaci\u00f3n de  Industrias de la   Rep\u00fablica Dominicana (AIRD), Jes\u00fas Moreno Portalatin,  Presidente de la Asociaci\u00f3n  de Industriales de Herrera, Iv\u00e1n Garc\u00eda, Presidente de la Federaci\u00f3n Dominicana  de Comerciantes FDC, y Luis L\u00f3pez, Presidente de la Asociaci\u00f3n Nacional  de Hoteles y Restaurantes ASONAHORES.<\/p>\n<p>&#13;<\/p>\n<p align=\"justify\" class=\"text1noticias\">Igualmente, Marino Ginebra y  Arturo Villanueva, de ASONAHORES; Circe Alm\u00e1nzar y Francisco Garc\u00eda Crespo, de  la AIRD; Pablo Piantini y Joel Santos, de ANJE; Leonardo Aquiles Morel, Rafael  D\u00edaz y Nelson Crespo, de la FDC; y Ricardo Nesrala, Ignacio M\u00e9ndez, Ernesto  S\u00e1nchez y Julissa Almonte, de los Industriales de Herrera.<\/p>\n<p>&#13;<\/p>\n<p align=\"justify\" class=\"text1noticias\">Por el Banco Central, adem\u00e1s  del Gobernador, estuvieron presentes la Vicegobernadora Clarissa de la Rocha de  Torres, el Gerente Pedro Silverio, los subgerentes Rolando Reyes y Ricardo  Rojas Le\u00f3n, los asesores Angie Founder, Rosanna Ruiz, Olga D\u00edaz y Julio  Estrella, y los directores Joel Tejeda, Ervin Novas y Frank Monta\u00f1o.<\/p>\n<p>&#13;<\/p>\n<h6> 2006-09-01 11:22:53 <\/h6>\n<p><!--\n<link rel=\"stylesheet\" href=\"css\/bootstrap.min.css\">\n\n\n<ul class=\"pagination\">\n\t    \n\t\n\n<li >\n\t<a href='?page_no=30238'>Previous<\/a>\n\t<\/li>\n\n\n       \n    \n\n<li><a href='?page_no=1'>1<\/a><\/li>\n\n\n\n<li><a href='?page_no=2'>2<\/a><\/li>\n\n\n\n<li><a>...<\/a><\/li>\n\n\n\n<li><a href='?page_no=30237'>30237<\/a><\/li>\n\n\n\n<li><a href='?page_no=30238'>30238<\/a><\/li>\n\n\n\n<li class='active'><a>30239<\/a><\/li>\n\n\n\n<li><a href='?page_no=30240'>30240<\/a><\/li>\n\n\n\n<li><a href='?page_no=30241'>30241<\/a><\/li>\n\n\n\n<li><a>...<\/a><\/li>\n\n\n\n<li><a href='?page_no=30472'>30472<\/a><\/li>\n\n\n\n<li><a href='?page_no=30473'>30473<\/a><\/li>\n\n    \n\t\n\n<li >\n\t<a href='?page_no=30240'>Next<\/a>\n\t<\/li>\n\n\n    \n\n<li><a href='?page_no=30473'>Last &rsaquo;&rsaquo;<\/a><\/li>\n\n<\/ul>\n\n\n--><br \/>\n<\/body><\/p>\n","protected":false},"excerpt":{"rendered":"<p>Banco Central presenta plan de recapitalizaci\u00f3n a dirigentes empresariales &#13; &#13; &#13; &#13; &#13; &#13; 1)El Gobernador H\u00e9ctor Valdez Albizu&#13; 2)Parte de los dirigentes empresariales que asistieron a la reuni\u00f3n en la que el Gobernador Valdez Albizu ofreci\u00f3 detalles del Plan de Recapitalizaci\u00f3n del Banco Central. &#13; &#13; &#13; SANTO DOMINGO.- El Gobernador del Banco [&hellip;]<\/p>\n","protected":false},"author":3,"featured_media":0,"comment_status":"open","ping_status":"open","sticky":false,"template":"","format":"standard","meta":{"footnotes":""},"categories":[18],"tags":[],"class_list":["post-124359","post","type-post","status-publish","format-standard","hentry","category-economia"],"_links":{"self":[{"href":"https:\/\/diariodominicano.com\/index.php?rest_route=\/wp\/v2\/posts\/124359","targetHints":{"allow":["GET"]}}],"collection":[{"href":"https:\/\/diariodominicano.com\/index.php?rest_route=\/wp\/v2\/posts"}],"about":[{"href":"https:\/\/diariodominicano.com\/index.php?rest_route=\/wp\/v2\/types\/post"}],"author":[{"embeddable":true,"href":"https:\/\/diariodominicano.com\/index.php?rest_route=\/wp\/v2\/users\/3"}],"replies":[{"embeddable":true,"href":"https:\/\/diariodominicano.com\/index.php?rest_route=%2Fwp%2Fv2%2Fcomments&post=124359"}],"version-history":[{"count":0,"href":"https:\/\/diariodominicano.com\/index.php?rest_route=\/wp\/v2\/posts\/124359\/revisions"}],"wp:attachment":[{"href":"https:\/\/diariodominicano.com\/index.php?rest_route=%2Fwp%2Fv2%2Fmedia&parent=124359"}],"wp:term":[{"taxonomy":"category","embeddable":true,"href":"https:\/\/diariodominicano.com\/index.php?rest_route=%2Fwp%2Fv2%2Fcategories&post=124359"},{"taxonomy":"post_tag","embeddable":true,"href":"https:\/\/diariodominicano.com\/index.php?rest_route=%2Fwp%2Fv2%2Ftags&post=124359"}],"curies":[{"name":"wp","href":"https:\/\/api.w.org\/{rel}","templated":true}]}}