{"id":124358,"date":"2006-09-01T11:29:52","date_gmt":"2006-09-01T11:29:52","guid":{"rendered":"http:\/\/diariodominicano.ddns.net\/?p=124358"},"modified":"2006-09-01T11:29:52","modified_gmt":"2006-09-01T11:29:52","slug":"presidente-fernandez-se-reunira-con-empresarios-de-zonas-francas-cita-retos-del-gobierno","status":"publish","type":"post","link":"https:\/\/diariodominicano.com\/?p=124358","title":{"rendered":"Presidente Fern\u00e1ndez se reunir\u00e1 con empresarios de zonas francas; cita retos del Gobierno"},"content":{"rendered":"<p><body><\/p>\n<p align=\"justify\" class=\"titulogrande1\">Presidente  Fern\u00e1ndez se reunir\u00e1 con empresarios de zonas francas; cita retos del Gobierno<\/p>\n<p>&#13;<\/p>\n<p align=\"justify\" class=\"text1noticias\">SANTO DOMINGO.-  El presidente \u00a0Leonel Fern\u00e1ndez,  encabezar\u00e1 este lunes en la ciudad de Santiago una reuni\u00f3n con  empresarios\u00a0de Zonas Francas del pa\u00eds, para conocer el\u00a0comportamiento  de ese sector en los \u00faltimos meses.<\/p>\n<p>&#13;<\/p>\n<p align=\"justify\" class=\"text1noticias\">El anuncio lo  hizo el secretario T\u00e9cnico de la presidencia, ingeniero Tem\u00edstocles Mont\u00e1s,  quien\u00a0estuvo acompa\u00f1ado de\u00a0Luisa Fern\u00e1ndez, directora del Consejo  Nacional de Zonas Francas de Exportaci\u00f3n y explic\u00f3 que\u00a0en la reuni\u00f3n \u00a0se har\u00e1 una evaluaci\u00f3n de ese sector.<\/p>\n<p>&#13;<\/p>\n<p align=\"justify\" class=\"text1noticias\">Dijo \u00a0que al Gobierno le preocupa el decrecimiento  experimentado por el sector de las zonas francas, por lo que se procuran  soluciones a los problemas que pueda afrontar el sector para que \u00a0vuelva a recuperar su din\u00e1mica positiva.<\/p>\n<p>&#13;<\/p>\n<p align=\"justify\" class=\"text1noticias\">Indic\u00f3 que en la  reuni\u00f3n, que se efectuar\u00e1 en el hotel Gran Almirante, el Presidente Fern\u00e1ndez \u00a0escuchar\u00e1 las recomendaciones pertinentes de  los participantes para el relanzamiento del sector de zonas francas.<\/p>\n<p>&#13;<\/p>\n<p align=\"justify\" class=\"text1noticias\">De su lado, Luisa  Fern\u00e1ndez dijo que el objetivo fundamental de la reuni\u00f3n es plantear nuevas  estrategias que permitan mejorar los niveles de competitividad de las zonas  francas del pa\u00eds, en aras de fortalecer las inversiones de las empresas  instaladas y su posicionamiento frente a los competidores.<\/p>\n<p>&#13;<\/p>\n<p align=\"justify\" class=\"text1noticias\">Anunci\u00f3 \u00a0que en la reuni\u00f3n\u00a0 participar\u00e1n \u00a0los sectores de confecciones y textiles,  calzados, productos el\u00e9ctricos y electr\u00f3nicos, dispositivos m\u00e9dicos, joyer\u00eda,  tabaco, tecnolog\u00edas de informaci\u00f3n y los centros de llamadas o call centers.<\/p>\n<p>&#13;<\/p>\n<p align=\"justify\" class=\"text1noticias\">Tambi\u00e9n han sido  invitados a participar expertos del Banco Mundial, representantes de la Agencia Internacional  para el Desarrollo (AID),\u00a0y el doctor Ren\u00e9 Villareal, asesor internacional  en materia de competitividad del Poder Ejecutivo.<\/p>\n<p>&#13;<\/p>\n<p align=\"justify\" class=\"text1noticias\">Por parte del  gobierno, acompa\u00f1ar\u00e1n al presidente Fern\u00e1ndez \u00a0los secretarios de la Presidencia, Danilo  Medina; T\u00e9cnico, Juan Tem\u00edstocles Mont\u00e1s; de Industria y Comercio, Francisco  Javier\u00a0Garc\u00eda; de Trabajo, Ram\u00f3n Fadul;\u00a0el gobernador del Banco Central,  H\u00e9ctor Valdez Albizu;\u00a0el director de Aduanas, Miguel Cocco; el  superintendente de Electricidad, Francisco M\u00e9ndez; y el director de la Corporaci\u00f3n Dominicana  de Fomento Industrial (CFI), Rub\u00e9n Bichara.<\/p>\n<p>&#13;<\/p>\n<p align=\"justify\" class=\"text1noticias\">\u00a0Luisa Fern\u00e1ndez consider\u00f3 que el encuentro ha  sido convocado por considerar de extrema importancia al sector de zonas francas  para la econom\u00eda del pa\u00eds, el cual genera m\u00e1s de 155 mil empleos directos y un  volumen de exportaciones por m\u00e1s de 4,700 millones de d\u00f3lares anuales,  representando el 77 por ciento de las exportaciones del pa\u00eds.\u00a0\u00a0<\/p>\n<p>&#13;<\/p>\n<p align=\"justify\" class=\"text1noticias\"><strong>Los retos del Gobierno<\/strong><\/p>\n<p>&#13;<\/p>\n<p align=\"justify\" class=\"text1noticias\">El secretario T\u00e9cnico tambi\u00e9n reiter\u00f3 que para  el Gobierno, el tema el\u00e9ctrico y la deuda del Banco Central son los dos retos  que tiene por delante, seg\u00fan opin\u00f3 el \u00a0jueves el jefe del equipo econ\u00f3mico del  gobierno. \u00a0 En ese sentido, el funcionario dijo que el gobierno,  consciente de esos dos problemas, est\u00e1 dando los pasos en la b\u00fasqueda de una  soluci\u00f3n. \u00a0 <br \/>&#13;<br \/>\n  <br \/>&#13;<br \/>\n  Respecto  a la deuda con el Banco Central, Mont\u00e1s asegur\u00f3 que \u00abya existe una  estrategia para los certificados que est\u00e1n depositados en la instituci\u00f3n  bancaria, que en su momento las autoridades la dar\u00e1n a conocer, debido a que se  esta coordinando con el Fondo Monetario Internacional\u00bb. \u00a0 <br \/>&#13;<br \/>\n  <br \/>&#13;<br \/>\n  Del  sector el\u00e9ctrico, dijo \u00abestamos trabajando, estamos viendo que a lo largo  de los \u00faltimos tres meses se ha producido una mejor\u00eda importante en el nivel de  cobranza. \u00a0 \u00a0Mont\u00e1s habl\u00f3 al respecto en rueda de prensa en su  despacho del Palacio Nacional, donde anunci\u00f3, convoc\u00f3 para anunciar la reuni\u00f3n  del presidente Leonel Fern\u00e1ndez y el sector de zona franca. \u00a0<\/p>\n<p>&#13;<\/p>\n<h6> 2006-09-01 11:29:52 <\/h6>\n<p><!--\n<link rel=\"stylesheet\" href=\"css\/bootstrap.min.css\">\n\n\n<ul class=\"pagination\">\n\t    \n\t\n\n<li >\n\t<a href='?page_no=30237'>Previous<\/a>\n\t<\/li>\n\n\n       \n    \n\n<li><a href='?page_no=1'>1<\/a><\/li>\n\n\n\n<li><a href='?page_no=2'>2<\/a><\/li>\n\n\n\n<li><a>...<\/a><\/li>\n\n\n\n<li><a href='?page_no=30236'>30236<\/a><\/li>\n\n\n\n<li><a href='?page_no=30237'>30237<\/a><\/li>\n\n\n\n<li class='active'><a>30238<\/a><\/li>\n\n\n\n<li><a href='?page_no=30239'>30239<\/a><\/li>\n\n\n\n<li><a href='?page_no=30240'>30240<\/a><\/li>\n\n\n\n<li><a>...<\/a><\/li>\n\n\n\n<li><a href='?page_no=30472'>30472<\/a><\/li>\n\n\n\n<li><a href='?page_no=30473'>30473<\/a><\/li>\n\n    \n\t\n\n<li >\n\t<a href='?page_no=30239'>Next<\/a>\n\t<\/li>\n\n\n    \n\n<li><a href='?page_no=30473'>Last &rsaquo;&rsaquo;<\/a><\/li>\n\n<\/ul>\n\n\n--><br \/>\n<\/body><\/p>\n","protected":false},"excerpt":{"rendered":"<p>Presidente Fern\u00e1ndez se reunir\u00e1 con empresarios de zonas francas; cita retos del Gobierno &#13; SANTO DOMINGO.- El presidente \u00a0Leonel Fern\u00e1ndez, encabezar\u00e1 este lunes en la ciudad de Santiago una reuni\u00f3n con empresarios\u00a0de Zonas Francas del pa\u00eds, para conocer el\u00a0comportamiento de ese sector en los \u00faltimos meses. &#13; El anuncio lo hizo el secretario T\u00e9cnico de [&hellip;]<\/p>\n","protected":false},"author":3,"featured_media":0,"comment_status":"open","ping_status":"open","sticky":false,"template":"","format":"standard","meta":{"footnotes":""},"categories":[18],"tags":[],"class_list":["post-124358","post","type-post","status-publish","format-standard","hentry","category-economia"],"_links":{"self":[{"href":"https:\/\/diariodominicano.com\/index.php?rest_route=\/wp\/v2\/posts\/124358","targetHints":{"allow":["GET"]}}],"collection":[{"href":"https:\/\/diariodominicano.com\/index.php?rest_route=\/wp\/v2\/posts"}],"about":[{"href":"https:\/\/diariodominicano.com\/index.php?rest_route=\/wp\/v2\/types\/post"}],"author":[{"embeddable":true,"href":"https:\/\/diariodominicano.com\/index.php?rest_route=\/wp\/v2\/users\/3"}],"replies":[{"embeddable":true,"href":"https:\/\/diariodominicano.com\/index.php?rest_route=%2Fwp%2Fv2%2Fcomments&post=124358"}],"version-history":[{"count":0,"href":"https:\/\/diariodominicano.com\/index.php?rest_route=\/wp\/v2\/posts\/124358\/revisions"}],"wp:attachment":[{"href":"https:\/\/diariodominicano.com\/index.php?rest_route=%2Fwp%2Fv2%2Fmedia&parent=124358"}],"wp:term":[{"taxonomy":"category","embeddable":true,"href":"https:\/\/diariodominicano.com\/index.php?rest_route=%2Fwp%2Fv2%2Fcategories&post=124358"},{"taxonomy":"post_tag","embeddable":true,"href":"https:\/\/diariodominicano.com\/index.php?rest_route=%2Fwp%2Fv2%2Ftags&post=124358"}],"curies":[{"name":"wp","href":"https:\/\/api.w.org\/{rel}","templated":true}]}}