{"id":124356,"date":"2006-09-02T19:26:46","date_gmt":"2006-09-02T19:26:46","guid":{"rendered":"http:\/\/diariodominicano.ddns.net\/?p=124356"},"modified":"2006-09-02T19:26:46","modified_gmt":"2006-09-02T19:26:46","slug":"federacion-nacional-de-ongs-reconoce-a-valdez-albizu","status":"publish","type":"post","link":"https:\/\/diariodominicano.com\/?p=124356","title":{"rendered":"Federaci\u00f3n Nacional de ONG\u2019s reconoce a Valdez Albizu"},"content":{"rendered":"<p><body><\/p>\n<p class=\"titulogrande1\">Federaci\u00f3n Nacional de ONG\u2019s  reconoce a Valdez Albizu<\/p>\n<p>&#13;<\/p>\n<p align=\"justify\"><strong>SANTO DOMINGO.-<\/strong> <span class=\"text1noticias\">La Federaci\u00f3n Nacional  de Organizaciones No Gubernamentales, que agrupa a m\u00e1s de 250 organizaciones  comunitarias a nivel nacional, entreg\u00f3 una placa de reconocimiento al  Gobernador del Banco Central, licenciado H\u00e9ctor Valdez Albizu, por sus  invaluables aportes a la recuperaci\u00f3n econ\u00f3mica del pa\u00eds.<\/span><\/p>\n<p>&#13;<\/p>\n<p align=\"justify\" class=\"text1noticias\">Al hacer entrega de la placa,  el presidente de esta federaci\u00f3n, Ram\u00f3n Suero Alegr\u00eda, dijo que este  reconocimiento al Gobernador fue aprobado por el pleno de la directiva en  asamblea celebrada en el mes de agosto, luego de evaluar la brillante  trayectoria profesional y el arduo trabajo realizado por el licenciado Valdez  Albizu al frente del Banco Central.<\/p>\n<p>&#13;<\/p>\n<p align=\"justify\" class=\"text1noticias\">De su lado, el Gobernador  Valdez Albizu agradeci\u00f3 el reconocimiento y dijo que lo recib\u00eda con humildad  pero mucho orgullo porque representa un homenaje no s\u00f3lo a \u00e9l sino tambi\u00e9n a  sus funcionarios y a todo el personal del Banco Central.<\/p>\n<p>&#13;<\/p>\n<p align=\"justify\" class=\"text1noticias\">\u201cEl hecho de que este reconocimiento  me est\u00e9 siendo otorgado por organizaciones comunitarias significa que el  trabajo que estamos haciendo en el banco, aunado a los planes sociales que est\u00e1  implementando el se\u00f1or Presidente de la Rep\u00fablica Dr. Leonel Fern\u00e1ndez, est\u00e1  empezando a llegar a los m\u00e1s necesitados\u201d, dijo Valdez Albizu.<\/p>\n<p>&#13;<\/p>\n<p align=\"justify\" class=\"text1noticias\">Para la entrega de la placa,  efectuada en el despacho del Gobernador, \u00a0el presidente de la Federaci\u00f3n estuvo  acompa\u00f1ado por Andr\u00e9s D\u00edaz, presidente de la Fundaci\u00f3n Nacional contra la  Pobreza, y Luciana Valdez, presidente de la Fundaci\u00f3n Pro desarrollo de Hatillo  y sus parajes.<\/p>\n<p>&#13;<\/p>\n<h6> 2006-09-02 19:26:46 <\/h6>\n<p><!--\n<link rel=\"stylesheet\" href=\"css\/bootstrap.min.css\">\n\n\n<ul class=\"pagination\">\n\t    \n\t\n\n<li >\n\t<a href='?page_no=30235'>Previous<\/a>\n\t<\/li>\n\n\n       \n    \n\n<li><a href='?page_no=1'>1<\/a><\/li>\n\n\n\n<li><a href='?page_no=2'>2<\/a><\/li>\n\n\n\n<li><a>...<\/a><\/li>\n\n\n\n<li><a href='?page_no=30234'>30234<\/a><\/li>\n\n\n\n<li><a href='?page_no=30235'>30235<\/a><\/li>\n\n\n\n<li class='active'><a>30236<\/a><\/li>\n\n\n\n<li><a href='?page_no=30237'>30237<\/a><\/li>\n\n\n\n<li><a href='?page_no=30238'>30238<\/a><\/li>\n\n\n\n<li><a>...<\/a><\/li>\n\n\n\n<li><a href='?page_no=30472'>30472<\/a><\/li>\n\n\n\n<li><a href='?page_no=30473'>30473<\/a><\/li>\n\n    \n\t\n\n<li >\n\t<a href='?page_no=30237'>Next<\/a>\n\t<\/li>\n\n\n    \n\n<li><a href='?page_no=30473'>Last &rsaquo;&rsaquo;<\/a><\/li>\n\n<\/ul>\n\n\n--><br \/>\n<\/body><\/p>\n","protected":false},"excerpt":{"rendered":"<p>Federaci\u00f3n Nacional de ONG\u2019s reconoce a Valdez Albizu &#13; SANTO DOMINGO.- La Federaci\u00f3n Nacional de Organizaciones No Gubernamentales, que agrupa a m\u00e1s de 250 organizaciones comunitarias a nivel nacional, entreg\u00f3 una placa de reconocimiento al Gobernador del Banco Central, licenciado H\u00e9ctor Valdez Albizu, por sus invaluables aportes a la recuperaci\u00f3n econ\u00f3mica del pa\u00eds. &#13; Al [&hellip;]<\/p>\n","protected":false},"author":3,"featured_media":0,"comment_status":"open","ping_status":"open","sticky":false,"template":"","format":"standard","meta":{"footnotes":""},"categories":[18],"tags":[],"class_list":["post-124356","post","type-post","status-publish","format-standard","hentry","category-economia"],"_links":{"self":[{"href":"https:\/\/diariodominicano.com\/index.php?rest_route=\/wp\/v2\/posts\/124356","targetHints":{"allow":["GET"]}}],"collection":[{"href":"https:\/\/diariodominicano.com\/index.php?rest_route=\/wp\/v2\/posts"}],"about":[{"href":"https:\/\/diariodominicano.com\/index.php?rest_route=\/wp\/v2\/types\/post"}],"author":[{"embeddable":true,"href":"https:\/\/diariodominicano.com\/index.php?rest_route=\/wp\/v2\/users\/3"}],"replies":[{"embeddable":true,"href":"https:\/\/diariodominicano.com\/index.php?rest_route=%2Fwp%2Fv2%2Fcomments&post=124356"}],"version-history":[{"count":0,"href":"https:\/\/diariodominicano.com\/index.php?rest_route=\/wp\/v2\/posts\/124356\/revisions"}],"wp:attachment":[{"href":"https:\/\/diariodominicano.com\/index.php?rest_route=%2Fwp%2Fv2%2Fmedia&parent=124356"}],"wp:term":[{"taxonomy":"category","embeddable":true,"href":"https:\/\/diariodominicano.com\/index.php?rest_route=%2Fwp%2Fv2%2Fcategories&post=124356"},{"taxonomy":"post_tag","embeddable":true,"href":"https:\/\/diariodominicano.com\/index.php?rest_route=%2Fwp%2Fv2%2Ftags&post=124356"}],"curies":[{"name":"wp","href":"https:\/\/api.w.org\/{rel}","templated":true}]}}