{"id":124353,"date":"2006-09-06T11:44:11","date_gmt":"2006-09-06T11:44:11","guid":{"rendered":"http:\/\/diariodominicano.ddns.net\/?p=124353"},"modified":"2006-09-06T11:44:11","modified_gmt":"2006-09-06T11:44:11","slug":"intel-cancelara-diez-mil-500-trabajadores","status":"publish","type":"post","link":"https:\/\/diariodominicano.com\/?p=124353","title":{"rendered":"Intel cancelar\u00e1 diez mil 500 trabajadores"},"content":{"rendered":"<p><body><\/p>\n<p class=\"titulogrande1\">Intel cancelar\u00e1  diez mil 500 trabajadores<\/p>\n<p>&#13;<\/p>\n<p align=\"justify\"><strong>NUEVA YORK.-<\/strong> <span class=\"text1noticias\">El  mayor fabricante mundial de microprocesadores, Intel, anunci\u00f3 hoy que despedir\u00e1  a 10 mil 500 trabajadores, cerca de un 10% de su plantilla, para reducir costos  y mejorar su posici\u00f3n competitiva. <br \/>&#13;<br \/>\n  <br \/>&#13;<br \/>\n  La empresa se\u00f1al\u00f3 que recortar\u00e1 7 mil  500 empleos de aqu\u00ed a fin de a\u00f1o y otros 3 mil hasta mediados de 2007, con lo  que espera lograr ahorros por 2 mil millones de d\u00f3lares el a\u00f1o que viene y de 3  mil millones anuales a partir de 2008. <br \/>&#13;<br \/>\n  <br \/>&#13;<br \/>\n  Con esto, la empresa espera contar a  mediados del a\u00f1o que viene con 92 mil trabajadores, de los 102.500 que emplea  hoy en d\u00eda. <br \/>&#13;<br \/>\n  <br \/>&#13;<br \/>\n  El mercado esperaba ampliamente las  reducciones, que resultaron incluso menores a las previstas por algunos  analistas, quienes estimaban que el n\u00famero de despidos podr\u00eda llegar a unos 20  mil. <br \/>&#13;<br \/>\n  <br \/>&#13;<br \/>\n  Asimismo, los despidos anunciados hoy  incluyen 3 mil posiciones que la compa\u00f1\u00eda ya hab\u00eda anunciado que reducir\u00eda. <br \/>&#13;<br \/>\n  <br \/>&#13;<br \/>\nLos despidos programados para este a\u00f1o  afectar\u00e1n principalmente a posiciones ejecutivas, de promoci\u00f3n y tecnolog\u00eda,  mientras que los del a\u00f1o que viene afectar\u00e1n a todas las divisiones y  operaciones de la empresa.<\/span><\/p>\n<p>&#13;<\/p>\n<h6> 2006-09-06 11:44:11 <\/h6>\n<p><!--\n<link rel=\"stylesheet\" href=\"css\/bootstrap.min.css\">\n\n\n<ul class=\"pagination\">\n\t    \n\t\n\n<li >\n\t<a href='?page_no=30232'>Previous<\/a>\n\t<\/li>\n\n\n       \n    \n\n<li><a href='?page_no=1'>1<\/a><\/li>\n\n\n\n<li><a href='?page_no=2'>2<\/a><\/li>\n\n\n\n<li><a>...<\/a><\/li>\n\n\n\n<li><a href='?page_no=30231'>30231<\/a><\/li>\n\n\n\n<li><a href='?page_no=30232'>30232<\/a><\/li>\n\n\n\n<li class='active'><a>30233<\/a><\/li>\n\n\n\n<li><a href='?page_no=30234'>30234<\/a><\/li>\n\n\n\n<li><a href='?page_no=30235'>30235<\/a><\/li>\n\n\n\n<li><a>...<\/a><\/li>\n\n\n\n<li><a href='?page_no=30472'>30472<\/a><\/li>\n\n\n\n<li><a href='?page_no=30473'>30473<\/a><\/li>\n\n    \n\t\n\n<li >\n\t<a href='?page_no=30234'>Next<\/a>\n\t<\/li>\n\n\n    \n\n<li><a href='?page_no=30473'>Last &rsaquo;&rsaquo;<\/a><\/li>\n\n<\/ul>\n\n\n--><br \/>\n<\/body><\/p>\n","protected":false},"excerpt":{"rendered":"<p>Intel cancelar\u00e1 diez mil 500 trabajadores &#13; NUEVA YORK.- El mayor fabricante mundial de microprocesadores, Intel, anunci\u00f3 hoy que despedir\u00e1 a 10 mil 500 trabajadores, cerca de un 10% de su plantilla, para reducir costos y mejorar su posici\u00f3n competitiva. &#13; &#13; La empresa se\u00f1al\u00f3 que recortar\u00e1 7 mil 500 empleos de aqu\u00ed a fin [&hellip;]<\/p>\n","protected":false},"author":3,"featured_media":0,"comment_status":"open","ping_status":"open","sticky":false,"template":"","format":"standard","meta":{"footnotes":""},"categories":[18],"tags":[],"class_list":["post-124353","post","type-post","status-publish","format-standard","hentry","category-economia"],"_links":{"self":[{"href":"https:\/\/diariodominicano.com\/index.php?rest_route=\/wp\/v2\/posts\/124353","targetHints":{"allow":["GET"]}}],"collection":[{"href":"https:\/\/diariodominicano.com\/index.php?rest_route=\/wp\/v2\/posts"}],"about":[{"href":"https:\/\/diariodominicano.com\/index.php?rest_route=\/wp\/v2\/types\/post"}],"author":[{"embeddable":true,"href":"https:\/\/diariodominicano.com\/index.php?rest_route=\/wp\/v2\/users\/3"}],"replies":[{"embeddable":true,"href":"https:\/\/diariodominicano.com\/index.php?rest_route=%2Fwp%2Fv2%2Fcomments&post=124353"}],"version-history":[{"count":0,"href":"https:\/\/diariodominicano.com\/index.php?rest_route=\/wp\/v2\/posts\/124353\/revisions"}],"wp:attachment":[{"href":"https:\/\/diariodominicano.com\/index.php?rest_route=%2Fwp%2Fv2%2Fmedia&parent=124353"}],"wp:term":[{"taxonomy":"category","embeddable":true,"href":"https:\/\/diariodominicano.com\/index.php?rest_route=%2Fwp%2Fv2%2Fcategories&post=124353"},{"taxonomy":"post_tag","embeddable":true,"href":"https:\/\/diariodominicano.com\/index.php?rest_route=%2Fwp%2Fv2%2Ftags&post=124353"}],"curies":[{"name":"wp","href":"https:\/\/api.w.org\/{rel}","templated":true}]}}