{"id":124347,"date":"2006-09-08T10:42:41","date_gmt":"2006-09-08T10:42:41","guid":{"rendered":"http:\/\/diariodominicano.ddns.net\/?p=124347"},"modified":"2006-09-08T10:42:41","modified_gmt":"2006-09-08T10:42:41","slug":"gobernador-del-banco-central-desmiente-suspension-del-acuerdo-del-fmi-con-republica-dominicana","status":"publish","type":"post","link":"https:\/\/diariodominicano.com\/?p=124347","title":{"rendered":"Gobernador del Banco Central desmiente suspensi\u00f3n del acuerdo del FMI con Rep\u00fablica Dominicana"},"content":{"rendered":"<p><body><\/p>\n<p align=\"justify\" class=\"titulogrande1\">Gobernador del Banco Central desmiente suspensi\u00f3n del acuerdo del FMI  con Rep\u00fablica Dominicana<\/p>\n<p>&#13;<\/p>\n<p align=\"justify\" class=\"text1noticias\"><img loading=\"lazy\" decoding=\"async\" src=\"http:\/\/localhost:8080\/economia\/pictures\/hector valdez.jpg\" width=\"163\" height=\"228\" hspace=\"4\" align=\"left\" \/>SANTO DOMINGO.- El Gobernador  del Banco Central de la   Rep\u00fablica Dominicana, H\u00e9ctor Valdez Albizu, desminti\u00f3  categ\u00f3ricamente las afirmaciones aparecidas en algunos medios de comunicaci\u00f3n  referente a que el FMI habr\u00eda suspendido el Acuerdo con el pa\u00eds. \u00a0<br \/>&#13;<br \/>\n  Horas antes el ex gobernador del Gobierno del  presidente Hip\u00f3lito Mej\u00eda, el economista F\u00e9lix Calvo hab\u00eda dicho que el FMI  suspendi\u00f3 el acuerdo Stand By con Rep\u00fablica Dominicana, hasta que el Gobierno presente un programa de soluci\u00f3n  a la deuda del Banco Central y al subsidio del sector el\u00e9ctrico.<br \/>&#13;<br \/>\n  <br \/>&#13;<br \/>\n  Al negar la versi\u00f3n, Valdez  Albizu record\u00f3 que hace algunas semanas estuvo de visita en el pa\u00eds la misi\u00f3n  del FMI para iniciar el proceso de la quinta revisi\u00f3n del Acuerdo Stand-By con  ese organismo, la cual se espera sea concluida en una visita programada, en  principio, para el mes de octubre de este a\u00f1o. <\/p>\n<p>&#13;<\/p>\n<p align=\"justify\" class=\"text1noticias\">Adem\u00e1s, inform\u00f3 que la pr\u00f3xima  semana, durante la   Reuni\u00f3n Anual de la   Junta de Gobernadores del FMI y el Banco Mundial, a  celebrarse en Singapur, el equipo econ\u00f3mico del Gobierno sostendr\u00e1 un encuentro  con Agust\u00edn Carstens, Sub-Director Gerente del FMI, para continuar con las  conversaciones relativas al Acuerdo.<\/p>\n<p>&#13;<\/p>\n<p align=\"justify\" class=\"text1noticias\">Sin mencionar a F\u00e9lix Calvo,  respecto al \u00a0plan de Recapitalizaci\u00f3n del  Banco Central, el Gobernador mencion\u00f3 que el 25 de julio pasado se conoci\u00f3 y se  aprob\u00f3 el plan en la comisi\u00f3n de Alto Nivel designada por decreto presidencial  y contemplada en la carta de intenci\u00f3n del Acuerdo con el FMI.<\/p>\n<p>&#13;<\/p>\n<p align=\"justify\" class=\"text1noticias\">A\u00f1adi\u00f3 que este plan, que  cont\u00f3 con la asistencia t\u00e9cnica del Fondo, fue discutido con la Misi\u00f3n que  estuvo en el pa\u00eds en agosto pasado y enviado formalmente al FMI.<\/p>\n<p>&#13;<\/p>\n<p align=\"justify\" class=\"text1noticias\">El Gobernador destac\u00f3 que en las  cuatro revisiones que se han realizado sobre el Acuerdo Stand-By, el pa\u00eds ha  cumplido con amplia holgura las metas cuantitativas en las \u00e1reas monetaria y  fiscal, as\u00ed como cualitativas del sector financiero.<\/p>\n<p>&#13;<\/p>\n<p align=\"justify\" class=\"text1noticias\">En este sentido, Valdez Albizu  se\u00f1al\u00f3 que en el primer a\u00f1o del acuerdo con el FMI se cumplieron las metas de  las reservas internacionales l\u00edquidas para los 2 a\u00f1os del Acuerdo, y que al d\u00eda  de hoy, el nivel de dichas reservas superaron la nueva meta establecida para  todo el a\u00f1o 2006. Apunt\u00f3 adem\u00e1s que el FMI ha reconocido el buen manejo  econ\u00f3mico del pa\u00eds, lo que le ha permitido retornar a la senda de crecimiento  elevado con baja inflaci\u00f3n, en un per\u00edodo de tiempo bastante corto.<\/p>\n<p>&#13;<\/p>\n<p align=\"justify\" class=\"text1noticias\">Valdez Albizu recuerda que en un comunicado emitido el 29 de agosto  pasado, y que fue dado a conocer por toda la prensa nacional, la misi\u00f3n del  Fondo Monetario Internacional que encabez\u00f3 Andy Wolfe elogi\u00f3 a las autoridades \u201cpor  su compromiso firme y continuado con la implementaci\u00f3n de pol\u00edticas  macroecon\u00f3micas adecuadas, lo cual es fundamental para crear un ambiente de  crecimiento alto y sostenible, con baja inflaci\u00f3n\u201d. <\/p>\n<p>&#13;<\/p>\n<p align=\"justify\" class=\"text1noticias\">La misi\u00f3n destac\u00f3 que \u201cla recuperaci\u00f3n fuerte en la actividad econ\u00f3mica,  que lleva ya casi dos a\u00f1os, refleja sin dudas el impacto positivo de la mejora  en las finanzas p\u00fablicas del pa\u00eds, la reestructuraci\u00f3n de la deuda externa  mediante mecanismos de mercado y los exitosos esfuerzos del Banco Central en  combatir la inflaci\u00f3n en un ambiente dif\u00edcil de precios del petr\u00f3leo en alza\u201d. <\/p>\n<p>&#13;<\/p>\n<p align=\"justify\" class=\"text1noticias\">El Gobernador del Banco  Central, se refiere a la misi\u00f3n del FMI que visit\u00f3 el pa\u00eds del\u00a0 3 al 16 de agosto para iniciar las  discusiones sobre la quinta revisi\u00f3n del programa econ\u00f3mico del Gobierno de la Rep\u00fablica Dominicana  que el FMI est\u00e1 apoyando con un acuerdo Stand-by de 28 meses (por un monto de  unos US$635\u00a0millones). <\/p>\n<p>&#13;<\/p>\n<p align=\"justify\" class=\"text1noticias\">Esa\u00a0 misi\u00f3n elogi\u00f3 a las autoridades por su  compromiso firme y continuado con la implementaci\u00f3n de pol\u00edticas  macroecon\u00f3micas adecuadas, lo cual es fundamental para crear un ambiente de  crecimiento alto y sostenible y baja inflaci\u00f3n. La misi\u00f3n destac\u00f3 que la  recuperaci\u00f3n fuerte en la actividad econ\u00f3mica, que lleva ya casi dos a\u00f1os,  refleja sin dudas el impacto positivo de la mejora en las finanzas p\u00fablicas del  pa\u00eds, la reestructuraci\u00f3n de la deuda externa mediante mecanismos de mercado y  los exitosos esfuerzos del Banco Central en combatir la inflaci\u00f3n en un  ambiente dif\u00edcil de precios del petr\u00f3leo en alza. <\/p>\n<p>&#13;<\/p>\n<p align=\"justify\" class=\"text1noticias\">De igual manera, el positivo  desempe\u00f1o econ\u00f3mico debe mucho a la recuperaci\u00f3n r\u00e1pida de la confianza en el  sistema financiero debido al fortalecimiento de la supervisi\u00f3n, y la aplicaci\u00f3n  estricta e integral del marco legal, lo cual est\u00e1 enviando una se\u00f1al fuerte con  respecto a la determinaci\u00f3n de las autoridades monetarias y financieras en  asegurar la salud del sistema bancario. En este sentido, los procesos penales  contra los due\u00f1os y gerentes anteriores de los bancos envueltos en la crisis  bancaria del 2003 son ciertamente alentadores. <\/p>\n<p>&#13;<\/p>\n<p align=\"justify\" class=\"text1noticias\">La misi\u00f3n sostuvo una primera  ronda de discusiones sobre las perspectivas macroecon\u00f3micas para el resto del  2006 y el 2007, y en la siguiente junta se va a\u00a0  seguir con las discusiones de la revisi\u00f3n. <\/p>\n<p>&#13;<\/p>\n<h6> 2006-09-08 10:42:41 <\/h6>\n<p><!--\n<link rel=\"stylesheet\" href=\"css\/bootstrap.min.css\">\n\n\n<ul class=\"pagination\">\n\t    \n\t\n\n<li >\n\t<a href='?page_no=30226'>Previous<\/a>\n\t<\/li>\n\n\n       \n    \n\n<li><a href='?page_no=1'>1<\/a><\/li>\n\n\n\n<li><a href='?page_no=2'>2<\/a><\/li>\n\n\n\n<li><a>...<\/a><\/li>\n\n\n\n<li><a href='?page_no=30225'>30225<\/a><\/li>\n\n\n\n<li><a href='?page_no=30226'>30226<\/a><\/li>\n\n\n\n<li class='active'><a>30227<\/a><\/li>\n\n\n\n<li><a href='?page_no=30228'>30228<\/a><\/li>\n\n\n\n<li><a href='?page_no=30229'>30229<\/a><\/li>\n\n\n\n<li><a>...<\/a><\/li>\n\n\n\n<li><a href='?page_no=30472'>30472<\/a><\/li>\n\n\n\n<li><a href='?page_no=30473'>30473<\/a><\/li>\n\n    \n\t\n\n<li >\n\t<a href='?page_no=30228'>Next<\/a>\n\t<\/li>\n\n\n    \n\n<li><a href='?page_no=30473'>Last &rsaquo;&rsaquo;<\/a><\/li>\n\n<\/ul>\n\n\n--><br \/>\n<\/body><\/p>\n","protected":false},"excerpt":{"rendered":"<p>Gobernador del Banco Central desmiente suspensi\u00f3n del acuerdo del FMI con Rep\u00fablica Dominicana &#13; SANTO DOMINGO.- El Gobernador del Banco Central de la Rep\u00fablica Dominicana, H\u00e9ctor Valdez Albizu, desminti\u00f3 categ\u00f3ricamente las afirmaciones aparecidas en algunos medios de comunicaci\u00f3n referente a que el FMI habr\u00eda suspendido el Acuerdo con el pa\u00eds. \u00a0&#13; Horas antes el ex [&hellip;]<\/p>\n","protected":false},"author":3,"featured_media":0,"comment_status":"open","ping_status":"open","sticky":false,"template":"","format":"standard","meta":{"footnotes":""},"categories":[18],"tags":[],"class_list":["post-124347","post","type-post","status-publish","format-standard","hentry","category-economia"],"_links":{"self":[{"href":"https:\/\/diariodominicano.com\/index.php?rest_route=\/wp\/v2\/posts\/124347","targetHints":{"allow":["GET"]}}],"collection":[{"href":"https:\/\/diariodominicano.com\/index.php?rest_route=\/wp\/v2\/posts"}],"about":[{"href":"https:\/\/diariodominicano.com\/index.php?rest_route=\/wp\/v2\/types\/post"}],"author":[{"embeddable":true,"href":"https:\/\/diariodominicano.com\/index.php?rest_route=\/wp\/v2\/users\/3"}],"replies":[{"embeddable":true,"href":"https:\/\/diariodominicano.com\/index.php?rest_route=%2Fwp%2Fv2%2Fcomments&post=124347"}],"version-history":[{"count":0,"href":"https:\/\/diariodominicano.com\/index.php?rest_route=\/wp\/v2\/posts\/124347\/revisions"}],"wp:attachment":[{"href":"https:\/\/diariodominicano.com\/index.php?rest_route=%2Fwp%2Fv2%2Fmedia&parent=124347"}],"wp:term":[{"taxonomy":"category","embeddable":true,"href":"https:\/\/diariodominicano.com\/index.php?rest_route=%2Fwp%2Fv2%2Fcategories&post=124347"},{"taxonomy":"post_tag","embeddable":true,"href":"https:\/\/diariodominicano.com\/index.php?rest_route=%2Fwp%2Fv2%2Ftags&post=124347"}],"curies":[{"name":"wp","href":"https:\/\/api.w.org\/{rel}","templated":true}]}}