{"id":124345,"date":"2006-09-08T12:14:15","date_gmt":"2006-09-08T12:14:15","guid":{"rendered":"http:\/\/diariodominicano.ddns.net\/?p=124345"},"modified":"2006-09-08T12:14:15","modified_gmt":"2006-09-08T12:14:15","slug":"abren-foro-sobre-energia-y-competitividad-del-caribe-en-trinidad-y-tobago","status":"publish","type":"post","link":"https:\/\/diariodominicano.com\/?p=124345","title":{"rendered":"Abren  Foro sobre Energ\u00eda y Competitividad del Caribe en Trinidad y Tobago"},"content":{"rendered":"<p><body><\/p>\n<p align=\"justify\"><strong class=\"titulogrande1\">Abren \u00a0Foro sobre Energ\u00eda y Competitividad del Caribe  en Trinidad y Tobago<\/strong> <br \/>&#13;<br \/>\n  <br \/>&#13;<br \/>\n    <strong>PUERTO  ESPA\u00d1A. \u2013<\/strong> <span class=\"text1noticias\">La Rep\u00fablica de Trinidad y Tobago, en colaboraci\u00f3n con la  organizaci\u00f3n Caribbean-Central American Action, el Banco Interamericano de  Desarrollo, el Programa de Naciones Unidas para el Desarrollo y el Departamento  de Energ\u00eda de Estados Unidos coauspiciar\u00e1n el Foro <em><a href=\"http:\/\/www.c-caa.org\/pdf\/energy_Agenda8_30_06.pdf\">Energ\u00eda y  Competitividad en el Caribe<\/a> <\/em>los d\u00edas 7 y 8 de septiembre en el  Hilton Trinidad and Conference Center en Puerto Espa\u00f1a.<br \/>&#13;<br \/>\n    <br \/>&#13;<br \/>\n\u201cA  pesar de que Trinidad y Tobago afortunadamente cuenta con reservas adecuadas de  combustible f\u00f3siles para asegurar su prosperidad futura y un alto est\u00e1ndar de  vida para sus ciudadanos, nosotros estamos conscientes de nuestra obligaci\u00f3n de  explorar estos recursos en una forma que asegure el desarrollo sostenible de  nuestra naci\u00f3n sin perjudicar nuestro medio ambiente\u201d, expres\u00f3 el Dr. Lenny  Saith, senador y ministro de Energ\u00eda e Industrias Energ\u00e9ticas de T&amp;T. \u201cNuestra  decisi\u00f3n de organizar este crucial debate es testimonio de nuestro compromiso  con la creaci\u00f3n de seguridad energ\u00e9tica en la regi\u00f3n. Esperamos\u00a0 con gran  inter\u00e9s las serias discusiones que ayudar\u00e1n a armonizar nuestras pol\u00edticas  energ\u00e9ticas y permitir\u00e1n impulsar el florecimiento de nuestras econom\u00edas y la  prosperidad de nuestros ciudadanos\u201d.<br \/>&#13;<br \/>\n<br \/>&#13;<br \/>\nEl  foro reunir\u00e1 a creadores de pol\u00edticas y l\u00edderes del sector privado para  discutir temas energ\u00e9ticos cruciales que incluyen c\u00f3mo reducir la dependencia  de la regi\u00f3n de fuentes de energ\u00eda no renovable y c\u00f3mo mitigar los efectos de  los altos costos energ\u00e9ticos reduciendo el consumo de combustibles f\u00f3siles y  desarrollando planes efectivos de energ\u00eda sostenible.<br \/>&#13;<br \/>\n<br \/>&#13;<br \/>\n\u00abEl  sostenido aumento en los precios de los combustibles f\u00f3siles est\u00e1 obligando a  las sociedades en todo el mundo a reflexionar en sus suposiciones m\u00e1s  elementales sobre abastecimiento, consumo y conservaci\u00f3n de energ\u00eda\u201d, dijo el  Presidente del BID Luis Alberto Moreno.\u00a0 \u201cPara el Caribe, esta nueva  realidad presenta verdaderos desaf\u00edos, pero tambi\u00e9n tentadoras  oportunidades\u00bb.<br \/>&#13;<br \/>\n<br \/>&#13;<br \/>\nLa  conferencia incluye discusiones entre los creadores de pol\u00edticas y el sector  privado sobre formas innovadoras para enfrentar los desaf\u00edos energ\u00e9ticos de la  regi\u00f3n, con un enfoque particular en mejorar la eficiencia energ\u00e9tica y  utilizar tecnolog\u00edas de conservaci\u00f3n de energ\u00eda.\u00a0 Adem\u00e1s, una discusi\u00f3n  sobre seguridad energ\u00e9tica abordar\u00e1 temas de precios, impuestos, est\u00e1ndares de  combustible y transportaci\u00f3n. Durante el segundo d\u00eda del foro, los participantes  tratar\u00e1n asuntos relacionados con la energ\u00eda renovable y el actual clima de las  pol\u00edticas p\u00fablicas,\u00a0 mejora del despliegue tecnol\u00f3gico y la simplificaci\u00f3n  de finanzas e inversiones.<br \/>&#13;<br \/>\n<br \/>&#13;<br \/>\nEntre  los participantes confirmados al evento figuran el Primer Ministro de Aruba  Nelson Oduber, el presidente del Banco Interamericano de Desarrollo Luis  Alberto Moreno, el secretario de Petr\u00f3leo, Gas Natural y Combustibles  Renovables Jo\u00e3o Jos\u00e9 de Nora Souto, la secretaria adjunta de Pol\u00edticas y  Asuntos Internacionales del Departamento de Energ\u00eda de EE.UU. Karen Harbert,  ministros de comercio y de energ\u00eda de pa\u00edses caribe\u00f1os participantes, y  representantes del sector privado y de organizaciones no gubernamentales.<br \/>&#13;<br \/>\nEl  evento es abierto para miembros de prensa acreditados.<\/span><\/p>\n<p>&#13;<\/p>\n<h6> 2006-09-08 12:14:15 <\/h6>\n<p><!--\n<link rel=\"stylesheet\" href=\"css\/bootstrap.min.css\">\n\n\n<ul class=\"pagination\">\n\t    \n\t\n\n<li >\n\t<a href='?page_no=30224'>Previous<\/a>\n\t<\/li>\n\n\n       \n    \n\n<li><a href='?page_no=1'>1<\/a><\/li>\n\n\n\n<li><a href='?page_no=2'>2<\/a><\/li>\n\n\n\n<li><a>...<\/a><\/li>\n\n\n\n<li><a href='?page_no=30223'>30223<\/a><\/li>\n\n\n\n<li><a href='?page_no=30224'>30224<\/a><\/li>\n\n\n\n<li class='active'><a>30225<\/a><\/li>\n\n\n\n<li><a href='?page_no=30226'>30226<\/a><\/li>\n\n\n\n<li><a href='?page_no=30227'>30227<\/a><\/li>\n\n\n\n<li><a>...<\/a><\/li>\n\n\n\n<li><a href='?page_no=30472'>30472<\/a><\/li>\n\n\n\n<li><a href='?page_no=30473'>30473<\/a><\/li>\n\n    \n\t\n\n<li >\n\t<a href='?page_no=30226'>Next<\/a>\n\t<\/li>\n\n\n    \n\n<li><a href='?page_no=30473'>Last &rsaquo;&rsaquo;<\/a><\/li>\n\n<\/ul>\n\n\n--><br \/>\n<\/body><\/p>\n","protected":false},"excerpt":{"rendered":"<p>Abren \u00a0Foro sobre Energ\u00eda y Competitividad del Caribe en Trinidad y Tobago &#13; &#13; PUERTO ESPA\u00d1A. \u2013 La Rep\u00fablica de Trinidad y Tobago, en colaboraci\u00f3n con la organizaci\u00f3n Caribbean-Central American Action, el Banco Interamericano de Desarrollo, el Programa de Naciones Unidas para el Desarrollo y el Departamento de Energ\u00eda de Estados Unidos coauspiciar\u00e1n el Foro [&hellip;]<\/p>\n","protected":false},"author":3,"featured_media":0,"comment_status":"open","ping_status":"open","sticky":false,"template":"","format":"standard","meta":{"footnotes":""},"categories":[18],"tags":[],"class_list":["post-124345","post","type-post","status-publish","format-standard","hentry","category-economia"],"_links":{"self":[{"href":"https:\/\/diariodominicano.com\/index.php?rest_route=\/wp\/v2\/posts\/124345","targetHints":{"allow":["GET"]}}],"collection":[{"href":"https:\/\/diariodominicano.com\/index.php?rest_route=\/wp\/v2\/posts"}],"about":[{"href":"https:\/\/diariodominicano.com\/index.php?rest_route=\/wp\/v2\/types\/post"}],"author":[{"embeddable":true,"href":"https:\/\/diariodominicano.com\/index.php?rest_route=\/wp\/v2\/users\/3"}],"replies":[{"embeddable":true,"href":"https:\/\/diariodominicano.com\/index.php?rest_route=%2Fwp%2Fv2%2Fcomments&post=124345"}],"version-history":[{"count":0,"href":"https:\/\/diariodominicano.com\/index.php?rest_route=\/wp\/v2\/posts\/124345\/revisions"}],"wp:attachment":[{"href":"https:\/\/diariodominicano.com\/index.php?rest_route=%2Fwp%2Fv2%2Fmedia&parent=124345"}],"wp:term":[{"taxonomy":"category","embeddable":true,"href":"https:\/\/diariodominicano.com\/index.php?rest_route=%2Fwp%2Fv2%2Fcategories&post=124345"},{"taxonomy":"post_tag","embeddable":true,"href":"https:\/\/diariodominicano.com\/index.php?rest_route=%2Fwp%2Fv2%2Ftags&post=124345"}],"curies":[{"name":"wp","href":"https:\/\/api.w.org\/{rel}","templated":true}]}}