{"id":124339,"date":"2006-09-13T12:56:47","date_gmt":"2006-09-13T12:56:47","guid":{"rendered":"http:\/\/diariodominicano.ddns.net\/?p=124339"},"modified":"2006-09-13T12:56:47","modified_gmt":"2006-09-13T12:56:47","slug":"banco-agricola-recupera-prestamos-por-rd2684-5-millones","status":"publish","type":"post","link":"https:\/\/diariodominicano.com\/?p=124339","title":{"rendered":"Banco Agr\u00edcola recupera pr\u00e9stamos por  RD$2,684.5 millones"},"content":{"rendered":"<p><body><\/p>\n<p class=\"titulogrande1\">Banco  Agr\u00edcola recupera pr\u00e9stamos por\u00a0  RD$2,684.5 millones<\/p>\n<p>&#13;<\/p>\n<p align=\"justify\"><strong>Santo Domingo.-<\/strong><span class=\"text1noticias\">El Banco  Agr\u00edcola inform\u00f3 que logr\u00f3 recuperar pr\u00e9stamos \u00a0por un monto de 2,684.5 millones de pesos, en  los primeros ocho meses de este a\u00f1o.<\/span><\/p>\n<p>&#13;<\/p>\n<p align=\"justify\" class=\"text1noticias\">El Bagr\u00edcola dijo que \u00a0el incremento alcanz\u00f3 el 49.4 por ciento con  relaci\u00f3n a lo registrado en el mismo per\u00edodo de 2005, y ha  permitido responder con efectividad los requerimientos de recursos econ\u00f3micos  de los peque\u00f1os y medianos productores.<\/p>\n<p>&#13;<\/p>\n<p align=\"justify\" class=\"text1noticias\">Carlos Segura Foster, su  administrador general, declar\u00f3 que la instituci\u00f3n financiera recuper\u00f3 pr\u00e9stamos  en el per\u00edodo enero-agosto del a\u00f1o pasado por la suma de 1,796 millones 337 mil  410 pesos, \u00a0cuando el monto global en  id\u00e9ntico lapso de 2006 fue de RD$2,684 millones 536 mil 357, es decir, una  variaci\u00f3n absoluta de RD$888 millones 198 mil 947.<\/p>\n<p>&#13;<\/p>\n<p align=\"justify\" class=\"text1noticias\">Precis\u00f3 que el nuevo enfoque  en la pol\u00edtica de recuperaci\u00f3n de los recursos econ\u00f3micos facilitados a los  productores agropecuarios ha permitido la<br \/>&#13;<br \/>\n  rotaci\u00f3n del financiamiento  en beneficio del campo.<\/p>\n<p>&#13;<\/p>\n<p align=\"justify\" class=\"text1noticias\">Explic\u00f3 que el saneamiento de  la cartera de cr\u00e9dito en los \u00faltimos dos a\u00f1os, mediante el estudio y evaluaci\u00f3n  de los pr\u00e9stamos vencidos, incidi\u00f3 en la reducci\u00f3n en m\u00e1s de un 50 por ciento  en la morosidad de la cartera.<\/p>\n<p>&#13;<\/p>\n<h6> 2006-09-13 12:56:47 <\/h6>\n<p><!--\n<link rel=\"stylesheet\" href=\"css\/bootstrap.min.css\">\n\n\n<ul class=\"pagination\">\n\t    \n\t\n\n<li >\n\t<a href='?page_no=30218'>Previous<\/a>\n\t<\/li>\n\n\n       \n    \n\n<li><a href='?page_no=1'>1<\/a><\/li>\n\n\n\n<li><a href='?page_no=2'>2<\/a><\/li>\n\n\n\n<li><a>...<\/a><\/li>\n\n\n\n<li><a href='?page_no=30217'>30217<\/a><\/li>\n\n\n\n<li><a href='?page_no=30218'>30218<\/a><\/li>\n\n\n\n<li class='active'><a>30219<\/a><\/li>\n\n\n\n<li><a href='?page_no=30220'>30220<\/a><\/li>\n\n\n\n<li><a href='?page_no=30221'>30221<\/a><\/li>\n\n\n\n<li><a>...<\/a><\/li>\n\n\n\n<li><a href='?page_no=30472'>30472<\/a><\/li>\n\n\n\n<li><a href='?page_no=30473'>30473<\/a><\/li>\n\n    \n\t\n\n<li >\n\t<a href='?page_no=30220'>Next<\/a>\n\t<\/li>\n\n\n    \n\n<li><a href='?page_no=30473'>Last &rsaquo;&rsaquo;<\/a><\/li>\n\n<\/ul>\n\n\n--><br \/>\n<\/body><\/p>\n","protected":false},"excerpt":{"rendered":"<p>Banco Agr\u00edcola recupera pr\u00e9stamos por\u00a0 RD$2,684.5 millones &#13; Santo Domingo.-El Banco Agr\u00edcola inform\u00f3 que logr\u00f3 recuperar pr\u00e9stamos \u00a0por un monto de 2,684.5 millones de pesos, en los primeros ocho meses de este a\u00f1o. &#13; El Bagr\u00edcola dijo que \u00a0el incremento alcanz\u00f3 el 49.4 por ciento con relaci\u00f3n a lo registrado en el mismo per\u00edodo de [&hellip;]<\/p>\n","protected":false},"author":3,"featured_media":0,"comment_status":"open","ping_status":"open","sticky":false,"template":"","format":"standard","meta":{"footnotes":""},"categories":[18],"tags":[],"class_list":["post-124339","post","type-post","status-publish","format-standard","hentry","category-economia"],"_links":{"self":[{"href":"https:\/\/diariodominicano.com\/index.php?rest_route=\/wp\/v2\/posts\/124339","targetHints":{"allow":["GET"]}}],"collection":[{"href":"https:\/\/diariodominicano.com\/index.php?rest_route=\/wp\/v2\/posts"}],"about":[{"href":"https:\/\/diariodominicano.com\/index.php?rest_route=\/wp\/v2\/types\/post"}],"author":[{"embeddable":true,"href":"https:\/\/diariodominicano.com\/index.php?rest_route=\/wp\/v2\/users\/3"}],"replies":[{"embeddable":true,"href":"https:\/\/diariodominicano.com\/index.php?rest_route=%2Fwp%2Fv2%2Fcomments&post=124339"}],"version-history":[{"count":0,"href":"https:\/\/diariodominicano.com\/index.php?rest_route=\/wp\/v2\/posts\/124339\/revisions"}],"wp:attachment":[{"href":"https:\/\/diariodominicano.com\/index.php?rest_route=%2Fwp%2Fv2%2Fmedia&parent=124339"}],"wp:term":[{"taxonomy":"category","embeddable":true,"href":"https:\/\/diariodominicano.com\/index.php?rest_route=%2Fwp%2Fv2%2Fcategories&post=124339"},{"taxonomy":"post_tag","embeddable":true,"href":"https:\/\/diariodominicano.com\/index.php?rest_route=%2Fwp%2Fv2%2Ftags&post=124339"}],"curies":[{"name":"wp","href":"https:\/\/api.w.org\/{rel}","templated":true}]}}