{"id":124338,"date":"2006-09-13T12:58:40","date_gmt":"2006-09-13T12:58:40","guid":{"rendered":"http:\/\/diariodominicano.ddns.net\/?p=124338"},"modified":"2006-09-13T12:58:40","modified_gmt":"2006-09-13T12:58:40","slug":"kirchner-dispuesto-a-resolver-controversias-con-chile","status":"publish","type":"post","link":"https:\/\/diariodominicano.com\/?p=124338","title":{"rendered":"Kirchner dispuesto a resolver controversias con Chile"},"content":{"rendered":"<p><body><\/p>\n<p class=\"titulogrande1\">Kirchner dispuesto a resolver  controversias con Chile \u00abcon responsabilidad y sin hipocres\u00eda\u00bb<\/p>\n<p>&#13;<\/p>\n<p align=\"justify\"><strong>SANTIAGO, Chile.- <\/strong><span class=\"text1noticias\">Por cerca de una hora se reuni\u00f3 la <strong>Presidenta Michelle Bachelet<\/strong>\u00a0con su par argentino,\u00a0<strong>N\u00e9stor Kirchner, en  Mendoza<\/strong>, en una cita que gener\u00f3 altas expectativas al ser vista como  la oportunidad de limar las asperezas que han enfriado las relaciones  bilaterales en los \u00faltimos meses.<\/span><\/p>\n<p>&#13;<\/p>\n<p align=\"justify\" class=\"text1noticias\">Tras el encuentro  no hubo declaraciones, sin embargo, durante la ceremonia de firma del llamado a  licitaci\u00f3n del Ferrocarril Transandino Central, la mandataria destac\u00f3\u00a0la  \u00abintegraci\u00f3n de ambos pa\u00edses\u00bb y asegur\u00f3 que <strong>\u00abahora es  tiempo de concretarla\u00bb.<\/strong> En ese sentido, afirm\u00f3: <strong>\u00abMe  alegro\u00a0que estemos aqu\u00ed para revalidar la tenaz vocaci\u00f3n que argentinos y  chilenos tienen de encontrarse y trabajar juntos\u00bb.<\/strong><\/p>\n<p>&#13;<\/p>\n<p align=\"justify\" class=\"text1noticias\">\u00abLos \u00faltimos  15 a\u00f1os Argentina y Chile hemos hecho tantas cosas, que hemos configurado una  experiencia ejemplar entre las variadas vinculaciones de los pa\u00edses  lationamericanos, a veces se puede avanzar m\u00e1s r\u00e1pido y en otros temas se  avanza m\u00e1s lento, lo importante es continuar avanzando\u00bb, a\u00f1adi\u00f3.<\/p>\n<p>&#13;<\/p>\n<p align=\"justify\" class=\"text1noticias\">Por su parte, y  seg\u00fan destac\u00f3 Clar\u00edn, el gobernante argentino resalt\u00f3 que\u00a0\u00abestos  Presidentes creen profundamente en esta alianza. <strong>Es dif\u00edcil construir  la convivencia, pero nuestros pa\u00edses la merecen\u00bb.<\/strong><\/p>\n<p>&#13;<\/p>\n<p align=\"justify\" class=\"text1noticias\">\u00abIntegrarse  no es f\u00e1cil. Tiene sus idas y vueltas. Como es necesario compatibilizar  intereses hay que discutir. Eso no es f\u00e1cil. La integraci\u00f3n debe ser ejecutada  en acciones concretas. Debe ser analizada como proceso sin que las dificultades  la interrumpan\u00bb, se\u00f1al\u00f3 Kirchner durante su discurso.<\/p>\n<p>&#13;<\/p>\n<p align=\"justify\" class=\"text1noticias\">Dirigi\u00e9ndose a  Bachelet,\u00a0agreg\u00f3: \u00abYo estoy convencido que usted, en el caso nuestro  tambi\u00e9n, y en el caso de todas las voluntades democr\u00e1ticas de ambos pa\u00edses,  estamos absolutamente dispuestos con temple, con madurez y con responsabilidad,  pero <strong>sin hipocres\u00eda<\/strong>, sino con absoluto sinceramiento y <strong>a  veces con el dolor de la crudeza<\/strong>, a\u00a0ir resolviendo todos los  temas de controversia de intereses que podamos tener para que la s\u00edntesis de  esos intereses nos genere una verdadera consolidaci\u00f3n de la uni\u00f3n fraterna,  solidaria y de crecimiento econ\u00f3mico conjunto y justo que tienen que tener  nuestras regiones\u00bb.<\/p>\n<p>&#13;<\/p>\n<p align=\"justify\" class=\"text1noticias\">La mandataria  lleg\u00f3\u00a0pasadas las 11.00   a la provincia argentina, acompa\u00f1ada por el canciller  subrogante, Alberto van Klaveren; el ministro secretario general de Gobierno,  Ricardo Lagos Weber; el ministro de Obras P\u00fablicas, Eduardo Bitr\u00e1n; el  intendente de la V Regi\u00f3n,  Iv\u00e1n de la Maza;  y el embajador de Chile en Argentina, Luis Maira.<\/p>\n<p>&#13;<\/p>\n<p align=\"justify\" class=\"text1noticias\">Kirchner, por su  parte, lleg\u00f3 acompa\u00f1ado por la primera dama, Cristina Fern\u00e1ndez; el jefe de  Gabinete, Alberto Fern\u00e1ndez; el canciller Jorge Taiana; el ministro de  Planificaci\u00f3n, Julio de Vido; y los secretarios de Combustible, Cristian  Folgar; de Obras P\u00fablicas, Jos\u00e9 L\u00f3pez y de Miner\u00eda, Jorge Mayoral.<\/p>\n<p>&#13;<\/p>\n<p align=\"justify\" class=\"text1noticias\">Ambos mandatarios  se reunieron en el establecimiento bodeguero Trivento, de propiedad chilena,  situado en el departamento de Maip\u00fa, a unos 25 kil\u00f3metros al  sureste de la capital mendocina.<\/p>\n<p>&#13;<\/p>\n<p align=\"justify\" class=\"text1noticias\">La cita se  produjo tras los conflictos generados en los \u00faltimos meses, entre otros, a ra\u00edz  del precio del gas que Chile compra a Argentina y por la difusi\u00f3n de mapas  tur\u00edsticos que adjudican al pa\u00eds vecino territorio a\u00fan pendiente de demarcaci\u00f3n  en Campos de Hielo Sur.<\/p>\n<p>&#13;<\/p>\n<p align=\"justify\" class=\"text1noticias\">Chile importa  todo el gas natural que consume desde Argentina, pa\u00eds que hace dos a\u00f1os comenz\u00f3  a recortar los suministros por una creciente demanda interna, de 22 millones de  metros c\u00fabicos diarios a menos de 15 millones como promedio.<\/p>\n<p>&#13;<\/p>\n<p align=\"justify\" class=\"text1noticias\"><strong>TREN  TRANSANDINO<br \/>&#13;<br \/>\n<\/strong>Cerca de las 13.00 hora  de Chile,\u00a0los jefes de Estado\u00a0firmaron el llamado a licitaci\u00f3n del  Ferrocarril Transandino Central. El proyecto prev\u00e9 el tendido de unos 220 kil\u00f3metros de  v\u00edas que cruzar\u00e1n la cordillera de Los Andes, l\u00edmite natural de ambos pa\u00edses.<\/p>\n<p>&#13;<\/p>\n<p align=\"justify\" class=\"text1noticias\">Al referirse al  proyecto ferroviario, Bachelet destac\u00f3 que \u00abno pod\u00eda dejar de alegrarme de  la magnitud de la obra, es muy importante y era un sue\u00f1o de muchos a\u00f1os (&#8230;)  Estamos demostrando que lo que hemos prometido lo estamos cumpliendo\u00bb.<\/p>\n<p>&#13;<\/p>\n<p align=\"justify\" class=\"text1noticias\">Las obras  ferroviarias, que estar\u00e1n listas para diciembre de 2009, suponen la  reconstrucci\u00f3n de 154   kil\u00f3metros de v\u00edas del lado argentino y 71 en Chile.<\/p>\n<p>&#13;<\/p>\n<p align=\"justify\" class=\"text1noticias\">Para el tendido  de las v\u00edas, el plan requiere una inversi\u00f3n de parte de Argentina de 98,2 millones  de d\u00f3lares, mientras que Chile aportar\u00e1 71,2 millones de d\u00f3lares.<\/p>\n<p>&#13;<\/p>\n<p align=\"justify\" class=\"text1noticias\">Adem\u00e1s, se  invertir\u00e1n 127,8 millones de d\u00f3lares para equipamiento, mientras que otros 2,5  millones de d\u00f3lares ser\u00e1n necesarios para confeccionar la oferta de licitaci\u00f3n.<\/p>\n<p>&#13;<\/p>\n<p align=\"justify\" class=\"text1noticias\">El Transandino  Central comenz\u00f3 a construirse en 1872 y fue inaugurado en 1910, pero el  servicio fue interrumpido en 1978 para el servicio de pasajeros a ra\u00edz del  conflicto argentino-chileno por la soberan\u00eda en el canal de Beagle que estuvo  al borde de una guerra cuando ambos pa\u00edses eran gobernados por reg\u00edmenes  militares.<br \/>&#13;<br \/>\n  <br \/>&#13;<br \/>\n  En 1984 qued\u00f3  definitivamente fuera de servicio para el transporte de cargas. Las empresas  interesadas, entre las que se hallan la argentina Tecnicagua y la chilena  Petrolera del Sur -desarrolladoras del proyecto t\u00e9cnico-, tendr\u00e1n plazo hasta  febrero pr\u00f3ximo para presentar las ofertas t\u00e9cnicas y hasta abril para las  econ\u00f3micas.<\/p>\n<p>&#13;<\/p>\n<h6> 2006-09-13 12:58:40 <\/h6>\n<p><!--\n<link rel=\"stylesheet\" href=\"css\/bootstrap.min.css\">\n\n\n<ul class=\"pagination\">\n\t    \n\t\n\n<li >\n\t<a href='?page_no=30217'>Previous<\/a>\n\t<\/li>\n\n\n       \n    \n\n<li><a href='?page_no=1'>1<\/a><\/li>\n\n\n\n<li><a href='?page_no=2'>2<\/a><\/li>\n\n\n\n<li><a>...<\/a><\/li>\n\n\n\n<li><a href='?page_no=30216'>30216<\/a><\/li>\n\n\n\n<li><a href='?page_no=30217'>30217<\/a><\/li>\n\n\n\n<li class='active'><a>30218<\/a><\/li>\n\n\n\n<li><a href='?page_no=30219'>30219<\/a><\/li>\n\n\n\n<li><a href='?page_no=30220'>30220<\/a><\/li>\n\n\n\n<li><a>...<\/a><\/li>\n\n\n\n<li><a href='?page_no=30472'>30472<\/a><\/li>\n\n\n\n<li><a href='?page_no=30473'>30473<\/a><\/li>\n\n    \n\t\n\n<li >\n\t<a href='?page_no=30219'>Next<\/a>\n\t<\/li>\n\n\n    \n\n<li><a href='?page_no=30473'>Last &rsaquo;&rsaquo;<\/a><\/li>\n\n<\/ul>\n\n\n--><br \/>\n<\/body><\/p>\n","protected":false},"excerpt":{"rendered":"<p>Kirchner dispuesto a resolver controversias con Chile \u00abcon responsabilidad y sin hipocres\u00eda\u00bb &#13; SANTIAGO, Chile.- Por cerca de una hora se reuni\u00f3 la Presidenta Michelle Bachelet\u00a0con su par argentino,\u00a0N\u00e9stor Kirchner, en Mendoza, en una cita que gener\u00f3 altas expectativas al ser vista como la oportunidad de limar las asperezas que han enfriado las relaciones bilaterales [&hellip;]<\/p>\n","protected":false},"author":3,"featured_media":0,"comment_status":"open","ping_status":"open","sticky":false,"template":"","format":"standard","meta":{"footnotes":""},"categories":[18],"tags":[],"class_list":["post-124338","post","type-post","status-publish","format-standard","hentry","category-economia"],"_links":{"self":[{"href":"https:\/\/diariodominicano.com\/index.php?rest_route=\/wp\/v2\/posts\/124338","targetHints":{"allow":["GET"]}}],"collection":[{"href":"https:\/\/diariodominicano.com\/index.php?rest_route=\/wp\/v2\/posts"}],"about":[{"href":"https:\/\/diariodominicano.com\/index.php?rest_route=\/wp\/v2\/types\/post"}],"author":[{"embeddable":true,"href":"https:\/\/diariodominicano.com\/index.php?rest_route=\/wp\/v2\/users\/3"}],"replies":[{"embeddable":true,"href":"https:\/\/diariodominicano.com\/index.php?rest_route=%2Fwp%2Fv2%2Fcomments&post=124338"}],"version-history":[{"count":0,"href":"https:\/\/diariodominicano.com\/index.php?rest_route=\/wp\/v2\/posts\/124338\/revisions"}],"wp:attachment":[{"href":"https:\/\/diariodominicano.com\/index.php?rest_route=%2Fwp%2Fv2%2Fmedia&parent=124338"}],"wp:term":[{"taxonomy":"category","embeddable":true,"href":"https:\/\/diariodominicano.com\/index.php?rest_route=%2Fwp%2Fv2%2Fcategories&post=124338"},{"taxonomy":"post_tag","embeddable":true,"href":"https:\/\/diariodominicano.com\/index.php?rest_route=%2Fwp%2Fv2%2Ftags&post=124338"}],"curies":[{"name":"wp","href":"https:\/\/api.w.org\/{rel}","templated":true}]}}