{"id":124331,"date":"2006-09-14T13:13:49","date_gmt":"2006-09-14T13:13:49","guid":{"rendered":"http:\/\/diariodominicano.ddns.net\/?p=124331"},"modified":"2006-09-14T13:13:49","modified_gmt":"2006-09-14T13:13:49","slug":"senadores-se-declaran-insatisfechos-con-baja-cifra-de-expansion-en-2006","status":"publish","type":"post","link":"https:\/\/diariodominicano.com\/?p=124331","title":{"rendered":"Senadores se declaran insatisfechos con baja cifra de expansi\u00f3n en 2006"},"content":{"rendered":"<p><body><\/p>\n<p class=\"titulogrande1\">Senadores se declaran insatisfechos  con baja cifra de expansi\u00f3n en 2006<\/p>\n<p>&#13;<\/p>\n<p align=\"justify\"><strong>SANTIAGO, Chile.-<\/strong><span class=\"text1noticias\"> Insatisfechos y disconformes con el crecimiento proyectado por el Banco Central  para este a\u00f1o se declararon los senadores que escucharon la intervenci\u00f3n del  presidente del instituto emisor, Vittorio Corbo.<\/span><\/p>\n<p>&#13;<\/p>\n<p align=\"justify\" class=\"text1noticias\">El senador  socialista <strong>Carlos Ominami<\/strong> cuestion\u00f3 la cifra estimada entre  4,75 y 5,25% considerando el positivo escenario internacional.<br \/>&#13;<br \/>\n  <br \/>&#13;<br \/>\n\u00abDesde el  punto de vista de los promedios, de la inercia, un 5% de crecimiento est\u00e1 bien,  no va a ser ni para gritar viva Chile ni tampoco para deprimirse. El punto es  si es bueno en relaci\u00f3n con las condiciones internacionales particularmente  excepcionales que hemos vivido y ah\u00ed yo quiero decir que yo expreso una cierta  insatisfacci\u00f3n\u00bb, se\u00f1al\u00f3 el parlamentario.<\/p>\n<p>&#13;<\/p>\n<p align=\"justify\" class=\"text1noticias\">Una impresi\u00f3n  similar evidenci\u00f3 el senador RN <strong>Jos\u00e9 Garc\u00eda Ruminot<\/strong>. \u00abPor  qu\u00e9 ante un escenario internacional tan favorable, por qu\u00e9 con precios para  nuestros productos de intercambio tan favorables, la econom\u00eda chilena termina  creciendo este a\u00f1o mucho menos de lo que proyect\u00f3 el Banco Central el a\u00f1o  pasado\u00bb, indic\u00f3.<\/p>\n<p>&#13;<\/p>\n<p align=\"justify\" class=\"text1noticias\">\u00abLo que era  el rango inferior se transform\u00f3 en el rango superior y obviamente que eso es  una mala noticia, porque tenemos un escenario de la econom\u00eda internacional  tremendamente vigoroso\u00bb, agreg\u00f3.<\/p>\n<p>&#13;<\/p>\n<p align=\"justify\" class=\"text1noticias\">A juicio del  senador de la UDI <strong>Jovino Novoa<\/strong> el problema es que falta confianza entre los inversionistas, por  lo que llam\u00f3 al gobierno a generarla.<br \/>&#13;<br \/>\n  En tanto, el  legislador DC <strong>Adolfo Zald\u00edvar<\/strong> calific\u00f3 la cifra de mediocre y  cuestion\u00f3 qu\u00e9 hubiera pasado si el precio del cobre no estuviera tan alto como  en la actualidad.<\/p>\n<p>&#13;<\/p>\n<p align=\"justify\" class=\"text1noticias\">\u00abC\u00f3mo  podemos revertir esta forma de crecimiento mediocre para nosotros, a lo cual no  podemos conformarnos,seguramente para otros pa\u00edses y para pa\u00edses desarrollados  puede ser bueno pero para Chile no. Si hoy d\u00eda el cobre no estuviese presente  en los t\u00e9rminos que est\u00e1 presente estar\u00edamos hablando que es del 2 o del 2,5 o  del 1,5; es decir, volver\u00edamos a un pasado que nadie quiere que vuelva al pa\u00eds  en la situaci\u00f3n econ\u00f3mica\u00bb, se\u00f1al\u00f3.<\/p>\n<p>&#13;<\/p>\n<p align=\"justify\" class=\"text1noticias\">El Central redujo  fuertemente la estimaci\u00f3n de crecimiento de este a\u00f1o desde lo proyectado en  mayo, cuando se hablaba de una expansi\u00f3n de entre 5 y 6%.<\/p>\n<p>&#13;<\/p>\n<h6> 2006-09-14 13:13:49 <\/h6>\n<p><!--\n<link rel=\"stylesheet\" href=\"css\/bootstrap.min.css\">\n\n\n<ul class=\"pagination\">\n\t    \n\t\n\n<li >\n\t<a href='?page_no=30210'>Previous<\/a>\n\t<\/li>\n\n\n       \n    \n\n<li><a href='?page_no=1'>1<\/a><\/li>\n\n\n\n<li><a href='?page_no=2'>2<\/a><\/li>\n\n\n\n<li><a>...<\/a><\/li>\n\n\n\n<li><a href='?page_no=30209'>30209<\/a><\/li>\n\n\n\n<li><a href='?page_no=30210'>30210<\/a><\/li>\n\n\n\n<li class='active'><a>30211<\/a><\/li>\n\n\n\n<li><a href='?page_no=30212'>30212<\/a><\/li>\n\n\n\n<li><a href='?page_no=30213'>30213<\/a><\/li>\n\n\n\n<li><a>...<\/a><\/li>\n\n\n\n<li><a href='?page_no=30472'>30472<\/a><\/li>\n\n\n\n<li><a href='?page_no=30473'>30473<\/a><\/li>\n\n    \n\t\n\n<li >\n\t<a href='?page_no=30212'>Next<\/a>\n\t<\/li>\n\n\n    \n\n<li><a href='?page_no=30473'>Last &rsaquo;&rsaquo;<\/a><\/li>\n\n<\/ul>\n\n\n--><br \/>\n<\/body><\/p>\n","protected":false},"excerpt":{"rendered":"<p>Senadores se declaran insatisfechos con baja cifra de expansi\u00f3n en 2006 &#13; SANTIAGO, Chile.- Insatisfechos y disconformes con el crecimiento proyectado por el Banco Central para este a\u00f1o se declararon los senadores que escucharon la intervenci\u00f3n del presidente del instituto emisor, Vittorio Corbo. &#13; El senador socialista Carlos Ominami cuestion\u00f3 la cifra estimada entre 4,75 [&hellip;]<\/p>\n","protected":false},"author":3,"featured_media":0,"comment_status":"open","ping_status":"open","sticky":false,"template":"","format":"standard","meta":{"footnotes":""},"categories":[18],"tags":[],"class_list":["post-124331","post","type-post","status-publish","format-standard","hentry","category-economia"],"_links":{"self":[{"href":"https:\/\/diariodominicano.com\/index.php?rest_route=\/wp\/v2\/posts\/124331","targetHints":{"allow":["GET"]}}],"collection":[{"href":"https:\/\/diariodominicano.com\/index.php?rest_route=\/wp\/v2\/posts"}],"about":[{"href":"https:\/\/diariodominicano.com\/index.php?rest_route=\/wp\/v2\/types\/post"}],"author":[{"embeddable":true,"href":"https:\/\/diariodominicano.com\/index.php?rest_route=\/wp\/v2\/users\/3"}],"replies":[{"embeddable":true,"href":"https:\/\/diariodominicano.com\/index.php?rest_route=%2Fwp%2Fv2%2Fcomments&post=124331"}],"version-history":[{"count":0,"href":"https:\/\/diariodominicano.com\/index.php?rest_route=\/wp\/v2\/posts\/124331\/revisions"}],"wp:attachment":[{"href":"https:\/\/diariodominicano.com\/index.php?rest_route=%2Fwp%2Fv2%2Fmedia&parent=124331"}],"wp:term":[{"taxonomy":"category","embeddable":true,"href":"https:\/\/diariodominicano.com\/index.php?rest_route=%2Fwp%2Fv2%2Fcategories&post=124331"},{"taxonomy":"post_tag","embeddable":true,"href":"https:\/\/diariodominicano.com\/index.php?rest_route=%2Fwp%2Fv2%2Ftags&post=124331"}],"curies":[{"name":"wp","href":"https:\/\/api.w.org\/{rel}","templated":true}]}}