{"id":124327,"date":"2006-09-15T23:05:16","date_gmt":"2006-09-15T23:05:16","guid":{"rendered":"http:\/\/diariodominicano.ddns.net\/?p=124327"},"modified":"2006-09-15T23:05:16","modified_gmt":"2006-09-15T23:05:16","slug":"subero-isa-pide-a-presidente-fernandez-consultar-a-los-jueces-en-todo-lo-que-sea-un-reforma-constitucional","status":"publish","type":"post","link":"https:\/\/diariodominicano.com\/?p=124327","title":{"rendered":"Subero Isa  pide a Presidente Fern\u00e1ndez  consultar a los jueces en todo lo que sea un reforma constitucional"},"content":{"rendered":"<p><body><\/p>\n<p class=\"titulogrande1\">Subero  Isa\u00a0 pide a Presidente Fern\u00e1ndez\u00a0 consultar a los jueces en todo lo que sea un  reforma constitucional<\/p>\n<p>&#13;<\/p>\n<p align=\"justify\"><strong>Santo Domingo.-<\/strong><span class=\"text1noticias\">El presidente  de la Suprema Corte  de Justicia, Jorge Subero Isa,\u00a0 consider\u00f3  que\u00a0 el presidente de la Rep\u00fablica, Leonel  Fern\u00e1ndez, que consulte a los jueces en todo lo que tiene que ver con una  posible reforma constitucional.<\/span><\/p>\n<p>&#13;<\/p>\n<p align=\"justify\" class=\"text1noticias\">Subero Isa entiende que el  problema no es quien escoja a los funcionarios, sino la calidad de estos.<\/p>\n<p>&#13;<\/p>\n<p align=\"justify\" class=\"text1noticias\">Dijo que \u201cyo quiero en un  concepto muy general pedirle al presidente de la Rep\u00fablica que todo lo  que tenga que ver con el poder judicial y la posible reforma constitucional que  se consulten a los jueces, que se consulten a los integrantes del Poder  Judicial, en todo lo relativa a lo que es la estructura judicial desde el punto  de vista constitucional\u201d.<\/p>\n<p>&#13;<\/p>\n<p align=\"justify\" class=\"text1noticias\">Entiende que los jueces son  los principales actores de todo el sistema de administraci\u00f3n de justicia y son  los m\u00e1s llamados a dar una opini\u00f3n en ese sentido.<\/p>\n<p>&#13;<\/p>\n<p align=\"justify\" class=\"text1noticias\">Agreg\u00f3 que \u201cyo creo que el  asunto no es quien les escoja sino la calidad de los funcionarios, su  integridad moral, la honestidad. Esos son los valores que debemos tomar en  cuenta, por eso no creo que es tan importante el organismo que los escoja&#8230;  son los hombres\u201d.<br \/>&#13;<br \/>\n  \u00a0<br \/>&#13;<br \/>\n Consider\u00f3 que los jueces del tribunal deben  ser consultados al momentos de introducir cambios al sistema judicial, como se  contempla en la nueva reforma judicial que se har\u00e1.<br \/>&#13;<br \/>\n  <br \/>&#13;<br \/>\nDijo que \u00abyo quiero en un concepto muy general pedirle al Presidente  de la Rep\u00fablica  que todo lo que tenga que ver con el Poder Judicial y la posible reforma  constitucional que se consulten a los jueces, que se consulten a los  integrantes del Poder Judicial, todo lo relativa a lo que es la estructura  judicial\u00bb.<br \/>&#13;<br \/>\n  <br \/>&#13;<br \/>\n  Asimismo, Subero Isa aclar\u00f3 que los jueces no son vitalicios porque cuando  cometen acciones indecorosas, inmediatamente son sustituidos.<br \/>&#13;<br \/>\n  <br \/>&#13;<br \/>\n\u00abYo creo que el asunto no es quien los escoja sino la calidad de los  funcionarios, su integridad moral, su probidad, la honestidad. Esos son los  valores que debemos tomar en cuenta, por eso que no creo que es tan importante  el organismo que los escoja, son los hombres\u00bb, expuso. <br \/>&#13;<br \/>\n  \u00a0<\/p>\n<p>&#13;<\/p>\n<div align=\"justify\" class=\"text1noticias\">Recientemente el presidente Leonel Fern\u00e1ndez propuso que los jueces de la Junta Central  Electoral sean escogidos por el Consejo Nacional de la Magistratura.<br \/>&#13;<br \/>\n  <br \/>&#13;<br \/>\n  Dijo que lo importante no es quien escoja a los jueces\u00a0  sino que los seleccionados representen de manera digna la sociedad.<br \/>&#13;\n<\/div>\n<p>&#13;<\/p>\n<h6> 2006-09-15 23:05:16 <\/h6>\n<p><!--\n<link rel=\"stylesheet\" href=\"css\/bootstrap.min.css\">\n\n\n<ul class=\"pagination\">\n\t    \n\t\n\n<li >\n\t<a href='?page_no=30206'>Previous<\/a>\n\t<\/li>\n\n\n       \n    \n\n<li><a href='?page_no=1'>1<\/a><\/li>\n\n\n\n<li><a href='?page_no=2'>2<\/a><\/li>\n\n\n\n<li><a>...<\/a><\/li>\n\n\n\n<li><a href='?page_no=30205'>30205<\/a><\/li>\n\n\n\n<li><a href='?page_no=30206'>30206<\/a><\/li>\n\n\n\n<li class='active'><a>30207<\/a><\/li>\n\n\n\n<li><a href='?page_no=30208'>30208<\/a><\/li>\n\n\n\n<li><a href='?page_no=30209'>30209<\/a><\/li>\n\n\n\n<li><a>...<\/a><\/li>\n\n\n\n<li><a href='?page_no=30472'>30472<\/a><\/li>\n\n\n\n<li><a href='?page_no=30473'>30473<\/a><\/li>\n\n    \n\t\n\n<li >\n\t<a href='?page_no=30208'>Next<\/a>\n\t<\/li>\n\n\n    \n\n<li><a href='?page_no=30473'>Last &rsaquo;&rsaquo;<\/a><\/li>\n\n<\/ul>\n\n\n--><br \/>\n<\/body><\/p>\n","protected":false},"excerpt":{"rendered":"<p>Subero Isa\u00a0 pide a Presidente Fern\u00e1ndez\u00a0 consultar a los jueces en todo lo que sea un reforma constitucional &#13; Santo Domingo.-El presidente de la Suprema Corte de Justicia, Jorge Subero Isa,\u00a0 consider\u00f3 que\u00a0 el presidente de la Rep\u00fablica, Leonel Fern\u00e1ndez, que consulte a los jueces en todo lo que tiene que ver con una posible [&hellip;]<\/p>\n","protected":false},"author":3,"featured_media":0,"comment_status":"open","ping_status":"open","sticky":false,"template":"","format":"standard","meta":{"footnotes":""},"categories":[18],"tags":[],"class_list":["post-124327","post","type-post","status-publish","format-standard","hentry","category-economia"],"_links":{"self":[{"href":"https:\/\/diariodominicano.com\/index.php?rest_route=\/wp\/v2\/posts\/124327","targetHints":{"allow":["GET"]}}],"collection":[{"href":"https:\/\/diariodominicano.com\/index.php?rest_route=\/wp\/v2\/posts"}],"about":[{"href":"https:\/\/diariodominicano.com\/index.php?rest_route=\/wp\/v2\/types\/post"}],"author":[{"embeddable":true,"href":"https:\/\/diariodominicano.com\/index.php?rest_route=\/wp\/v2\/users\/3"}],"replies":[{"embeddable":true,"href":"https:\/\/diariodominicano.com\/index.php?rest_route=%2Fwp%2Fv2%2Fcomments&post=124327"}],"version-history":[{"count":0,"href":"https:\/\/diariodominicano.com\/index.php?rest_route=\/wp\/v2\/posts\/124327\/revisions"}],"wp:attachment":[{"href":"https:\/\/diariodominicano.com\/index.php?rest_route=%2Fwp%2Fv2%2Fmedia&parent=124327"}],"wp:term":[{"taxonomy":"category","embeddable":true,"href":"https:\/\/diariodominicano.com\/index.php?rest_route=%2Fwp%2Fv2%2Fcategories&post=124327"},{"taxonomy":"post_tag","embeddable":true,"href":"https:\/\/diariodominicano.com\/index.php?rest_route=%2Fwp%2Fv2%2Ftags&post=124327"}],"curies":[{"name":"wp","href":"https:\/\/api.w.org\/{rel}","templated":true}]}}