{"id":124324,"date":"2006-09-16T14:18:46","date_gmt":"2006-09-16T14:18:46","guid":{"rendered":"http:\/\/diariodominicano.ddns.net\/?p=124324"},"modified":"2006-09-16T14:18:46","modified_gmt":"2006-09-16T14:18:46","slug":"valdez-albizu-participa-en-asamblea-del-cemla","status":"publish","type":"post","link":"https:\/\/diariodominicano.com\/?p=124324","title":{"rendered":"Valdez Albizu participa en asamblea del Cemla"},"content":{"rendered":"<p><body><\/p>\n<p align=\"justify\"><strong class=\"titulogrande1\">Valdez  Albizu participa en asamblea del Cemla <\/strong><br \/>&#13;<br \/>\n  <strong>Aborda  con sus colegas de Am\u00e9rica Latina, Espa\u00f1a y Filipinas el impacto de los precios  del petr\u00f3leo en la inflaci\u00f3n y el manejo de la pol\u00edtica monetaria <\/strong><br \/>&#13;<br \/>\n  <strong>Manila, Filipinas.<\/strong><span class=\"text1noticias\"> El Gobernador del Banco  Central de la Rep\u00fablica Dominicana, licenciado H\u00e9ctor Valdez Albizu, encabez\u00f3  la delegaci\u00f3n dominicana que particip\u00f3 en la Asamblea del Centro de Estudios  Monetarios Latinoamericano (CEMLA) y de la Reuni\u00f3n de Gobernadores de Am\u00e9rica  Latina, Espa\u00f1a y Filipinas del Fondo Monetario Internacional y el Banco Mundial,  que se celebr\u00f3 en la ciudad de Manila, Filipinas.<br \/>&#13;<br \/>\n  <br \/>&#13;<br \/>\n  Durante el encuentro, los gobernadores de  Am\u00e9rica Latina, Espa\u00f1a y Filipinas debatieron ampliamente la perspectiva de la  econom\u00eda mundial y el efecto de los precios del petr\u00f3leo en la inflaci\u00f3n y en  el manejo de la pol\u00edtica monetaria, concluyendo en que los principales Bancos  Centrales han reaccionado a dicho fen\u00f3meno aplicando una pol\u00edtica monetaria m\u00e1s  estricta.<br \/>&#13;<br \/>\n  <br \/>&#13;<br \/>\n  Igualmente, y tomando en cuenta el efecto  macroecon\u00f3mico que tendr\u00e1 en las naciones de la Regi\u00f3n, los gobernadores analizaron  la necesidad de inversi\u00f3n en energ\u00eda limpia y su impacto en el desarrollo, en  especial para los pa\u00edses m\u00e1s pobres del mundo.<br \/>&#13;<br \/>\n  <br \/>&#13;<br \/>\n  Al respecto, se escuch\u00f3 una propuesta del  Banco Mundial que se centra en la importancia de financiar la inversi\u00f3n en energ\u00eda  limpia; contempla las pol\u00edticas y requerimientos financieros que se necesitan  para pasar de una producci\u00f3n de energ\u00eda de alta demanda de carb\u00f3n a una  producci\u00f3n que demande menos de este mineral y sea sostenible; y plantea que la  inversi\u00f3n en energ\u00eda logre, a la vez, reducir la vulnerabilidad ante cambios  clim\u00e1ticos.<br \/>&#13;<br \/>\n  <br \/>&#13;<br \/>\n  Otros temas de importancia abordados por los  gobernadores reunidos en Manila fueron la importancia de Asia en el desarrollo  financiero y la econom\u00eda reciente; y el fortalecimiento de las relaciones del  Banco Mundial con los pa\u00edses miembros del organismo. <br \/>&#13;<br \/>\n  <br \/>&#13;<br \/>\n  En la asamblea, que se efectu\u00f3 este 13 de  septiembre, participaron adem\u00e1s del Lic. Valdez Albizu, el Director General del  CEMLA, Kenneth Coates; el Gobernador del Banco Central de la Rep\u00fablica de  Argentina, Mart\u00edn Redrado; el Gobernador del Banco Central de Colombia, Jos\u00e9  Dar\u00edo Uribe; el Gobernador del Banco Central de Uruguay, Walter Cancela; y el Gobernador  del Banco Central de Bolivia, Ra\u00fal Garr\u00f3n Claur\u00e9; entre otros importantes gobernadores  y vicegobernadores. Adicionalmente, y en calidad de expositores, estuvieron  invitados funcionarios del FMI y el Banco Mundial. <br \/>&#13;<br \/>\n  <br \/>&#13;<br \/>\n  El gobernador Valdez Albizu particip\u00f3 en la  actividad acompa\u00f1ado del Lic. Julio C. Estrella, Asesor de la Gobernaci\u00f3n, y la  Lic. Ana Beatriz Rodr\u00edguez,\u00a0Directora del Departamento Internacional del  Banco Central.<br \/>&#13;<br \/>\n  <br \/>&#13;<br \/>\nLa Misi\u00f3n del CEMLA  consiste en promover el mejor conocimiento de cuestiones monetarias y  financieras en la regi\u00f3n mediante tareas de capacitaci\u00f3n, difusi\u00f3n e investigaci\u00f3n.  A ello se agrega su car\u00e1cter de secretar\u00eda de reuniones de las autoridades  monetarias regionales con el prop\u00f3sito de intercambiar experiencias y coordinar  posiciones. El CEMLA qued\u00f3 oficialmente establecido en septiembre de 1952.<\/span><\/p>\n<p>&#13;<\/p>\n<h6> 2006-09-16 14:18:46 <\/h6>\n<p><!--\n<link rel=\"stylesheet\" href=\"css\/bootstrap.min.css\">\n\n\n<ul class=\"pagination\">\n\t    \n\t\n\n<li >\n\t<a href='?page_no=30203'>Previous<\/a>\n\t<\/li>\n\n\n       \n    \n\n<li><a href='?page_no=1'>1<\/a><\/li>\n\n\n\n<li><a href='?page_no=2'>2<\/a><\/li>\n\n\n\n<li><a>...<\/a><\/li>\n\n\n\n<li><a href='?page_no=30202'>30202<\/a><\/li>\n\n\n\n<li><a href='?page_no=30203'>30203<\/a><\/li>\n\n\n\n<li class='active'><a>30204<\/a><\/li>\n\n\n\n<li><a href='?page_no=30205'>30205<\/a><\/li>\n\n\n\n<li><a href='?page_no=30206'>30206<\/a><\/li>\n\n\n\n<li><a>...<\/a><\/li>\n\n\n\n<li><a href='?page_no=30472'>30472<\/a><\/li>\n\n\n\n<li><a href='?page_no=30473'>30473<\/a><\/li>\n\n    \n\t\n\n<li >\n\t<a href='?page_no=30205'>Next<\/a>\n\t<\/li>\n\n\n    \n\n<li><a href='?page_no=30473'>Last &rsaquo;&rsaquo;<\/a><\/li>\n\n<\/ul>\n\n\n--><br \/>\n<\/body><\/p>\n","protected":false},"excerpt":{"rendered":"<p>Valdez Albizu participa en asamblea del Cemla &#13; Aborda con sus colegas de Am\u00e9rica Latina, Espa\u00f1a y Filipinas el impacto de los precios del petr\u00f3leo en la inflaci\u00f3n y el manejo de la pol\u00edtica monetaria &#13; Manila, Filipinas. El Gobernador del Banco Central de la Rep\u00fablica Dominicana, licenciado H\u00e9ctor Valdez Albizu, encabez\u00f3 la delegaci\u00f3n dominicana [&hellip;]<\/p>\n","protected":false},"author":3,"featured_media":0,"comment_status":"open","ping_status":"open","sticky":false,"template":"","format":"standard","meta":{"footnotes":""},"categories":[18],"tags":[],"class_list":["post-124324","post","type-post","status-publish","format-standard","hentry","category-economia"],"_links":{"self":[{"href":"https:\/\/diariodominicano.com\/index.php?rest_route=\/wp\/v2\/posts\/124324","targetHints":{"allow":["GET"]}}],"collection":[{"href":"https:\/\/diariodominicano.com\/index.php?rest_route=\/wp\/v2\/posts"}],"about":[{"href":"https:\/\/diariodominicano.com\/index.php?rest_route=\/wp\/v2\/types\/post"}],"author":[{"embeddable":true,"href":"https:\/\/diariodominicano.com\/index.php?rest_route=\/wp\/v2\/users\/3"}],"replies":[{"embeddable":true,"href":"https:\/\/diariodominicano.com\/index.php?rest_route=%2Fwp%2Fv2%2Fcomments&post=124324"}],"version-history":[{"count":0,"href":"https:\/\/diariodominicano.com\/index.php?rest_route=\/wp\/v2\/posts\/124324\/revisions"}],"wp:attachment":[{"href":"https:\/\/diariodominicano.com\/index.php?rest_route=%2Fwp%2Fv2%2Fmedia&parent=124324"}],"wp:term":[{"taxonomy":"category","embeddable":true,"href":"https:\/\/diariodominicano.com\/index.php?rest_route=%2Fwp%2Fv2%2Fcategories&post=124324"},{"taxonomy":"post_tag","embeddable":true,"href":"https:\/\/diariodominicano.com\/index.php?rest_route=%2Fwp%2Fv2%2Ftags&post=124324"}],"curies":[{"name":"wp","href":"https:\/\/api.w.org\/{rel}","templated":true}]}}