{"id":124318,"date":"2006-09-19T12:37:38","date_gmt":"2006-09-19T12:37:38","guid":{"rendered":"http:\/\/diariodominicano.ddns.net\/?p=124318"},"modified":"2006-09-19T12:37:38","modified_gmt":"2006-09-19T12:37:38","slug":"propondran-creacion-de-consejo-regulador-de-valores","status":"publish","type":"post","link":"https:\/\/diariodominicano.com\/?p=124318","title":{"rendered":"Propondr\u00e1n  creaci\u00f3n de Consejo Regulador de Valores"},"content":{"rendered":"<p><body><\/p>\n<p class=\"titulogrande1\">Propondr\u00e1n\u00a0 creaci\u00f3n de Consejo Regulador de Valores<\/p>\n<p>&#13;<\/p>\n<p class=\"textogrande\">Por Morris N\u00fa\u00f1ez.<\/p>\n<p>&#13;<\/p>\n<p align=\"justify\"><strong>SANTO DOMINGO.-<\/strong> <span class=\"text1noticias\">El  superintendente de Valores \u00a0de la Republica Dominicana,\u00a0 Haivanjoe NG Corti\u00f1as, propondr\u00e1 \u00a0en la reuni\u00f3n de superintendentes de Centroam\u00e9rica  y Panam\u00e1 la creaci\u00f3n \u00a0del Consejo  Regulador\u00a0 de Valores (CRV).<\/span><\/p>\n<p>&#13;<\/p>\n<p align=\"justify\" class=\"text1noticias\">La CRV\u00a0 est\u00e1 llamada a crear una  asociaci\u00f3n sin fines de lucro, que estar\u00e1 compuesta por los organismos de  supervisi\u00f3n de los mercados de valores de \u00a0Costa Rica, El Salvador, Nicaragua, Guatemala,  Honduras, Panam\u00e1 y Rep\u00fablica Dominicana; pudiendo integrarse otros pa\u00edses de la  regi\u00f3n.<\/p>\n<p>&#13;<\/p>\n<p align=\"justify\" class=\"text1noticias\">\u00a0Con la creaci\u00f3n del Consejo se \u00a0busca mantener el intercambio de informaci\u00f3n y  un manual de trabajo com\u00fan entre los socios, adem\u00e1s de sentar las bases para la  creaci\u00f3n de y desarrollo de de un mercado de valores regional para emisiones o  para inversiones.<\/p>\n<p>&#13;<\/p>\n<p align=\"justify\" class=\"text1noticias\">NG Corti\u00f1as dijo que \u00b4\u00b4  El\u00a0 objetivo es crear, mantener y  proporcionar una supervisi\u00f3n regional de mercados de valores y a la vez,  cooperar con las comisiones\u00a0 que a cada  uno competa a los fines de mejorar\u00a0 y  facilitar las labores\u00a0 de sus miembros ,  en un mundo cada vez mas globalizado\u00b4\u00b4.<\/p>\n<p>&#13;<\/p>\n<p align=\"justify\" class=\"text1noticias\">\u00a0La iniciativa plantea la creaci\u00f3n de\u00a0 actividades que busquen armonizar las leyes  contables, las estad\u00edsticas, legislaci\u00f3n, capacitaci\u00f3n y un est\u00e1ndar\u00a0\u00a0 de trabajo para las actividades que se encuentren  bajo fiscalizaci\u00f3n del\u00a0 Consejo.<\/p>\n<p>&#13;<\/p>\n<h6> 2006-09-19 12:37:38 <\/h6>\n<p><!--\n<link rel=\"stylesheet\" href=\"css\/bootstrap.min.css\">\n\n\n<ul class=\"pagination\">\n\t    \n\t\n\n<li >\n\t<a href='?page_no=30197'>Previous<\/a>\n\t<\/li>\n\n\n       \n    \n\n<li><a href='?page_no=1'>1<\/a><\/li>\n\n\n\n<li><a href='?page_no=2'>2<\/a><\/li>\n\n\n\n<li><a>...<\/a><\/li>\n\n\n\n<li><a href='?page_no=30196'>30196<\/a><\/li>\n\n\n\n<li><a href='?page_no=30197'>30197<\/a><\/li>\n\n\n\n<li class='active'><a>30198<\/a><\/li>\n\n\n\n<li><a href='?page_no=30199'>30199<\/a><\/li>\n\n\n\n<li><a href='?page_no=30200'>30200<\/a><\/li>\n\n\n\n<li><a>...<\/a><\/li>\n\n\n\n<li><a href='?page_no=30472'>30472<\/a><\/li>\n\n\n\n<li><a href='?page_no=30473'>30473<\/a><\/li>\n\n    \n\t\n\n<li >\n\t<a href='?page_no=30199'>Next<\/a>\n\t<\/li>\n\n\n    \n\n<li><a href='?page_no=30473'>Last &rsaquo;&rsaquo;<\/a><\/li>\n\n<\/ul>\n\n\n--><br \/>\n<\/body><\/p>\n","protected":false},"excerpt":{"rendered":"<p>Propondr\u00e1n\u00a0 creaci\u00f3n de Consejo Regulador de Valores &#13; Por Morris N\u00fa\u00f1ez. &#13; SANTO DOMINGO.- El superintendente de Valores \u00a0de la Republica Dominicana,\u00a0 Haivanjoe NG Corti\u00f1as, propondr\u00e1 \u00a0en la reuni\u00f3n de superintendentes de Centroam\u00e9rica y Panam\u00e1 la creaci\u00f3n \u00a0del Consejo Regulador\u00a0 de Valores (CRV). &#13; La CRV\u00a0 est\u00e1 llamada a crear una asociaci\u00f3n sin fines de [&hellip;]<\/p>\n","protected":false},"author":3,"featured_media":0,"comment_status":"open","ping_status":"open","sticky":false,"template":"","format":"standard","meta":{"footnotes":""},"categories":[18],"tags":[],"class_list":["post-124318","post","type-post","status-publish","format-standard","hentry","category-economia"],"_links":{"self":[{"href":"https:\/\/diariodominicano.com\/index.php?rest_route=\/wp\/v2\/posts\/124318","targetHints":{"allow":["GET"]}}],"collection":[{"href":"https:\/\/diariodominicano.com\/index.php?rest_route=\/wp\/v2\/posts"}],"about":[{"href":"https:\/\/diariodominicano.com\/index.php?rest_route=\/wp\/v2\/types\/post"}],"author":[{"embeddable":true,"href":"https:\/\/diariodominicano.com\/index.php?rest_route=\/wp\/v2\/users\/3"}],"replies":[{"embeddable":true,"href":"https:\/\/diariodominicano.com\/index.php?rest_route=%2Fwp%2Fv2%2Fcomments&post=124318"}],"version-history":[{"count":0,"href":"https:\/\/diariodominicano.com\/index.php?rest_route=\/wp\/v2\/posts\/124318\/revisions"}],"wp:attachment":[{"href":"https:\/\/diariodominicano.com\/index.php?rest_route=%2Fwp%2Fv2%2Fmedia&parent=124318"}],"wp:term":[{"taxonomy":"category","embeddable":true,"href":"https:\/\/diariodominicano.com\/index.php?rest_route=%2Fwp%2Fv2%2Fcategories&post=124318"},{"taxonomy":"post_tag","embeddable":true,"href":"https:\/\/diariodominicano.com\/index.php?rest_route=%2Fwp%2Fv2%2Ftags&post=124318"}],"curies":[{"name":"wp","href":"https:\/\/api.w.org\/{rel}","templated":true}]}}