{"id":124316,"date":"2006-09-20T10:58:16","date_gmt":"2006-09-20T10:58:16","guid":{"rendered":"http:\/\/diariodominicano.ddns.net\/?p=124316"},"modified":"2006-09-20T10:58:16","modified_gmt":"2006-09-20T10:58:16","slug":"bernardo-vega-califica-exitosa-presente-administracion-banco-central","status":"publish","type":"post","link":"https:\/\/diariodominicano.com\/?p=124316","title":{"rendered":"Bernardo Vega Califica Exitosa Presente Administraci\u00f3n Banco Central"},"content":{"rendered":"<p><body><\/p>\n<p align=\"justify\" class=\"text1noticias\"><strong class=\"titulogrande1\">Bernardo Vega Califica Exitosa Presente Administraci\u00f3n  Banco Central <\/strong><br \/>&#13;<br \/>\n  \u00a0<br \/>&#13;<br \/>\n  <strong><img loading=\"lazy\" decoding=\"async\" src=\"http:\/\/localhost:8080\/economia\/pictures\/hector valdez.jpg\" alt=\"hector valdez\" width=\"163\" height=\"228\" hspace=\"4\" align=\"left\" \/>Santo Domingo.-<\/strong> El economista e historiador Bernardo Vega  calific\u00f3 de exitosa la presente administraci\u00f3n del Banco Central y al mismo  tiempo destac\u00f3 como parte de sus logros el aumento de sus reservas, la rebaja y  estabilizaci\u00f3n del precio del d\u00f3lar, la disminuci\u00f3n de la inflaci\u00f3n y el  crecimiento de la econom\u00eda, aspectos que en el a\u00f1o 2004 no le parec\u00edan  factibles.\u00a0 <\/p>\n<p>&#13;<\/p>\n<p align=\"justify\" class=\"text1noticias\">Sin embargo reconoci\u00f3 que el problema de la entidad  actualmente es de tipo\u00a0 fiscal, no  monetario, como ocurre con el tranque con el Fondo Monetario Internacional. <\/p>\n<p>&#13;<\/p>\n<p align=\"justify\" class=\"text1noticias\">\u201cSi a m\u00ed me hubieran preguntado en este mismo programa  el 16 de agosto\u00a0 del 2004, si yo pensaba  que para agosto del 2006, la divisa que antes estaba al 60, iban a bajar al  34\u00a0 y que iba a estar estable durante  much\u00edsimos meses,\u00a0 y que las reservas del  B<strong>anco Central <\/strong>\u00a0iban a aumentar,  que la inflaci\u00f3n iba a estar debajo del 10 %\u00a0  y que la econom\u00eda iba a estar creciendo\u00a0  al\u00a0 9 o 10 %, yo hubiera dicho que  eso no era factible. Yo francamente hubiera opinado que eso no era factible,\u201d  refiri\u00f3. <\/p>\n<p>&#13;<\/p>\n<p align=\"justify\" class=\"text1noticias\">Tambi\u00e9n destac\u00f3 que los dos retos m\u00e1s grandes e  inmediatos del pa\u00eds son\u00a0 el sector  energ\u00e9tico y la falta de austeridad en el gasto p\u00fablico, lo que a su juicio se  ha reflejado en un problema de exceso de gastos en los primeros 8 meses de este  a\u00f1o y que es parte de lo que se est\u00e1 negociando con el Fondo Monetario\u00a0 Internacional. <\/p>\n<p>&#13;<\/p>\n<p align=\"justify\" class=\"text1noticias\">Sus declaraciones fueron dadas en el programa \u201cAgenda  Econ\u00f3mica\u201d que conducen los economistas Luis N\u00fa\u00f1ez, Luis Manuel Piantini,  Rosanna Ruiz y el empresario An\u00edbal Sosa. <\/p>\n<p>&#13;<\/p>\n<p align=\"justify\" class=\"text1noticias\"><strong>La Compra de las Edes<\/strong><\/p>\n<p>&#13;<\/p>\n<p align=\"justify\" class=\"text1noticias\">El ex gobernador del Banco Central atribuy\u00f3 tambi\u00e9n el  problema energ\u00e9tico a la compra de Edenorte y Edesur durante el gobierno  de\u00a0 Hip\u00f3lito Mej\u00eda, en un momento en que  ambas estaban quebradas.<br \/>&#13;<br \/>\n  \u00a0<br \/>&#13;<br \/>\n  Agreg\u00f3 que para su adquisici\u00f3n no hab\u00eda que pagar  tanto dinero, ni debieron convertirlas en empresas estatales, nombrando  administradores del partido de entonces. <\/p>\n<p>&#13;<\/p>\n<p align=\"justify\" class=\"text1noticias\">Critic\u00f3 adem\u00e1s que luego de la \u201ctragedia\u201d del gobierno  de Hip\u00f3lito Mej\u00eda, cuando gan\u00f3 Leonel Fern\u00e1ndez se habl\u00f3 de despolitizarlas y en  realidad s\u00f3lo ha habido cambios de empleados de un partido a otro.\u00a0\u00a0 <\/p>\n<p>&#13;<\/p>\n<p align=\"justify\" class=\"text1noticias\">\u201cLa tragedia viene de la decisi\u00f3n del gobierno de Hip\u00f3lito  Mej\u00eda, de comprar a Edenorte y\u00a0 a Edesur  cuando eran empresas quebradas, que no hab\u00eda que pagar tanto dinero por ellas.  Adem\u00e1s de eso el estabilizarlas signific\u00f3\u00a0  que se convirtieron en empresas estatales igual\u00a0 que eran Corde y el\u00a0 CEA. Nombraron administradores del partido,  se politiz\u00f3 la n\u00f3mina y aunque en la etapa de transici\u00f3n, cuando gan\u00f3 Leonel Fern\u00e1ndez, se  habl\u00f3 de despolitizarlas, en realidad lo que hubo fue cambios\u00a0 de empleados\u00a0  de un partido a otro\u00a0 y eso  aument\u00f3 la n\u00f3mina de esas empresas. Esas n\u00f3minas se pagan superfluas con un mayor  subsidio,\u201d se\u00f1al\u00f3. <\/p>\n<p>&#13;<\/p>\n<p align=\"justify\" class=\"text1noticias\">Para aumentar las cobranzas de las Edes estatales  sugiri\u00f3 entregar la administraci\u00f3n a una empresa extranjera con experiencia en  ese rama, ya que para eso\u00a0 hay muchas  compa\u00f1\u00edas en el mundo\u00a0 que se dedican a  administrar empresas de distribuci\u00f3n, sin ser due\u00f1as de ellas. <\/p>\n<p>&#13;<\/p>\n<p align=\"justify\" class=\"text1noticias\">\u201cEl Banco Mundial ante lo que estaba pasando presion\u00f3  y lo \u00fanico que logr\u00f3 fue que le nombraran un par de administradores  extranjeros, pero el resto de los empleado son dominicanos y ah\u00ed la influencia  pol\u00edtica se mantiene, entonces\u00a0 lo  cobros\u00a0 de Edenorte y de Edesur son  menores que de la \u00fanica empresa privada, que es Edeeste\u201d dijo.<\/p>\n<p>&#13;<\/p>\n<p align=\"justify\" class=\"text1noticias\">\u00a0Vega entiende y  fue enf\u00e1tico en\u00a0 afirmar que parte de la  reforma que hay que continuar es echar para atr\u00e1s la contra-reforma de Hip\u00f3lito  Mej\u00eda y entregar la administraci\u00f3n de las distribuidoras a manos privadas para  mejorar los cobros que est\u00e1n por debajo de los objetivos que plante\u00f3 el FMI. <\/p>\n<p>&#13;<\/p>\n<p align=\"justify\" class=\"text1noticias\">Al referirse al  subsidio de la energ\u00eda el\u00e9ctrica se\u00f1al\u00f3 que el mismo ha llegado ya a unos  niveles que exceden el presupuesto tanto de educaci\u00f3n como de salud en su conjunto,  lo que da la idea de lo grande que es y por\u00a0  lo que tiene que ocurrir que su manejo pase al sector privado para que  se cobre m\u00e1s energ\u00eda y eso reduzca la necesidad de los d\u00e9ficits. <\/p>\n<p>&#13;<\/p>\n<h6> 2006-09-20 10:58:16 <\/h6>\n<p><!--\n<link rel=\"stylesheet\" href=\"css\/bootstrap.min.css\">\n\n\n<ul class=\"pagination\">\n\t    \n\t\n\n<li >\n\t<a href='?page_no=30195'>Previous<\/a>\n\t<\/li>\n\n\n       \n    \n\n<li><a href='?page_no=1'>1<\/a><\/li>\n\n\n\n<li><a href='?page_no=2'>2<\/a><\/li>\n\n\n\n<li><a>...<\/a><\/li>\n\n\n\n<li><a href='?page_no=30194'>30194<\/a><\/li>\n\n\n\n<li><a href='?page_no=30195'>30195<\/a><\/li>\n\n\n\n<li class='active'><a>30196<\/a><\/li>\n\n\n\n<li><a href='?page_no=30197'>30197<\/a><\/li>\n\n\n\n<li><a href='?page_no=30198'>30198<\/a><\/li>\n\n\n\n<li><a>...<\/a><\/li>\n\n\n\n<li><a href='?page_no=30472'>30472<\/a><\/li>\n\n\n\n<li><a href='?page_no=30473'>30473<\/a><\/li>\n\n    \n\t\n\n<li >\n\t<a href='?page_no=30197'>Next<\/a>\n\t<\/li>\n\n\n    \n\n<li><a href='?page_no=30473'>Last &rsaquo;&rsaquo;<\/a><\/li>\n\n<\/ul>\n\n\n--><br \/>\n<\/body><\/p>\n","protected":false},"excerpt":{"rendered":"<p>Bernardo Vega Califica Exitosa Presente Administraci\u00f3n Banco Central &#13; \u00a0&#13; Santo Domingo.- El economista e historiador Bernardo Vega calific\u00f3 de exitosa la presente administraci\u00f3n del Banco Central y al mismo tiempo destac\u00f3 como parte de sus logros el aumento de sus reservas, la rebaja y estabilizaci\u00f3n del precio del d\u00f3lar, la disminuci\u00f3n de la inflaci\u00f3n [&hellip;]<\/p>\n","protected":false},"author":3,"featured_media":0,"comment_status":"open","ping_status":"open","sticky":false,"template":"","format":"standard","meta":{"footnotes":""},"categories":[18],"tags":[],"class_list":["post-124316","post","type-post","status-publish","format-standard","hentry","category-economia"],"_links":{"self":[{"href":"https:\/\/diariodominicano.com\/index.php?rest_route=\/wp\/v2\/posts\/124316","targetHints":{"allow":["GET"]}}],"collection":[{"href":"https:\/\/diariodominicano.com\/index.php?rest_route=\/wp\/v2\/posts"}],"about":[{"href":"https:\/\/diariodominicano.com\/index.php?rest_route=\/wp\/v2\/types\/post"}],"author":[{"embeddable":true,"href":"https:\/\/diariodominicano.com\/index.php?rest_route=\/wp\/v2\/users\/3"}],"replies":[{"embeddable":true,"href":"https:\/\/diariodominicano.com\/index.php?rest_route=%2Fwp%2Fv2%2Fcomments&post=124316"}],"version-history":[{"count":0,"href":"https:\/\/diariodominicano.com\/index.php?rest_route=\/wp\/v2\/posts\/124316\/revisions"}],"wp:attachment":[{"href":"https:\/\/diariodominicano.com\/index.php?rest_route=%2Fwp%2Fv2%2Fmedia&parent=124316"}],"wp:term":[{"taxonomy":"category","embeddable":true,"href":"https:\/\/diariodominicano.com\/index.php?rest_route=%2Fwp%2Fv2%2Fcategories&post=124316"},{"taxonomy":"post_tag","embeddable":true,"href":"https:\/\/diariodominicano.com\/index.php?rest_route=%2Fwp%2Fv2%2Ftags&post=124316"}],"curies":[{"name":"wp","href":"https:\/\/api.w.org\/{rel}","templated":true}]}}