{"id":124314,"date":"2006-09-20T12:21:49","date_gmt":"2006-09-20T12:21:49","guid":{"rendered":"http:\/\/diariodominicano.ddns.net\/?p=124314"},"modified":"2006-09-20T12:21:49","modified_gmt":"2006-09-20T12:21:49","slug":"sandra-portela-pide-mayores-informaciones-sobre-discusiones-del-tlc","status":"publish","type":"post","link":"https:\/\/diariodominicano.com\/?p=124314","title":{"rendered":"Sandra Portela pide mayores informaciones sobre discusiones del TLC"},"content":{"rendered":"<p><body><\/p>\n<p class=\"titulogrande1\">Sandra  Portela pide mayores informaciones sobre discusiones del TLC<\/p>\n<p>&#13;<\/p>\n<p align=\"justify\" class=\"text1noticias\">Santo Domingo.-La presidenta  de la Asociaci\u00f3n\u00a0de  Industrias de la   Rep\u00fablica Dominicana, Yandra Portela, pidi\u00f3 que se ofrezcan  mayores informaciones de \u00a0las discusiones  que se llevan a cabo en\u00a0Washington para la entrada en vigencia del Tratado  de Libre Comercio de Centroam\u00e9rica y Rep\u00fablica Dominicana con Estados Unidos.<br \/>&#13;<br \/>\n  <br \/>&#13;<br \/>\n  \u00a0\u00abLo primero es que desgraciadamente  el Gobierno ha limitado mucho las informaciones de lo que est\u00e1 pasando en  Washington\u00bb.<br \/>&#13;<br \/>\n  <br \/>&#13;<br \/>\n  Consider\u00f3 que lo poco que se sabe sobre esas discusiones demuestra que Estados  Unidos \u00abnos la est\u00e1 poniendo bastante en China\u00bb.<br \/>&#13;<br \/>\n  <br \/>&#13;<br \/>\n  Inform\u00f3 que aparentemente hay muchos \u00abperiquitos\u00bb y muchas cosas que  est\u00e1n pidiendo\u00bb los\u00a0 estadounidenses para la entrada del pa\u00eds al  acuerdo comercial.<br \/>&#13;<br \/>\n  <br \/>&#13;<br \/>\n  Afirm\u00f3 que \u00abla verdad es que Rep\u00fablica Dominicana y los negociadores  dominicanos, encabezado por Vilma Arbaje, la verdad es que no la est\u00e1n pasando  muy bien\u00bb.<br \/>&#13;<br \/>\n  <br \/>&#13;<br \/>\nSostuvo \u00a0que \u00abla situaci\u00f3n en  Washington no est\u00e1 agradable para Rep\u00fablica Dominicana, si hay que decir que no  ha sido por responsabilidad nuestra, porque se ha tratado de hacer el mejor de  los esfuerzos\u00bb. <\/p>\n<p>&#13;<\/p>\n<h6> 2006-09-20 12:21:49 <\/h6>\n<p><!--\n<link rel=\"stylesheet\" href=\"css\/bootstrap.min.css\">\n\n\n<ul class=\"pagination\">\n\t    \n\t\n\n<li >\n\t<a href='?page_no=30193'>Previous<\/a>\n\t<\/li>\n\n\n       \n    \n\n<li><a href='?page_no=1'>1<\/a><\/li>\n\n\n\n<li><a href='?page_no=2'>2<\/a><\/li>\n\n\n\n<li><a>...<\/a><\/li>\n\n\n\n<li><a href='?page_no=30192'>30192<\/a><\/li>\n\n\n\n<li><a href='?page_no=30193'>30193<\/a><\/li>\n\n\n\n<li class='active'><a>30194<\/a><\/li>\n\n\n\n<li><a href='?page_no=30195'>30195<\/a><\/li>\n\n\n\n<li><a href='?page_no=30196'>30196<\/a><\/li>\n\n\n\n<li><a>...<\/a><\/li>\n\n\n\n<li><a href='?page_no=30472'>30472<\/a><\/li>\n\n\n\n<li><a href='?page_no=30473'>30473<\/a><\/li>\n\n    \n\t\n\n<li >\n\t<a href='?page_no=30195'>Next<\/a>\n\t<\/li>\n\n\n    \n\n<li><a href='?page_no=30473'>Last &rsaquo;&rsaquo;<\/a><\/li>\n\n<\/ul>\n\n\n--><br \/>\n<\/body><\/p>\n","protected":false},"excerpt":{"rendered":"<p>Sandra Portela pide mayores informaciones sobre discusiones del TLC &#13; Santo Domingo.-La presidenta de la Asociaci\u00f3n\u00a0de Industrias de la Rep\u00fablica Dominicana, Yandra Portela, pidi\u00f3 que se ofrezcan mayores informaciones de \u00a0las discusiones que se llevan a cabo en\u00a0Washington para la entrada en vigencia del Tratado de Libre Comercio de Centroam\u00e9rica y Rep\u00fablica Dominicana con Estados [&hellip;]<\/p>\n","protected":false},"author":3,"featured_media":0,"comment_status":"open","ping_status":"open","sticky":false,"template":"","format":"standard","meta":{"footnotes":""},"categories":[18],"tags":[],"class_list":["post-124314","post","type-post","status-publish","format-standard","hentry","category-economia"],"_links":{"self":[{"href":"https:\/\/diariodominicano.com\/index.php?rest_route=\/wp\/v2\/posts\/124314","targetHints":{"allow":["GET"]}}],"collection":[{"href":"https:\/\/diariodominicano.com\/index.php?rest_route=\/wp\/v2\/posts"}],"about":[{"href":"https:\/\/diariodominicano.com\/index.php?rest_route=\/wp\/v2\/types\/post"}],"author":[{"embeddable":true,"href":"https:\/\/diariodominicano.com\/index.php?rest_route=\/wp\/v2\/users\/3"}],"replies":[{"embeddable":true,"href":"https:\/\/diariodominicano.com\/index.php?rest_route=%2Fwp%2Fv2%2Fcomments&post=124314"}],"version-history":[{"count":0,"href":"https:\/\/diariodominicano.com\/index.php?rest_route=\/wp\/v2\/posts\/124314\/revisions"}],"wp:attachment":[{"href":"https:\/\/diariodominicano.com\/index.php?rest_route=%2Fwp%2Fv2%2Fmedia&parent=124314"}],"wp:term":[{"taxonomy":"category","embeddable":true,"href":"https:\/\/diariodominicano.com\/index.php?rest_route=%2Fwp%2Fv2%2Fcategories&post=124314"},{"taxonomy":"post_tag","embeddable":true,"href":"https:\/\/diariodominicano.com\/index.php?rest_route=%2Fwp%2Fv2%2Ftags&post=124314"}],"curies":[{"name":"wp","href":"https:\/\/api.w.org\/{rel}","templated":true}]}}