{"id":124312,"date":"2006-09-21T12:19:28","date_gmt":"2006-09-21T12:19:28","guid":{"rendered":"http:\/\/diariodominicano.ddns.net\/?p=124312"},"modified":"2006-09-21T12:19:28","modified_gmt":"2006-09-21T12:19:28","slug":"escogen-la-rd-para-presidir-el-consejo-de-secretarios-de-finanzas","status":"publish","type":"post","link":"https:\/\/diariodominicano.com\/?p=124312","title":{"rendered":"Escogen la RD para presidir el Consejo de Secretarios de Finanzas"},"content":{"rendered":"<p><body><\/p>\n<p class=\"titulogrande1\">Escogen la RD para presidir el Consejo de  Secretarios de Finanzas<\/p>\n<p>&#13;<\/p>\n<p align=\"justify\"><strong>SINGAPUR.- <\/strong><span class=\"text1noticias\">La Rep\u00fablica Dominicana  fue escogida a unanimidad para presidir el Consejo de Secretarios de Finanzas  P\u00fablicas o Ministros de Hacienda de Centroam\u00e9rica, Rep\u00fablica Dominicana y  Panam\u00e1, creado en el marco de la Asamblea Anual del Fondo Monetario Internacional  (FMI), que se lleva a cabo aqu\u00ed.<\/span><\/p>\n<p>&#13;<\/p>\n<p align=\"justify\" class=\"text1noticias\">Vicente Bengoa,  secretario de Estado de Finanzas de la Rep\u00fablica Dominicana,  asumi\u00f3 de inmediato la   Presidencia del nuevo organismo, para cuya secretar\u00eda  ejecutiva fue seleccionada Guatemala.<\/p>\n<p>&#13;<\/p>\n<p align=\"justify\" class=\"text1noticias\">El Consejo lo  integran los ministros de Hacienda o Finanzas de Costa Rica, Honduras,  Guatemala, Panam\u00e1, El Salvador, Nicaragua y la Rep\u00fablica Dominicana.  La reuni\u00f3n en la que se constituy\u00f3 y se escogi\u00f3 a Rep\u00fablica Dominicana para  presidir el organismo fue encabezada por Agust\u00edn Carsterns, subdirector gerente  del FMI.<\/p>\n<p>&#13;<\/p>\n<p align=\"justify\" class=\"text1noticias\">All\u00ed se aprob\u00f3  que ahora las naciones que integran el Consejo env\u00eden a sus respectivos \u00f3rganos  congresuales la propuesta de crear un convenio marco para evitar la doble  tributaci\u00f3n de la inversi\u00f3n extranjera.<\/p>\n<p>&#13;<\/p>\n<p align=\"justify\" class=\"text1noticias\">Al asumir como  presidente del Consejo, Bengoa destac\u00f3: \u201cLas econom\u00edas de la regi\u00f3n se  benefician significativamente cuando se evita la doble tributaci\u00f3n y se previene  la evasi\u00f3n fiscal en materia de impuestos sobre la renta y sobre el  patrimonio\u201d. <\/p>\n<p>&#13;<\/p>\n<p align=\"justify\" class=\"text1noticias\">Dijo que debido a  que la regi\u00f3n ha ingresado al CAFTA, \u201cen la actualidad los problemas fiscales  son m\u00e1s relevantes que los monetarios en todos nuestros pa\u00edses\u201d, lo que da  mayor importancia a la necesidad de una coordinaci\u00f3n tributaria para promover  un desarrollo equilibrado.<\/p>\n<p>&#13;<\/p>\n<p align=\"justify\" class=\"text1noticias\">\u201cLos pa\u00edses de la  regi\u00f3n est\u00e1n inmersos en establecer pol\u00edticas tributarias propicias para atraer  la inversi\u00f3n extranjera directa, sin entrar en competencia descendente entre  ellos, mediante la concesi\u00f3n de reducciones significativas de impuestos e  incentivos fiscales excesivos\u201d, resalt\u00f3.<\/p>\n<p>&#13;<\/p>\n<p align=\"justify\" class=\"text1noticias\">El convenio marco  para evitar la doble tributaci\u00f3n contempla principalmente impuestos sobre la  renta y sobre el capital, as\u00ed como establecer los criterios para la definici\u00f3n  del concepto de residente, el establecimiento permanente, la renta  inmobiliaria, las utilidades empresariales, el transporte mar\u00edtimo y a\u00e9reo, las  empresas asociadas, los dividendos y la renta del trabajo independiente.<\/p>\n<p>&#13;<\/p>\n<p align=\"justify\" class=\"text1noticias\">El Consejo  constituido el pasado lunes trabajar\u00e1 para crear un marco legal previsible y  transparente \u201cque elimine cualquier discriminaci\u00f3n entre nacionales y  extranjeros, eficientizando el intercambio de informaciones fiscales entre los  pa\u00edses\u201d. <\/p>\n<p>&#13;<\/p>\n<p align=\"justify\" class=\"text1noticias\">Otros t\u00f3picos  prioritarios en la agenda del Consejo se refieren a subcapitalizaci\u00f3n como  la\u00a0deducci\u00f3n abusiva de intereses, criterio de renta territorial o  mundial, impuesto sobre las rentas de no residentes, mecanismos contra el  fraude y la distribuci\u00f3n disfrazada de utilidades y a la armonizaci\u00f3n de la  base del Impuesto Sobre la Renta  a las personas jur\u00eddicas.<\/p>\n<p>&#13;<\/p>\n<p align=\"justify\" class=\"text1noticias\">De igual modo, se \u00a0prev\u00e9 la armonizaci\u00f3n a nivel regional del  ITBIS (IVA) y de los impuestos selectivos para disminuir la evasi\u00f3n y el  contrabando. Adem\u00e1s de la coordinaci\u00f3n sobre los impuestos sobre transacciones,  instrumentos e instituciones financieras, impuestos a veh\u00edculos e impuestos a  los inmuebles y otros tributos locales. <\/p>\n<p>&#13;<\/p>\n<h6> 2006-09-21 12:19:28 <\/h6>\n<p><!--\n<link rel=\"stylesheet\" href=\"css\/bootstrap.min.css\">\n\n\n<ul class=\"pagination\">\n\t    \n\t\n\n<li >\n\t<a href='?page_no=30191'>Previous<\/a>\n\t<\/li>\n\n\n       \n    \n\n<li><a href='?page_no=1'>1<\/a><\/li>\n\n\n\n<li><a href='?page_no=2'>2<\/a><\/li>\n\n\n\n<li><a>...<\/a><\/li>\n\n\n\n<li><a href='?page_no=30190'>30190<\/a><\/li>\n\n\n\n<li><a href='?page_no=30191'>30191<\/a><\/li>\n\n\n\n<li class='active'><a>30192<\/a><\/li>\n\n\n\n<li><a href='?page_no=30193'>30193<\/a><\/li>\n\n\n\n<li><a href='?page_no=30194'>30194<\/a><\/li>\n\n\n\n<li><a>...<\/a><\/li>\n\n\n\n<li><a href='?page_no=30472'>30472<\/a><\/li>\n\n\n\n<li><a href='?page_no=30473'>30473<\/a><\/li>\n\n    \n\t\n\n<li >\n\t<a href='?page_no=30193'>Next<\/a>\n\t<\/li>\n\n\n    \n\n<li><a href='?page_no=30473'>Last &rsaquo;&rsaquo;<\/a><\/li>\n\n<\/ul>\n\n\n--><br \/>\n<\/body><\/p>\n","protected":false},"excerpt":{"rendered":"<p>Escogen la RD para presidir el Consejo de Secretarios de Finanzas &#13; SINGAPUR.- La Rep\u00fablica Dominicana fue escogida a unanimidad para presidir el Consejo de Secretarios de Finanzas P\u00fablicas o Ministros de Hacienda de Centroam\u00e9rica, Rep\u00fablica Dominicana y Panam\u00e1, creado en el marco de la Asamblea Anual del Fondo Monetario Internacional (FMI), que se lleva [&hellip;]<\/p>\n","protected":false},"author":3,"featured_media":0,"comment_status":"open","ping_status":"open","sticky":false,"template":"","format":"standard","meta":{"footnotes":""},"categories":[18],"tags":[],"class_list":["post-124312","post","type-post","status-publish","format-standard","hentry","category-economia"],"_links":{"self":[{"href":"https:\/\/diariodominicano.com\/index.php?rest_route=\/wp\/v2\/posts\/124312","targetHints":{"allow":["GET"]}}],"collection":[{"href":"https:\/\/diariodominicano.com\/index.php?rest_route=\/wp\/v2\/posts"}],"about":[{"href":"https:\/\/diariodominicano.com\/index.php?rest_route=\/wp\/v2\/types\/post"}],"author":[{"embeddable":true,"href":"https:\/\/diariodominicano.com\/index.php?rest_route=\/wp\/v2\/users\/3"}],"replies":[{"embeddable":true,"href":"https:\/\/diariodominicano.com\/index.php?rest_route=%2Fwp%2Fv2%2Fcomments&post=124312"}],"version-history":[{"count":0,"href":"https:\/\/diariodominicano.com\/index.php?rest_route=\/wp\/v2\/posts\/124312\/revisions"}],"wp:attachment":[{"href":"https:\/\/diariodominicano.com\/index.php?rest_route=%2Fwp%2Fv2%2Fmedia&parent=124312"}],"wp:term":[{"taxonomy":"category","embeddable":true,"href":"https:\/\/diariodominicano.com\/index.php?rest_route=%2Fwp%2Fv2%2Fcategories&post=124312"},{"taxonomy":"post_tag","embeddable":true,"href":"https:\/\/diariodominicano.com\/index.php?rest_route=%2Fwp%2Fv2%2Ftags&post=124312"}],"curies":[{"name":"wp","href":"https:\/\/api.w.org\/{rel}","templated":true}]}}