{"id":124310,"date":"2006-09-22T12:25:31","date_gmt":"2006-09-22T12:25:31","guid":{"rendered":"http:\/\/diariodominicano.ddns.net\/?p=124310"},"modified":"2006-09-22T12:25:31","modified_gmt":"2006-09-22T12:25:31","slug":"tlc-con-japon-entra-en-fase-final-y-en-noviembre-se-firma-acuerdo-con-colombia","status":"publish","type":"post","link":"https:\/\/diariodominicano.com\/?p=124310","title":{"rendered":"TLC con Jap\u00f3n entra en fase final y en noviembre se firma acuerdo con Colombia"},"content":{"rendered":"<p><body><\/p>\n<p class=\"titulogrande1\">TLC con Jap\u00f3n entra en fase final y en noviembre se firma acuerdo con  Colombia<\/p>\n<p>&#13;<\/p>\n<p align=\"justify\"><strong>SANTIAGO,  Chile.-<\/strong> <span class=\"text1noticias\">La Presidenta <strong>Michelle Bachelet<\/strong> anunci\u00f3 desde Nueva  York que el <strong>Acuerdo de Asociaci\u00f3n Econ\u00f3mica entre Chile y Jap\u00f3n<\/strong> entr\u00f3 en su <strong>fase final<\/strong>. La mandataria expres\u00f3 su satisfacci\u00f3n  por el acuerdo respecto de los principales elementos que contemplar\u00e1 este  Tratado de Libre Comercio entre ambos pa\u00edses.<\/span><\/p>\n<p>&#13;<\/p>\n<p align=\"justify\" class=\"text1noticias\">Adem\u00e1s,  afirm\u00f3 que \u00abeste acuerdo es otro aporte para impulsar el desarrollo  productivo de los peque\u00f1os y medianos empresarios en la medida que el gobierno  trabaja para ampliar las posibilidades de su participaci\u00f3n en el proceso  exportador de Chile\u00bb.<\/p>\n<p>&#13;<\/p>\n<p align=\"justify\" class=\"text1noticias\">Tras  una reuni\u00f3n que se realiz\u00f3 en Tokio, entre el 12 y 14 de septiembre pasado, los  jefes de los equipos negociadores de Chile, Carlos Furche, y de Jap\u00f3n, Seiichi  Kondo, cerraron las negociaciones en Acceso a Mercados y se acord\u00f3 finalizar  este acuerdo comprehensivo que incluye, entre otros temas, Inversiones,  Servicios, Servicios Financieros, Propiedad Intelectual, Compras P\u00fablicas y  Mejoramiento del Ambiente de Negocios, en la ronda que se iniciar\u00e1 el 6 de  noviembre en Tokio.<\/p>\n<p>&#13;<\/p>\n<p align=\"justify\" class=\"text1noticias\">Este  acuerdo permitir\u00e1 ampliar y diversificar las exportaciones hacia la segunda  econom\u00eda mundial, las que durante el 2005, llegaron a US$ 4.536 millones, lo  que represent\u00f3 un incremento de 22,7% respecto al a\u00f1o anterior y fue el segundo  lugar de destino de las exportaciones chilenas. La Presidenta destac\u00f3, adem\u00e1s,  que este es el primer tratado que este pa\u00eds asi\u00e1tico firma con una naci\u00f3n  sudamericana.<\/p>\n<p>&#13;<\/p>\n<p align=\"justify\" class=\"text1noticias\">Previamente  desde Jap\u00f3n se hab\u00eda informado que\u00a0se sellaron las bases de un <strong>acuerdo  de libre comercio bilateral<\/strong> que ser\u00eda anunciado formalmente ma\u00f1ana por  las autoridades niponas tras recibir la aprobaci\u00f3n del gabinete.<\/p>\n<p>&#13;<\/p>\n<p align=\"justify\" class=\"text1noticias\">\u00abHemos  llegado a un acuerdo b\u00e1sico\u00bb, declar\u00f3 Yoshihiro Higuchi, funcionario de la  Canciller\u00eda, quien agreg\u00f3 que \u00abel resultado refleja las negociaciones  basadas en nuestro mutuo entendimiento de que un pronto acuerdo beneficiar\u00e1 a  ambos pa\u00edses\u00bb.<\/p>\n<p>&#13;<\/p>\n<p align=\"justify\" class=\"text1noticias\">En  tanto, tambi\u00e9n se concretar\u00e1 la firma de un <strong>TLC con Colombia<\/strong> a  fines de noviembre, seg\u00fan lo afirm\u00f3 el propio Presidente colombiano, <strong>Alvaro  Uribe<\/strong>, a inversores en Nueva York.<\/p>\n<p>&#13;<\/p>\n<p align=\"justify\" class=\"text1noticias\">\u00abMe  reun\u00ed con Michelle Bachelet y acordamos firmar un tratado de libre comercio a  fines de noviembre\u00bb, se\u00f1al\u00f3 Uribe.<\/p>\n<p>&#13;<\/p>\n<p align=\"justify\" class=\"text1noticias\">Santiago  y Bogot\u00e1 comenzaron negociaciones para alcanzar un acuerdo de libre comercio en  agosto.<\/p>\n<p>&#13;<\/p>\n<p align=\"justify\" class=\"text1noticias\">Al  informar sobre la decisi\u00f3n, Uribe calific\u00f3 a Bachelet de \u00abejemplarmente  efectiva\u00bb, pues relat\u00f3 que el acuerdo se alcanz\u00f3 tras una corta reuni\u00f3n.<\/p>\n<p>&#13;<\/p>\n<p align=\"justify\" class=\"text1noticias\">\u00abCon  ella se habla en 30 segundos y se toman decisiones\u00bb, apunt\u00f3 el mandatario  colombiano. Uribe dijo que \u00abChile es un pa\u00eds muy importante para Colombia,  no s\u00f3lo por la hermandad hist\u00f3rica, por el presente, por el futuro, por todo lo  que conocemos, sino porque Chile es un pa\u00eds con muchos recursos para invertir  afuera\u00bb.<\/p>\n<p>&#13;<\/p>\n<p align=\"justify\" class=\"text1noticias\">Argument\u00f3  adem\u00e1s que Chile es uno de los destinos hacia los que miran los empresarios  colombianos.<br \/>&#13;<br \/>\n  <br \/>&#13;<br \/>\n\u00abEntonces  es muy importante esto, para que nos ayuden a generar empleo en Colombia\u00bb,  subray\u00f3 Uribe.<\/p>\n<p>&#13;<\/p>\n<h6> 2006-09-22 12:25:31 <\/h6>\n<p><!--\n<link rel=\"stylesheet\" href=\"css\/bootstrap.min.css\">\n\n\n<ul class=\"pagination\">\n\t    \n\t\n\n<li >\n\t<a href='?page_no=30189'>Previous<\/a>\n\t<\/li>\n\n\n       \n    \n\n<li><a href='?page_no=1'>1<\/a><\/li>\n\n\n\n<li><a href='?page_no=2'>2<\/a><\/li>\n\n\n\n<li><a>...<\/a><\/li>\n\n\n\n<li><a href='?page_no=30188'>30188<\/a><\/li>\n\n\n\n<li><a href='?page_no=30189'>30189<\/a><\/li>\n\n\n\n<li class='active'><a>30190<\/a><\/li>\n\n\n\n<li><a href='?page_no=30191'>30191<\/a><\/li>\n\n\n\n<li><a href='?page_no=30192'>30192<\/a><\/li>\n\n\n\n<li><a>...<\/a><\/li>\n\n\n\n<li><a href='?page_no=30472'>30472<\/a><\/li>\n\n\n\n<li><a href='?page_no=30473'>30473<\/a><\/li>\n\n    \n\t\n\n<li >\n\t<a href='?page_no=30191'>Next<\/a>\n\t<\/li>\n\n\n    \n\n<li><a href='?page_no=30473'>Last &rsaquo;&rsaquo;<\/a><\/li>\n\n<\/ul>\n\n\n--><br \/>\n<\/body><\/p>\n","protected":false},"excerpt":{"rendered":"<p>TLC con Jap\u00f3n entra en fase final y en noviembre se firma acuerdo con Colombia &#13; SANTIAGO, Chile.- La Presidenta Michelle Bachelet anunci\u00f3 desde Nueva York que el Acuerdo de Asociaci\u00f3n Econ\u00f3mica entre Chile y Jap\u00f3n entr\u00f3 en su fase final. La mandataria expres\u00f3 su satisfacci\u00f3n por el acuerdo respecto de los principales elementos que [&hellip;]<\/p>\n","protected":false},"author":3,"featured_media":0,"comment_status":"open","ping_status":"open","sticky":false,"template":"","format":"standard","meta":{"footnotes":""},"categories":[18],"tags":[],"class_list":["post-124310","post","type-post","status-publish","format-standard","hentry","category-economia"],"_links":{"self":[{"href":"https:\/\/diariodominicano.com\/index.php?rest_route=\/wp\/v2\/posts\/124310","targetHints":{"allow":["GET"]}}],"collection":[{"href":"https:\/\/diariodominicano.com\/index.php?rest_route=\/wp\/v2\/posts"}],"about":[{"href":"https:\/\/diariodominicano.com\/index.php?rest_route=\/wp\/v2\/types\/post"}],"author":[{"embeddable":true,"href":"https:\/\/diariodominicano.com\/index.php?rest_route=\/wp\/v2\/users\/3"}],"replies":[{"embeddable":true,"href":"https:\/\/diariodominicano.com\/index.php?rest_route=%2Fwp%2Fv2%2Fcomments&post=124310"}],"version-history":[{"count":0,"href":"https:\/\/diariodominicano.com\/index.php?rest_route=\/wp\/v2\/posts\/124310\/revisions"}],"wp:attachment":[{"href":"https:\/\/diariodominicano.com\/index.php?rest_route=%2Fwp%2Fv2%2Fmedia&parent=124310"}],"wp:term":[{"taxonomy":"category","embeddable":true,"href":"https:\/\/diariodominicano.com\/index.php?rest_route=%2Fwp%2Fv2%2Fcategories&post=124310"},{"taxonomy":"post_tag","embeddable":true,"href":"https:\/\/diariodominicano.com\/index.php?rest_route=%2Fwp%2Fv2%2Ftags&post=124310"}],"curies":[{"name":"wp","href":"https:\/\/api.w.org\/{rel}","templated":true}]}}