{"id":124308,"date":"2006-09-23T15:31:49","date_gmt":"2006-09-23T15:31:49","guid":{"rendered":"http:\/\/diariodominicano.ddns.net\/?p=124308"},"modified":"2006-09-23T15:31:49","modified_gmt":"2006-09-23T15:31:49","slug":"advierten-impacto-de-acuerdo-con-ue","status":"publish","type":"post","link":"https:\/\/diariodominicano.com\/?p=124308","title":{"rendered":"Advierten impacto de acuerdo con UE"},"content":{"rendered":"<p><body><\/p>\n<p class=\"titulogrande1\">Advierten impacto  de acuerdo con UE<\/p>\n<p>&#13;<\/p>\n<p align=\"justify\"><strong>SANTO DOMINGO.-<\/strong> <span class=\"text1noticias\">Miembros  de los sectores\u00a0 lechero, agr\u00edcola y comercial plantearon que si\u00a0 los  pa\u00edses de la regi\u00f3n\u00a0 del Caribe aceptan un acuerdo de libre mercado  rec\u00edproco con la Uni\u00f3n   Europea\u00a0 m\u00e1s de 160 tipos de productos dominicanos  pueden sufrir un impacto negativo. <br \/>&#13;<br \/>\n  <br \/>&#13;<br \/>\n  Representantes de  la sociedad civil del Caribe han manifestado la necesidad de que los Acuerdos  de Asociaci\u00f3n Econ\u00f3mica (AAE), entre la Uni\u00f3n Europea y los  pa\u00edses del CARIFORO, tengan como objetivo central de las negociaciones el  desarrollo de los pa\u00edses m\u00e1s pobres.\u00a0 <br \/>&#13;<br \/>\n  <br \/>&#13;<br \/>\n  Estos  planteamientos fueron emitidos durante una actividad realizada en Santo  Domingo, en la que participaron empresarios, economistas, productores, lideres  de organizaciones y dirigentes de la sociedad civil dominicana, de Hait\u00ed,  Jamaica, Barbados, Dominica, Trinidad y Tobago.<br \/>&#13;<br \/>\n  <br \/>&#13;<br \/>\n   Durante el encuentro se  debati\u00f3 el impacto que este acuerdo puede tener para los productos de la regi\u00f3n  del caribe, en vista de que el acuerdo como est\u00e1 planteado no promueve un  desarrollo sostenible, que reduzca la vulnerabilidad econ\u00f3mica de la regi\u00f3n y  que ofrezca una mejora sustancial del acceso al mercado europeo de los  productos del Caribe.<br \/>&#13;<br \/>\n  <br \/>&#13;<br \/>\n  En el debate se  plante\u00f3 que la Uni\u00f3n   Europea pretenda alcanzar unos EPA que le garanticen acuerdos  de libre comercio rec\u00edprocos, es decir, para que los pa\u00edses\u00a0 de \u00c1frica,  Caribe, Pac\u00edfico (ACP) puedan acceder al mercado europeo. <br \/>&#13;<br \/>\n  <br \/>&#13;<br \/>\n  Aunque desde  Bruselas se afirma que el objetivo de estos acuerdos es promover el desarrollo  y erradicar la pobreza, la realidad es que los negociadores europeos  est\u00e1n\u00a0 buscando un acuerdo\u00a0 que en la pr\u00e1ctica se traduce \u00fanicamente  en acuerdos regionales de libre comercio por lo que el modelo europeo pretende  lograr la eliminaci\u00f3n de un 90 por ciento de las barreras arancelarias y no  arancelarias de la UE  y los pa\u00edses ACP.\u00a0 En este sentido, en el caso de que el modelo  propuesto\u00a0 por la   Uni\u00f3n Europea siguiera adelante, millones de peque\u00f1os  productores de los pa\u00edses ACP se quedar\u00edan indefensos ante las exportaciones  subsidiadas de la Uni\u00f3n   Europea. <br \/>&#13;<br \/>\n  <br \/>&#13;<br \/>\n  Simon Ticehurst,  portavoz de Oxfam Internacional en M\u00e9xico, Centroam\u00e9rica y el Caribe, asegur\u00f3  que \u201caunque las Naciones Unidas defini\u00f3 el desarrollo como un proceso para  alcanzar los derechos humanos, econ\u00f3micos y sociales, la preocupaci\u00f3n para el  desarrollo ha venido a ocupar un segundo plano en relaci\u00f3n a las pol\u00edticas  econ\u00f3micas\u201d. <br \/>&#13;<br \/>\n  <br \/>&#13;<br \/>\n  A\u00f1adi\u00f3 que  las\u00a0 reformas econ\u00f3micas,\u00a0 sin embargo, no han permitido atacar la  pobreza ni acabar con la brecha que separa a los pa\u00edses ricos y pobres. \u201cAntes  de hablar sobre la liberalizaci\u00f3n comercial hace falta establecer la asistencia  financiera y la aprobaci\u00f3n de recursos adicionales, para que los pa\u00edses del  Caribe puedan afrontar la puesta en marcha de estos acuerdos y tambi\u00e9n es indispensable  que se ponga fin a las exportaciones europeas subsidiadas y a las barreras  arancelarias que a\u00fan existen\u201d\u00a0 a\u00f1adi\u00f3. <br \/>&#13;<br \/>\n  <br \/>&#13;<br \/>\n\u00a0Oxfam  Internacional es una instituci\u00f3n que viene promoviendo hace varios a\u00f1os la  campa\u00f1a \u201cComercio con Justicia\u201d. De su lado, Fabricio G\u00f3mez Mazara,  investigador asociado de FLACSO, destac\u00f3 que \u201cel comercio internacional ser\u00e1  m\u00e1s inequitativo e injusto si los peque\u00f1os productores no tienen un marco  institucional que los proteja\u201d. <br \/>&#13;<br \/>\n<br \/>&#13;<br \/>\nTambi\u00e9n dijo que  no ser\u00e1 suficiente con aprobar acuerdos que promuevan unas reglas comerciales  m\u00e1s justas si las instituciones p\u00fablicas no hacen su trabajo y dejan  desprotegidos a sus productores.\u00a0 <br \/>&#13;<br \/>\n<br \/>&#13;<br \/>\nUna de las  condiciones que se est\u00e1n discutiendo en las negociaciones es la necesidad de  aprobar una apertura comercial rec\u00edproca entre la Uni\u00f3n Europea y el  Caribe. Sin embargo, \u201cseg\u00fan los datos que tenemos en nuestro poder, 160 tipos  de productos dominicanos \u2013tanto alimenticios como industriales\u2013 pueden sufrir  un impacto negativo si las negociaciones entre la Uni\u00f3n Europea y el  Caribe terminan con un acuerdo de reciprocidad comercial\u201d, afirm\u00f3 H. Galv\u00e1n,  representante de CIECA. <br \/>&#13;<br \/>\n<br \/>&#13;<br \/>\nA\u00f1adi\u00f3 que la  industria l\u00e1ctea, que es responsable de un cuarto mill\u00f3n de empleos directos en  Rep\u00fablica Dominicana, es un claro ejemplo.<br \/>&#13;<br \/>\n<br \/>&#13;<br \/>\nEn este sentido,  Bol\u00edvar Toribio, representante del Consejo Nacional de la Leche, CONALECHE, afirm\u00f3  que, en estos momentos \u201ccuando importamos leche de Europa compramos leche  subsidiada en un 60%\u201d, por lo que se pregunt\u00f3 luego que c\u00f3mo podr\u00e1n competir.<br \/>&#13;<br \/>\n<br \/>&#13;<br \/>\n\u201cHasta que no se  desmonten definitivamente los subsidios que la Uni\u00f3n Europea da a  su sector l\u00e1cteo es necesario que\u00a0 se mantenga el r\u00e9gimen de rectificaci\u00f3n  t\u00e9cnica de la   Organizaci\u00f3n Mundial del Comercio, que limita la importaci\u00f3n  de productos l\u00e1cteos en Rep\u00fablica Dominicana\u201d, dijo.<br \/>&#13;<br \/>\n<br \/>&#13;<br \/>\nPor su lado, Leo  Valverde, director ejecutivo de la   Uni\u00f3n de Asociaciones de Caficultores del Norte (UNACAFEN),  plante\u00f3 que los\u00a0 productores de caf\u00e9, cacao, frutales y otros renglones de  la agricultura deben hacer una alianza con todos los dem\u00e1s productores de  Latinoam\u00e9rica para detener,\u00a0 hasta que sea reformulado estos acuerdo  comerciales\u00a0 (AAE o EPAs) de forma que se determine claramente\u00a0 c\u00f3mo  debe ser el comercio entre Europa y los pa\u00edses del Caribe. <br \/>&#13;<br \/>\n<br \/>&#13;<br \/>\nConsider\u00f3  inconcebible realizar un acuerdo con las asimetr\u00edas que poseen muchos\u00a0  productores del pa\u00eds con relaci\u00f3n a los\u00a0 pa\u00edses europeos los cuales est\u00e1n  desarrollados tecnol\u00f3gicamente, cuentan\u00a0 con productos subsidiados y\u00a0  procesos productivos avanzados. <br \/>&#13;<br \/>\n<br \/>&#13;<br \/>\nSe espera que esta  actividad, organizada por la Red  de Monitoreo y Participaci\u00f3n\u00a0 sobres los EPAs\u00a0 se convierta en el  escenario para elevar la voz de los peque\u00f1os productores del caribe ante las  negociaciones para un acuerdo comercial con la Uni\u00f3n Europea.<\/span><\/p>\n<p>&#13;<\/p>\n<h6> 2006-09-23 15:31:49 <\/h6>\n<p><!--\n<link rel=\"stylesheet\" href=\"css\/bootstrap.min.css\">\n\n\n<ul class=\"pagination\">\n\t    \n\t\n\n<li >\n\t<a href='?page_no=30187'>Previous<\/a>\n\t<\/li>\n\n\n       \n    \n\n<li><a href='?page_no=1'>1<\/a><\/li>\n\n\n\n<li><a href='?page_no=2'>2<\/a><\/li>\n\n\n\n<li><a>...<\/a><\/li>\n\n\n\n<li><a href='?page_no=30186'>30186<\/a><\/li>\n\n\n\n<li><a href='?page_no=30187'>30187<\/a><\/li>\n\n\n\n<li class='active'><a>30188<\/a><\/li>\n\n\n\n<li><a href='?page_no=30189'>30189<\/a><\/li>\n\n\n\n<li><a href='?page_no=30190'>30190<\/a><\/li>\n\n\n\n<li><a>...<\/a><\/li>\n\n\n\n<li><a href='?page_no=30472'>30472<\/a><\/li>\n\n\n\n<li><a href='?page_no=30473'>30473<\/a><\/li>\n\n    \n\t\n\n<li >\n\t<a href='?page_no=30189'>Next<\/a>\n\t<\/li>\n\n\n    \n\n<li><a href='?page_no=30473'>Last &rsaquo;&rsaquo;<\/a><\/li>\n\n<\/ul>\n\n\n--><br \/>\n<\/body><\/p>\n","protected":false},"excerpt":{"rendered":"<p>Advierten impacto de acuerdo con UE &#13; SANTO DOMINGO.- Miembros de los sectores\u00a0 lechero, agr\u00edcola y comercial plantearon que si\u00a0 los pa\u00edses de la regi\u00f3n\u00a0 del Caribe aceptan un acuerdo de libre mercado rec\u00edproco con la Uni\u00f3n Europea\u00a0 m\u00e1s de 160 tipos de productos dominicanos pueden sufrir un impacto negativo. &#13; &#13; Representantes de la [&hellip;]<\/p>\n","protected":false},"author":3,"featured_media":0,"comment_status":"open","ping_status":"open","sticky":false,"template":"","format":"standard","meta":{"footnotes":""},"categories":[18],"tags":[],"class_list":["post-124308","post","type-post","status-publish","format-standard","hentry","category-economia"],"_links":{"self":[{"href":"https:\/\/diariodominicano.com\/index.php?rest_route=\/wp\/v2\/posts\/124308","targetHints":{"allow":["GET"]}}],"collection":[{"href":"https:\/\/diariodominicano.com\/index.php?rest_route=\/wp\/v2\/posts"}],"about":[{"href":"https:\/\/diariodominicano.com\/index.php?rest_route=\/wp\/v2\/types\/post"}],"author":[{"embeddable":true,"href":"https:\/\/diariodominicano.com\/index.php?rest_route=\/wp\/v2\/users\/3"}],"replies":[{"embeddable":true,"href":"https:\/\/diariodominicano.com\/index.php?rest_route=%2Fwp%2Fv2%2Fcomments&post=124308"}],"version-history":[{"count":0,"href":"https:\/\/diariodominicano.com\/index.php?rest_route=\/wp\/v2\/posts\/124308\/revisions"}],"wp:attachment":[{"href":"https:\/\/diariodominicano.com\/index.php?rest_route=%2Fwp%2Fv2%2Fmedia&parent=124308"}],"wp:term":[{"taxonomy":"category","embeddable":true,"href":"https:\/\/diariodominicano.com\/index.php?rest_route=%2Fwp%2Fv2%2Fcategories&post=124308"},{"taxonomy":"post_tag","embeddable":true,"href":"https:\/\/diariodominicano.com\/index.php?rest_route=%2Fwp%2Fv2%2Ftags&post=124308"}],"curies":[{"name":"wp","href":"https:\/\/api.w.org\/{rel}","templated":true}]}}