{"id":124305,"date":"2006-09-25T11:57:06","date_gmt":"2006-09-25T11:57:06","guid":{"rendered":"http:\/\/diariodominicano.ddns.net\/?p=124305"},"modified":"2006-09-25T11:57:06","modified_gmt":"2006-09-25T11:57:06","slug":"el-fmi-afirma-el-mundo-atraviesa-por-un-periodo-de-vigoroso-crecimiento-y-bajos-niveles-de-inflacion-equipo-economico-de-la-rd-participa-en-reunion","status":"publish","type":"post","link":"https:\/\/diariodominicano.com\/?p=124305","title":{"rendered":"EL FMI afirma el mundo atraviesa por un per\u00edodo de vigoroso crecimiento y bajos niveles de inflaci\u00f3n; Equipo econ\u00f3mico de la RD participa en reuni\u00f3n"},"content":{"rendered":"<p><body><\/p>\n<p class=\"titulogrande1\">EL  FMI afirma el mundo atraviesa por un per\u00edodo de vigoroso crecimiento y bajos  niveles de inflaci\u00f3n; Equipo econ\u00f3mico de la RD participa en reuni\u00f3n<\/p>\n<p>&#13;<\/p>\n<p align=\"justify\"><strong>SINGAPUR.- <\/strong><span class=\"text1noticias\">El mundo est\u00e1 atravesando por un  per\u00edodo de vigoroso crecimiento y bajos niveles de inflaci\u00f3n que no se han  visto desde los a\u00f1os sesenta, asegur\u00f3 el Director Gerente del Fondo Monetario  Internacional FMI, Rodrigo Rato. <br \/>&#13;<br \/>\n  <br \/>&#13;<br \/>\n  El  Director Gerente del FMI explic\u00f3 que este crecimiento estuvo influenciado por  el aumento de la productividad mundial, a pesar del aumento en las tasas de  inter\u00e9s en las principales econom\u00edas del mundo y el persistente incremento de  los precios del petr\u00f3leo. <br \/>&#13;<br \/>\n  <br \/>&#13;<br \/>\n  Rodrigo  Rato habl\u00f3 sobre este tema en su discurso ante la Junta de Gobernadores del  FMI y la Junta  de Gobernadores del Grupo del Banco Mundial que participaron en la Asamblea Anual  celebrada en Singapur, en la que el Gobernador del Banco Central de la Rep\u00fablica Dominicana,  H\u00e9ctor Valdez Albizu, particip\u00f3 como Gobernador ante el FMI. <br \/>&#13;<br \/>\n  <br \/>&#13;<br \/>\n  Adem\u00e1s  de Valdez Albizu, participaron en la Asamblea el Ing. Juan Tem\u00edstocles Mont\u00e1s,  Secretario T\u00e9cnico de la   Presidencia, en calidad de Gobernador ante el Banco Mundial  para las reuniones; Vicente Bengoa, Secretario de Estado de Finanzas; y Rafael Camilo,  Superintendente de Bancos; entre otros altos funcionarios del \u00e1rea econ\u00f3mica. <br \/>&#13;<br \/>\n  <br \/>&#13;<br \/>\n  Durante  su discurso, Rodrigo Rato consider\u00f3 que el crecimiento puede estar llegando a  su nivel m\u00e1ximo, dado que el mundo esta demandando de una escasa mano de obra  preparada y calificada para seguir con el ritmo de crecimiento de la  productividad mundial, motor del crecimiento econ\u00f3mico, a\u00f1adiendo que el otro  riesgo es el efecto de los altos precios del petr\u00f3leo en la inflaci\u00f3n, que  podr\u00edan obligar a los bancos centrales a aumentar a\u00fan m\u00e1s las tasas de inter\u00e9s. <br \/>&#13;<br \/>\n  <br \/>&#13;<br \/>\n  Se\u00f1al\u00f3  la necesidad de que Estados Unidos, aprovechando la favorable evoluci\u00f3n de su  crecimiento econ\u00f3mico, reduzca su d\u00e9ficit fiscal de forma sostenible, y que  Europa y Jap\u00f3n emprendan nuevas reformas estructurales, especialmente en el  mercado de productos, prepar\u00e1ndose para el efecto que tendr\u00e1 en sus  presupuestos (pensiones) el envejecimiento de la poblaci\u00f3n. <br \/>&#13;<br \/>\n  <br \/>&#13;<br \/>\n\u201cSin  duda- afirm\u00f3 Rato- la esperanza para que contin\u00fae el fuerte crecimiento radica  en los avances que se logren para aumentar el comercio mundial, siempre  garantizando que los beneficios de la integraci\u00f3n econ\u00f3mica mundial se  distribuyan de manera m\u00e1s amplia. Para esto necesitamos que el proteccionismo  disminuya y se reabran las suspendidas negociaciones de la Ronda de Doha\u201d. <br \/>&#13;<br \/>\n<br \/>&#13;<br \/>\nEn  la Asamblea Anual  en Singapur los gobernadores abordaron otros temas de inter\u00e9s, como las  perspectivas y desaf\u00edos de la econom\u00eda mundial y las finanzas internacionales;  la globalizaci\u00f3n y cooperaci\u00f3n internacional; las nuevas reformas para  fortalecer el FMI y la supervisi\u00f3n que este realiza en los pa\u00edses miembros del  organismo multilateral; y la gobernabilidad y el fortalecimiento de la lucha  contra la corrupci\u00f3n a nivel mundial. <\/span><\/p>\n<p>&#13;<\/p>\n<h6> 2006-09-25 11:57:06 <\/h6>\n<p><!--\n<link rel=\"stylesheet\" href=\"css\/bootstrap.min.css\">\n\n\n<ul class=\"pagination\">\n\t    \n\t\n\n<li >\n\t<a href='?page_no=30184'>Previous<\/a>\n\t<\/li>\n\n\n       \n    \n\n<li><a href='?page_no=1'>1<\/a><\/li>\n\n\n\n<li><a href='?page_no=2'>2<\/a><\/li>\n\n\n\n<li><a>...<\/a><\/li>\n\n\n\n<li><a href='?page_no=30183'>30183<\/a><\/li>\n\n\n\n<li><a href='?page_no=30184'>30184<\/a><\/li>\n\n\n\n<li class='active'><a>30185<\/a><\/li>\n\n\n\n<li><a href='?page_no=30186'>30186<\/a><\/li>\n\n\n\n<li><a href='?page_no=30187'>30187<\/a><\/li>\n\n\n\n<li><a>...<\/a><\/li>\n\n\n\n<li><a href='?page_no=30472'>30472<\/a><\/li>\n\n\n\n<li><a href='?page_no=30473'>30473<\/a><\/li>\n\n    \n\t\n\n<li >\n\t<a href='?page_no=30186'>Next<\/a>\n\t<\/li>\n\n\n    \n\n<li><a href='?page_no=30473'>Last &rsaquo;&rsaquo;<\/a><\/li>\n\n<\/ul>\n\n\n--><br \/>\n<\/body><\/p>\n","protected":false},"excerpt":{"rendered":"<p>EL FMI afirma el mundo atraviesa por un per\u00edodo de vigoroso crecimiento y bajos niveles de inflaci\u00f3n; Equipo econ\u00f3mico de la RD participa en reuni\u00f3n &#13; SINGAPUR.- El mundo est\u00e1 atravesando por un per\u00edodo de vigoroso crecimiento y bajos niveles de inflaci\u00f3n que no se han visto desde los a\u00f1os sesenta, asegur\u00f3 el Director Gerente [&hellip;]<\/p>\n","protected":false},"author":3,"featured_media":0,"comment_status":"open","ping_status":"open","sticky":false,"template":"","format":"standard","meta":{"footnotes":""},"categories":[18],"tags":[],"class_list":["post-124305","post","type-post","status-publish","format-standard","hentry","category-economia"],"_links":{"self":[{"href":"https:\/\/diariodominicano.com\/index.php?rest_route=\/wp\/v2\/posts\/124305","targetHints":{"allow":["GET"]}}],"collection":[{"href":"https:\/\/diariodominicano.com\/index.php?rest_route=\/wp\/v2\/posts"}],"about":[{"href":"https:\/\/diariodominicano.com\/index.php?rest_route=\/wp\/v2\/types\/post"}],"author":[{"embeddable":true,"href":"https:\/\/diariodominicano.com\/index.php?rest_route=\/wp\/v2\/users\/3"}],"replies":[{"embeddable":true,"href":"https:\/\/diariodominicano.com\/index.php?rest_route=%2Fwp%2Fv2%2Fcomments&post=124305"}],"version-history":[{"count":0,"href":"https:\/\/diariodominicano.com\/index.php?rest_route=\/wp\/v2\/posts\/124305\/revisions"}],"wp:attachment":[{"href":"https:\/\/diariodominicano.com\/index.php?rest_route=%2Fwp%2Fv2%2Fmedia&parent=124305"}],"wp:term":[{"taxonomy":"category","embeddable":true,"href":"https:\/\/diariodominicano.com\/index.php?rest_route=%2Fwp%2Fv2%2Fcategories&post=124305"},{"taxonomy":"post_tag","embeddable":true,"href":"https:\/\/diariodominicano.com\/index.php?rest_route=%2Fwp%2Fv2%2Ftags&post=124305"}],"curies":[{"name":"wp","href":"https:\/\/api.w.org\/{rel}","templated":true}]}}