{"id":124304,"date":"2006-09-25T11:58:57","date_gmt":"2006-09-25T11:58:57","guid":{"rendered":"http:\/\/diariodominicano.ddns.net\/?p=124304"},"modified":"2006-09-25T11:58:57","modified_gmt":"2006-09-25T11:58:57","slug":"la-comision-europea-exigira-este-lunes-a-espana-que-suavice-y-rebaje-las-19-condiciones-fijadas-por-la-comision-nacional-de-la-energia","status":"publish","type":"post","link":"https:\/\/diariodominicano.com\/?p=124304","title":{"rendered":"La Comisi\u00f3n Europea exigir\u00e1 este lunes  a Espa\u00f1a que suavice y rebaje las 19 condiciones fijadas por la Comisi\u00f3n Nacional de la Energ\u00eda"},"content":{"rendered":"<p><body><\/p>\n<p class=\"titulogrande1\">La Comisi\u00f3n Europea exigir\u00e1 este lunes\u00a0 a Espa\u00f1a que suavice y rebaje las 19  condiciones fijadas por la   Comisi\u00f3n Nacional de la Energ\u00eda <\/p>\n<p>&#13;<\/p>\n<p align=\"justify\"><strong>BRUSELAS.- <\/strong><span class=\"text1noticias\">La Comisi\u00f3n Europea exigir\u00e1 este lunes \u00a0a Espa\u00f1a que suavice y rebaje las 19  condiciones fijadas por la   Comisi\u00f3n Nacional de la Energ\u00eda (CNE) al gigante alem\u00e1n E.ON para la  compra de Endesa, en una operaci\u00f3n de 26.900 millones de euros. Estas estrictas  condiciones iniciales, establecidas para asegurar el suministro el\u00e9ctrico, que  obligaban a E.ON a desprenderse de un 32% de los activos y de la gesti\u00f3n de las  centrales nucleares, fueron calificadas de \u00abilegales\u00bb por la  comisaria de Competencia Neelie Kroes. Por el momento, Bruselas no contempla  imponer sanciones.<br \/>&#13;<br \/>\n  <br \/>&#13;<br \/>\n  Espa\u00f1a contest\u00f3 a Bruselas a mediados de septiembre con un  extenso escrito en el que se mostraba dispuesto a suavizar las condiciones  fijadas a la OPA. Pese  a ello, en la probablemente dura resoluci\u00f3n que el Colegio de Comisarios  acordar\u00e1 ma\u00f1ana en su reuni\u00f3n de Estrasburgo, Bruselas insistir\u00e1 en que la propuesta  de rebajar las condiciones fijadas por la CNE es muy insuficiente y siguen siendo un  obst\u00e1culo a la libre circulaci\u00f3n de capitales y a la libertad de empresa. La Comisi\u00f3n no tiene  intenci\u00f3n de imponer sanciones y probablemente conceder\u00e1 un nuevo plazo a las  autoridades espa\u00f1olas para que redacten unas nuevas condiciones.<br \/>&#13;<br \/>\n  <br \/>&#13;<br \/>\n  Para Bruselas son excesivamente gen\u00e9ricas las rebajas ofrecidas  por Espa\u00f1a en su escrito aclaratorio del pasado 13 de septiembre. En dicho  escrito, el Gobierno se mostraba dispuesto a revisar la operaci\u00f3n con  \u00abotras alternativas diferentes de las expuestas por la CNE que de forma m\u00e1s  proporcionada permitan hacer frente a los riesgos descritos sin obligar a  desinvertir activos\u00bb.<br \/>&#13;<br \/>\n  <br \/>&#13;<br \/>\n  Ventas  obligadas <br \/>&#13;<br \/>\n  <br \/>&#13;<br \/>\n  En relaci\u00f3n con las ventas obligatorias que deber\u00eda efectuar  E.ON, la CNE se  refer\u00eda expl\u00edcitamente a la central nuclear de Asc\u00f3 I, los sistemas el\u00e9ctricos  de Canarias, Baleares, Ceuta y Melilla y las centrales de Compostilla, el  complejo minero de Teruel y la participaci\u00f3n en Anllares. En total, estas  ventas reducir\u00edan la potencia instalada de Endesa en 7.600 Megawatios. La CNE tambi\u00e9n exig\u00eda a E.ON el  mantenimiento de Endesa como sociedad matriz durante 10 a\u00f1os.<br \/>&#13;<br \/>\n  <br \/>&#13;<br \/>\n  Muchos de los argumentos de las autoridades espa\u00f1olas se basan  en la jurisprudencia del Tribunal de Justicia Europeo y la normativa del  Ministerio Federal de Econom\u00eda y Tecnolog\u00eda de Alemania. Este departamento  autoriz\u00f3 en 2002 la concentraci\u00f3n de E.ON con la compa\u00f1\u00eda alemana gasista  Rurhgas, en contra de la decisi\u00f3n de las autoridades de competencia alemanas.<br \/>&#13;<br \/>\n  <br \/>&#13;<br \/>\n  Sin embargo, en esta operaci\u00f3n sobre Endesa, los comisarios  Kroes (Competencia) y McCreevy (Mercado Interior) se han mostrado muy celosos  de sus competencias sobre esta fusi\u00f3n, que aprobaron sin condiciones el pasado  25 de abril despu\u00e9s de considerar que era una la operaci\u00f3n de dimensi\u00f3n  comunitaria que no supon\u00eda ninguna limitaci\u00f3n para la competencia.<br \/>&#13;<br \/>\n  <br \/>&#13;<br \/>\n  En Bruselas existe la convicci\u00f3n que el Gobierno espa\u00f1ol ha  actuado con poco conocimiento de los tiempos procesales y del reparto de  competencias, adem\u00e1s de poco unido. El decreto espa\u00f1ol que ampli\u00f3 las  competencias de la CNE,  tras conocerse la OPA  de E.ON y el subsiguiente establecimiento de las 19 condiciones, en aras a la  seguridad energ\u00e9tica, siempre se interpretaron en medios comunitarios como una  limitaci\u00f3n de la competencia y sobre todo, como una injerencia en un \u00e1mbito que  hab\u00eda quedado claro que era competencia de Bruselas.<br \/>&#13;<br \/>\n  <br \/>&#13;<br \/>\nUn reflejo de este malestar ya se puso de manifiesto el pasado  31 de julio, cuando Bruselas recrimin\u00f3 a Espa\u00f1a por haber establecido unas  condiciones sin informar previamente a la Comisi\u00f3n.<\/span><\/p>\n<p>&#13;<\/p>\n<h6> 2006-09-25 11:58:57 <\/h6>\n<p><!--\n<link rel=\"stylesheet\" href=\"css\/bootstrap.min.css\">\n\n\n<ul class=\"pagination\">\n\t    \n\t\n\n<li >\n\t<a href='?page_no=30183'>Previous<\/a>\n\t<\/li>\n\n\n       \n    \n\n<li><a href='?page_no=1'>1<\/a><\/li>\n\n\n\n<li><a href='?page_no=2'>2<\/a><\/li>\n\n\n\n<li><a>...<\/a><\/li>\n\n\n\n<li><a href='?page_no=30182'>30182<\/a><\/li>\n\n\n\n<li><a href='?page_no=30183'>30183<\/a><\/li>\n\n\n\n<li class='active'><a>30184<\/a><\/li>\n\n\n\n<li><a href='?page_no=30185'>30185<\/a><\/li>\n\n\n\n<li><a href='?page_no=30186'>30186<\/a><\/li>\n\n\n\n<li><a>...<\/a><\/li>\n\n\n\n<li><a href='?page_no=30472'>30472<\/a><\/li>\n\n\n\n<li><a href='?page_no=30473'>30473<\/a><\/li>\n\n    \n\t\n\n<li >\n\t<a href='?page_no=30185'>Next<\/a>\n\t<\/li>\n\n\n    \n\n<li><a href='?page_no=30473'>Last &rsaquo;&rsaquo;<\/a><\/li>\n\n<\/ul>\n\n\n--><br \/>\n<\/body><\/p>\n","protected":false},"excerpt":{"rendered":"<p>La Comisi\u00f3n Europea exigir\u00e1 este lunes\u00a0 a Espa\u00f1a que suavice y rebaje las 19 condiciones fijadas por la Comisi\u00f3n Nacional de la Energ\u00eda &#13; BRUSELAS.- La Comisi\u00f3n Europea exigir\u00e1 este lunes \u00a0a Espa\u00f1a que suavice y rebaje las 19 condiciones fijadas por la Comisi\u00f3n Nacional de la Energ\u00eda (CNE) al gigante alem\u00e1n E.ON para la [&hellip;]<\/p>\n","protected":false},"author":3,"featured_media":0,"comment_status":"open","ping_status":"open","sticky":false,"template":"","format":"standard","meta":{"footnotes":""},"categories":[18],"tags":[],"class_list":["post-124304","post","type-post","status-publish","format-standard","hentry","category-economia"],"_links":{"self":[{"href":"https:\/\/diariodominicano.com\/index.php?rest_route=\/wp\/v2\/posts\/124304","targetHints":{"allow":["GET"]}}],"collection":[{"href":"https:\/\/diariodominicano.com\/index.php?rest_route=\/wp\/v2\/posts"}],"about":[{"href":"https:\/\/diariodominicano.com\/index.php?rest_route=\/wp\/v2\/types\/post"}],"author":[{"embeddable":true,"href":"https:\/\/diariodominicano.com\/index.php?rest_route=\/wp\/v2\/users\/3"}],"replies":[{"embeddable":true,"href":"https:\/\/diariodominicano.com\/index.php?rest_route=%2Fwp%2Fv2%2Fcomments&post=124304"}],"version-history":[{"count":0,"href":"https:\/\/diariodominicano.com\/index.php?rest_route=\/wp\/v2\/posts\/124304\/revisions"}],"wp:attachment":[{"href":"https:\/\/diariodominicano.com\/index.php?rest_route=%2Fwp%2Fv2%2Fmedia&parent=124304"}],"wp:term":[{"taxonomy":"category","embeddable":true,"href":"https:\/\/diariodominicano.com\/index.php?rest_route=%2Fwp%2Fv2%2Fcategories&post=124304"},{"taxonomy":"post_tag","embeddable":true,"href":"https:\/\/diariodominicano.com\/index.php?rest_route=%2Fwp%2Fv2%2Ftags&post=124304"}],"curies":[{"name":"wp","href":"https:\/\/api.w.org\/{rel}","templated":true}]}}