{"id":124301,"date":"2006-09-26T12:35:29","date_gmt":"2006-09-26T12:35:29","guid":{"rendered":"http:\/\/diariodominicano.ddns.net\/?p=124301"},"modified":"2006-09-26T12:35:29","modified_gmt":"2006-09-26T12:35:29","slug":"bagricola-prepara-su-personal-para-la-competitividad","status":"publish","type":"post","link":"https:\/\/diariodominicano.com\/?p=124301","title":{"rendered":"Bagr\u00edcola prepara su personal para la competitividad"},"content":{"rendered":"<p><body><\/p>\n<p class=\"titulogrande1\">Bagr\u00edcola prepara su personal para la competitividad<\/p>\n<p>&#13;<\/p>\n<p align=\"justify\"><strong>SANTO DOMINGO.-<\/strong> <span class=\"text1noticias\">El Banco Agr\u00edcola \u00a0inform\u00f3 que ejecuta un programa de cursos y  seminarios a su personal \u00a0dentro del  marco de modernizaci\u00f3n a que est\u00e1 abocado con miras a responder a \u00a0los requerimientos de un p\u00fablico cada vez m\u00e1s  exigente y para que los \u00a0productores  puedan tener un mejor servicio en el Tratado de Libre Comercio con\u00a0 Centroam\u00e9rica y Estados Unidos (RD-CAFTA).<\/span><\/p>\n<p>&#13;<\/p>\n<p align=\"justify\" class=\"text1noticias\">En un bolet\u00edn de prensa indic\u00f3 que \u00a0pretende, adem\u00e1s, con las actividades que realiza  \u00a0preparar a sus empleados para que  contribuyan a un mayor desarrollo de la \u00a0instituci\u00f3n  hacia la competitividad dentro de los nuevos esquemas de \u00a0producci\u00f3n y de comercio que regir\u00e1 en el pa\u00eds  en los pr\u00f3ximos meses.<\/p>\n<p>&#13;<\/p>\n<p align=\"justify\" class=\"text1noticias\">Los cursos y seminarios se realizan en coordinaci\u00f3n con el  Instituto Nacional de Administraci\u00f3n P\u00fablica (INAP), el instituto de  Formaci\u00f3n T\u00e9cnico Profesional (INFOTEP), la Escuela Nacional  de Finanzas y Auditores y con \u00a0especialistas  nacionales e internacionales en asuntos financieros y bancarios.<\/p>\n<p>&#13;<\/p>\n<p align=\"justify\" class=\"text1noticias\">El Banco Agr\u00edcola concluy\u00f3 una serie de cursos sobre  an\u00e1lisis de cr\u00e9dito bancario, servicio al cliente, diplomado en gesti\u00f3n p\u00fablica  y transparencia, los cuales estuvieron dirigidos a sus empleados, incluyendo  sus ejecutivos.<\/p>\n<p>&#13;<\/p>\n<p align=\"justify\" class=\"text1noticias\">Adem\u00e1s, imparti\u00f3 un taller sobre actualizaci\u00f3n del Impuesto  Sobre la Renta  y \u00a0sus reformas, apicultura, diplomado en  investigaci\u00f3n y an\u00e1lisis de mercado, \u00a0sobre  la Ley de Libre  Acceso a la   Informaci\u00f3n P\u00fablica y seminario sobre la \u00a0producci\u00f3n y comercializaci\u00f3n de arroz.<\/p>\n<p>&#13;<\/p>\n<p align=\"justify\" class=\"text1noticias\">Recientemente los agentes de desarrollo de la instituci\u00f3n  recibieron un entrenamiento sobre las relaciones con los productores y  asesoramiento sobre \u00a0acceso al cr\u00e9dito  sin miedo para que desarrollen sus proyectos agropecuarios.<\/p>\n<p>&#13;<\/p>\n<p align=\"justify\" class=\"text1noticias\">El Banco Agr\u00edcola tambi\u00e9n inform\u00f3 que \u00a0prepar\u00f3 otro programa de capacitaci\u00f3n de su  personal que se desarrollar\u00e1 desde el 2007 hasta el 2012, con el cual pretende  poner a sus empleados a la altura de cualquier instituci\u00f3n financiera del  mundo.<\/p>\n<p>&#13;<\/p>\n<p align=\"justify\" class=\"text1noticias\">En el plan se contempla capacitar al personal sobre la  comunicaci\u00f3n efectiva, el an\u00e1lisis financiero por microcomputadora,  an\u00e1lisis y evaluaci\u00f3n del cr\u00e9dito, desarrollo gerencial, auditoria financiera,  atenci\u00f3n al , an\u00e1lisis del cr\u00e9dito bancario, gesti\u00f3n p\u00fablica y  transparencia, programaci\u00f3n , relaciones humanas, investigaci\u00f3n, an\u00e1lisis  de mercado y actualizaci\u00f3n ortogr\u00e1fica.<\/p>\n<p>&#13;<\/p>\n<p align=\"justify\" class=\"text1noticias\">El Bagr\u00edcola pretende con el plan, adem\u00e1s, preparar al  personal sobre lavado de activos y sus aspectos legales, motivaci\u00f3n para el  ahorro, t\u00e9cnicas y herramientas de investigaci\u00f3n y prevenci\u00f3n de fraude,  elementos b\u00e1sicos para la planificaci\u00f3n, desarrollo y evaluaci\u00f3n en l\u00ednea.<\/p>\n<p>&#13;<\/p>\n<p align=\"justify\" class=\"text1noticias\">Tambi\u00e9n, habr\u00e1 nuevos entrenamientos sobre los sistemas  computacionales de easy ban y bas, con sus respectivas versiones, as\u00ed como  talleres sobre el Tratado de Libre Comercio con Centroam\u00e9rica y Estados  Unidos.<\/p>\n<p>&#13;<\/p>\n<h6> 2006-09-26 12:35:29 <\/h6>\n<p><!--\n<link rel=\"stylesheet\" href=\"css\/bootstrap.min.css\">\n\n\n<ul class=\"pagination\">\n\t    \n\t\n\n<li >\n\t<a href='?page_no=30180'>Previous<\/a>\n\t<\/li>\n\n\n       \n    \n\n<li><a href='?page_no=1'>1<\/a><\/li>\n\n\n\n<li><a href='?page_no=2'>2<\/a><\/li>\n\n\n\n<li><a>...<\/a><\/li>\n\n\n\n<li><a href='?page_no=30179'>30179<\/a><\/li>\n\n\n\n<li><a href='?page_no=30180'>30180<\/a><\/li>\n\n\n\n<li class='active'><a>30181<\/a><\/li>\n\n\n\n<li><a href='?page_no=30182'>30182<\/a><\/li>\n\n\n\n<li><a href='?page_no=30183'>30183<\/a><\/li>\n\n\n\n<li><a>...<\/a><\/li>\n\n\n\n<li><a href='?page_no=30472'>30472<\/a><\/li>\n\n\n\n<li><a href='?page_no=30473'>30473<\/a><\/li>\n\n    \n\t\n\n<li >\n\t<a href='?page_no=30182'>Next<\/a>\n\t<\/li>\n\n\n    \n\n<li><a href='?page_no=30473'>Last &rsaquo;&rsaquo;<\/a><\/li>\n\n<\/ul>\n\n\n--><br \/>\n<\/body><\/p>\n","protected":false},"excerpt":{"rendered":"<p>Bagr\u00edcola prepara su personal para la competitividad &#13; SANTO DOMINGO.- El Banco Agr\u00edcola \u00a0inform\u00f3 que ejecuta un programa de cursos y seminarios a su personal \u00a0dentro del marco de modernizaci\u00f3n a que est\u00e1 abocado con miras a responder a \u00a0los requerimientos de un p\u00fablico cada vez m\u00e1s exigente y para que los \u00a0productores puedan tener [&hellip;]<\/p>\n","protected":false},"author":3,"featured_media":0,"comment_status":"open","ping_status":"open","sticky":false,"template":"","format":"standard","meta":{"footnotes":""},"categories":[18],"tags":[],"class_list":["post-124301","post","type-post","status-publish","format-standard","hentry","category-economia"],"_links":{"self":[{"href":"https:\/\/diariodominicano.com\/index.php?rest_route=\/wp\/v2\/posts\/124301","targetHints":{"allow":["GET"]}}],"collection":[{"href":"https:\/\/diariodominicano.com\/index.php?rest_route=\/wp\/v2\/posts"}],"about":[{"href":"https:\/\/diariodominicano.com\/index.php?rest_route=\/wp\/v2\/types\/post"}],"author":[{"embeddable":true,"href":"https:\/\/diariodominicano.com\/index.php?rest_route=\/wp\/v2\/users\/3"}],"replies":[{"embeddable":true,"href":"https:\/\/diariodominicano.com\/index.php?rest_route=%2Fwp%2Fv2%2Fcomments&post=124301"}],"version-history":[{"count":0,"href":"https:\/\/diariodominicano.com\/index.php?rest_route=\/wp\/v2\/posts\/124301\/revisions"}],"wp:attachment":[{"href":"https:\/\/diariodominicano.com\/index.php?rest_route=%2Fwp%2Fv2%2Fmedia&parent=124301"}],"wp:term":[{"taxonomy":"category","embeddable":true,"href":"https:\/\/diariodominicano.com\/index.php?rest_route=%2Fwp%2Fv2%2Fcategories&post=124301"},{"taxonomy":"post_tag","embeddable":true,"href":"https:\/\/diariodominicano.com\/index.php?rest_route=%2Fwp%2Fv2%2Ftags&post=124301"}],"curies":[{"name":"wp","href":"https:\/\/api.w.org\/{rel}","templated":true}]}}