{"id":124300,"date":"2006-09-26T12:38:03","date_gmt":"2006-09-26T12:38:03","guid":{"rendered":"http:\/\/diariodominicano.ddns.net\/?p=124300"},"modified":"2006-09-26T12:38:03","modified_gmt":"2006-09-26T12:38:03","slug":"seminario","status":"publish","type":"post","link":"https:\/\/diariodominicano.com\/?p=124300","title":{"rendered":"Seminario"},"content":{"rendered":"<p><body><\/p>\n<p class=\"titulogrande1\">Seminario \u00abEPA como instrumento para el desarrollo  sostenible del Caribe\u00bb<\/p>\n<p>&#13;<\/p>\n<p align=\"justify\"><strong>SANTO DOMINGO.- <\/strong><span class=\"text1noticias\">La Uni\u00f3n Europea y los pa\u00edses del Caribe firmaron  los primeros acuerdos de comercio y desarrollo hace m\u00e1s de 30 a\u00f1os.\u00a0 <br \/>&#13;<br \/>\n  <br \/>&#13;<br \/>\nPero el mundo globalizado de hoy plantea  nuevos retos; han surgido nuevos competidores, existen tambi\u00e9n nuevas  oportunidades para una oferta de servicios cualificada, por lo que es hora de  negociar un ACUERDO DE ASOCIACI\u00d3N ECON\u00d3MICA (EPA sus siglas en ingles) m\u00e1s  amplio que sustituya el r\u00e9gimen comercial actual. <\/span><\/p>\n<p>&#13;<\/p>\n<p align=\"justify\" class=\"text1noticias\">Este Acuerdo entrar\u00e1\u00a0  en vigencia el primero de enero de 2008*.<\/p>\n<p>&#13;<\/p>\n<p align=\"justify\" class=\"text1noticias\">El seminario se celebrar\u00e1 en el auditorio de FUNGLODE el  pr\u00f3ximo mi\u00e9rcoles 27 de 9:00 a.m. a 12:30 p.m.;\u00a0  y se enmarca dentro del Acuerdo de Cotonou y de los avances de los acuerdos  de la Asociaci\u00f3n   Econ\u00f3mica AAE UE-Caribe.<\/p>\n<p>&#13;<\/p>\n<p align=\"justify\" class=\"text1noticias\">Este acuerdo ir\u00e1 m\u00e1s all\u00e1 de las limitadas disposiciones  comercialesactuales que permiten el acceso privilegiado de mercanc\u00edas  del Caribe yRep\u00fablica Dominicana en la Uni\u00f3n Europea.<\/p>\n<p>&#13;<\/p>\n<p align=\"justify\" class=\"text1noticias\">\u00a0En el marco de este  convenio, la C\u00e1mara   Holandesa de Comercio en conjunto con sus C\u00e1maras hermanas  que forman la Federaci\u00f3n  de C\u00e1maras Europeas, y con el auspicio de la Fundaci\u00f3n GlobalDesarrollo  y Democracia y la Delegaci\u00f3n  de la Comisi\u00f3n   Europea en Rep\u00fablica Dominicana, se celebrar\u00e1 el seminario,  el cual est\u00e1 dirigido al sector empresarial dominicano, de la sociedad e  instituciones privadas interesadas.<\/p>\n<p>&#13;<\/p>\n<p align=\"justify\" class=\"text1noticias\">El seminario \u00abEPA como instrumento para el desarrollo  sostenible delCaribe\u00bb, a celebrarse en el auditorio de Funglode este mi\u00e9rcoles  27 deseptiembre, ser\u00e1 presentado por los dos negociadores  principalesinvolucrados en este proceso: Karl\u00a0 Falkenberg, Director \u2013General Adjunto de  Comercio de la   Comisi\u00f3n Europea, y Richard Bernal, Director-General de la Maquinaria Regional  Negociadora del Caribe. Asimismo, estar\u00e1 participando Julio Ortega Tous, Jefe  de la Oficina   Coordinadora de la Comisi\u00f3n Nacionalde  Negociaciones Comerciales de Rep\u00fablica Dominicana, -y en representaci\u00f3n de la  parte empresarial- Yandra Portela, presidenta de AIRD.<\/p>\n<p>&#13;<\/p>\n<p align=\"justify\" class=\"text1noticias\">La actividad tendr\u00e1 un horario de 9:00 a.m. a 12:30 p.m.\u00a0 Al final de las presentaciones los participantes tendr\u00e1n la oportunidad de  hacer preguntas e intercambiar ideas.<\/p>\n<p>&#13;<\/p>\n<h6> 2006-09-26 12:38:03 <\/h6>\n<p><!--\n<link rel=\"stylesheet\" href=\"css\/bootstrap.min.css\">\n\n\n<ul class=\"pagination\">\n\t    \n\t\n\n<li >\n\t<a href='?page_no=30179'>Previous<\/a>\n\t<\/li>\n\n\n       \n    \n\n<li><a href='?page_no=1'>1<\/a><\/li>\n\n\n\n<li><a href='?page_no=2'>2<\/a><\/li>\n\n\n\n<li><a>...<\/a><\/li>\n\n\n\n<li><a href='?page_no=30178'>30178<\/a><\/li>\n\n\n\n<li><a href='?page_no=30179'>30179<\/a><\/li>\n\n\n\n<li class='active'><a>30180<\/a><\/li>\n\n\n\n<li><a href='?page_no=30181'>30181<\/a><\/li>\n\n\n\n<li><a href='?page_no=30182'>30182<\/a><\/li>\n\n\n\n<li><a>...<\/a><\/li>\n\n\n\n<li><a href='?page_no=30472'>30472<\/a><\/li>\n\n\n\n<li><a href='?page_no=30473'>30473<\/a><\/li>\n\n    \n\t\n\n<li >\n\t<a href='?page_no=30181'>Next<\/a>\n\t<\/li>\n\n\n    \n\n<li><a href='?page_no=30473'>Last &rsaquo;&rsaquo;<\/a><\/li>\n\n<\/ul>\n\n\n--><br \/>\n<\/body><\/p>\n","protected":false},"excerpt":{"rendered":"<p>Seminario \u00abEPA como instrumento para el desarrollo sostenible del Caribe\u00bb &#13; SANTO DOMINGO.- La Uni\u00f3n Europea y los pa\u00edses del Caribe firmaron los primeros acuerdos de comercio y desarrollo hace m\u00e1s de 30 a\u00f1os.\u00a0 &#13; &#13; Pero el mundo globalizado de hoy plantea nuevos retos; han surgido nuevos competidores, existen tambi\u00e9n nuevas oportunidades para una [&hellip;]<\/p>\n","protected":false},"author":3,"featured_media":0,"comment_status":"open","ping_status":"open","sticky":false,"template":"","format":"standard","meta":{"footnotes":""},"categories":[18],"tags":[],"class_list":["post-124300","post","type-post","status-publish","format-standard","hentry","category-economia"],"_links":{"self":[{"href":"https:\/\/diariodominicano.com\/index.php?rest_route=\/wp\/v2\/posts\/124300","targetHints":{"allow":["GET"]}}],"collection":[{"href":"https:\/\/diariodominicano.com\/index.php?rest_route=\/wp\/v2\/posts"}],"about":[{"href":"https:\/\/diariodominicano.com\/index.php?rest_route=\/wp\/v2\/types\/post"}],"author":[{"embeddable":true,"href":"https:\/\/diariodominicano.com\/index.php?rest_route=\/wp\/v2\/users\/3"}],"replies":[{"embeddable":true,"href":"https:\/\/diariodominicano.com\/index.php?rest_route=%2Fwp%2Fv2%2Fcomments&post=124300"}],"version-history":[{"count":0,"href":"https:\/\/diariodominicano.com\/index.php?rest_route=\/wp\/v2\/posts\/124300\/revisions"}],"wp:attachment":[{"href":"https:\/\/diariodominicano.com\/index.php?rest_route=%2Fwp%2Fv2%2Fmedia&parent=124300"}],"wp:term":[{"taxonomy":"category","embeddable":true,"href":"https:\/\/diariodominicano.com\/index.php?rest_route=%2Fwp%2Fv2%2Fcategories&post=124300"},{"taxonomy":"post_tag","embeddable":true,"href":"https:\/\/diariodominicano.com\/index.php?rest_route=%2Fwp%2Fv2%2Ftags&post=124300"}],"curies":[{"name":"wp","href":"https:\/\/api.w.org\/{rel}","templated":true}]}}