{"id":124299,"date":"2006-09-26T12:40:06","date_gmt":"2006-09-26T12:40:06","guid":{"rendered":"http:\/\/diariodominicano.ddns.net\/?p=124299"},"modified":"2006-09-26T12:40:06","modified_gmt":"2006-09-26T12:40:06","slug":"puerto-rico-podria-sufrir-otro-deficit","status":"publish","type":"post","link":"https:\/\/diariodominicano.com\/?p=124299","title":{"rendered":"Puerto Rico podr\u00eda sufrir otro d\u00e9ficit"},"content":{"rendered":"<p><body><\/p>\n<p class=\"titulogrande1\"><strong>Puerto Rico  podr\u00eda sufrir otro d\u00e9ficit<\/strong><\/p>\n<p>&#13;<\/p>\n<p align=\"justify\"><strong>San Juan &#8211;<\/strong> <span class=\"text1noticias\">El presidente de la Comisi\u00f3n cameral de  Presupuesto y Asignaciones, Angel P\u00e9rez, asegur\u00f3 el lunes \u00a0que el gobierno se encamina hacia otro d\u00e9ficit  millonario debido a que los recaudos certificados por el Departamento de  Hacienda est\u00e1n por debajo de lo proyectado por unos $450 millones.<br \/>&#13;<br \/>\n  <br \/>&#13;<br \/>\n  El legislador  novoprogresista dijo que, ante ese escenario, citar\u00e1 para el mi\u00e9rcoles al  secretario de Hacienda, Juan Carlos M\u00e9ndez, y al director de la Oficina de Gerencia y Presupuesto  (OGP), Guillermo D\u00e1vila, para que certifiquen en una vista p\u00fablica el origen de  los fondos que usar\u00e1n para atender el referido d\u00e9ficit.<br \/>&#13;<br \/>\n  <br \/>&#13;<br \/>\n\u201cPuerto Rico no  se merece repetir la historia con otro cierre gubernamental. Tenemos que  trabajar juntos para evitar otra crisis y por eso estamos alertando ahora al  comienzo del a\u00f1o fiscal\u201d, sostuvo en conferencia de prensa junto al  representante Jos\u00e9 Chico.<br \/>&#13;<br \/>\n<br \/>&#13;<br \/>\nPor separado  D\u00e1vila neg\u00f3 la posibilidad de un nuevo cierre al tiempo que asegur\u00f3 que los  recaudos actuales ascendieron a $8,899 millones y que con la imposici\u00f3n del  impuesto al consumo esperan recaudar otros $264 millones.<br \/>&#13;<br \/>\n<br \/>&#13;<br \/>\n\u201cEso, unido a  $304 millones ya identificados que vamos a tener en ahorros, empieza a  desaparecer la preocupaci\u00f3n de Angel P\u00e9rez\u201d, dijo D\u00e1vila en una improvisada  conferencia de prensa en el Capitolio.<br \/>&#13;<br \/>\n<br \/>&#13;<br \/>\nEl funcionario  destac\u00f3 tras una reuni\u00f3n con P\u00e9rez que un cierre de gobierno no se producir\u00e1.<br \/>&#13;<br \/>\n<br \/>&#13;<br \/>\n\u201cEso no va a  pasar bajo ning\u00fan concepto. Estamos trabajando en conjunto para que eso no  suceda, porque estamos trabajando para lograr el compromiso de reducir los  gastos del gobierno por $544 millones\u201d, asegur\u00f3.<br \/>&#13;<br \/>\n<br \/>&#13;<br \/>\nHacienda no  respondi\u00f3 a las llamadas de Prensa Asociada.<br \/>&#13;<br \/>\n<br \/>&#13;<br \/>\nSi no se diera  el ahorro de $544 millones, D\u00e1vila reconoci\u00f3 que el a\u00f1o podr\u00eda cerrar con un  d\u00e9ficit de s\u00f3lo $21 millones.<br \/>&#13;<br \/>\n<br \/>&#13;<br \/>\n\u201cQueremos que el  Secretario de Hacienda y el Director de la OGP nos expliquen qu\u00e9 mecanismos utilizaron para  cuadrar el presupuesto y terminar con un presupuesto balanceado\u201d, a\u00f1adi\u00f3.<br \/>&#13;<br \/>\n<br \/>&#13;<br \/>\nSeg\u00fan P\u00e9rez,  durante el pasado a\u00f1o fiscal, los gastos del gobierno ascendieron a $9,800  millones, mientras que los ingresos por recaudos, asignaciones especiales y el  pr\u00e9stamo aprobado por la   Legislatura de $741 millones, fueron de $9,350 millones, lo  que mantiene un d\u00e9ficit de $450 millones.<br \/>&#13;<br \/>\n<br \/>&#13;<br \/>\nPero aclar\u00f3 que  el d\u00e9ficit puede ser aun mayor. <\/span><\/p>\n<p>&#13;<\/p>\n<h6> 2006-09-26 12:40:06 <\/h6>\n<p><!--\n<link rel=\"stylesheet\" href=\"css\/bootstrap.min.css\">\n\n\n<ul class=\"pagination\">\n\t    \n\t\n\n<li >\n\t<a href='?page_no=30178'>Previous<\/a>\n\t<\/li>\n\n\n       \n    \n\n<li><a href='?page_no=1'>1<\/a><\/li>\n\n\n\n<li><a href='?page_no=2'>2<\/a><\/li>\n\n\n\n<li><a>...<\/a><\/li>\n\n\n\n<li><a href='?page_no=30177'>30177<\/a><\/li>\n\n\n\n<li><a href='?page_no=30178'>30178<\/a><\/li>\n\n\n\n<li class='active'><a>30179<\/a><\/li>\n\n\n\n<li><a href='?page_no=30180'>30180<\/a><\/li>\n\n\n\n<li><a href='?page_no=30181'>30181<\/a><\/li>\n\n\n\n<li><a>...<\/a><\/li>\n\n\n\n<li><a href='?page_no=30472'>30472<\/a><\/li>\n\n\n\n<li><a href='?page_no=30473'>30473<\/a><\/li>\n\n    \n\t\n\n<li >\n\t<a href='?page_no=30180'>Next<\/a>\n\t<\/li>\n\n\n    \n\n<li><a href='?page_no=30473'>Last &rsaquo;&rsaquo;<\/a><\/li>\n\n<\/ul>\n\n\n--><br \/>\n<\/body><\/p>\n","protected":false},"excerpt":{"rendered":"<p>Puerto Rico podr\u00eda sufrir otro d\u00e9ficit &#13; San Juan &#8211; El presidente de la Comisi\u00f3n cameral de Presupuesto y Asignaciones, Angel P\u00e9rez, asegur\u00f3 el lunes \u00a0que el gobierno se encamina hacia otro d\u00e9ficit millonario debido a que los recaudos certificados por el Departamento de Hacienda est\u00e1n por debajo de lo proyectado por unos $450 millones.&#13; [&hellip;]<\/p>\n","protected":false},"author":3,"featured_media":0,"comment_status":"open","ping_status":"open","sticky":false,"template":"","format":"standard","meta":{"footnotes":""},"categories":[18],"tags":[],"class_list":["post-124299","post","type-post","status-publish","format-standard","hentry","category-economia"],"_links":{"self":[{"href":"https:\/\/diariodominicano.com\/index.php?rest_route=\/wp\/v2\/posts\/124299","targetHints":{"allow":["GET"]}}],"collection":[{"href":"https:\/\/diariodominicano.com\/index.php?rest_route=\/wp\/v2\/posts"}],"about":[{"href":"https:\/\/diariodominicano.com\/index.php?rest_route=\/wp\/v2\/types\/post"}],"author":[{"embeddable":true,"href":"https:\/\/diariodominicano.com\/index.php?rest_route=\/wp\/v2\/users\/3"}],"replies":[{"embeddable":true,"href":"https:\/\/diariodominicano.com\/index.php?rest_route=%2Fwp%2Fv2%2Fcomments&post=124299"}],"version-history":[{"count":0,"href":"https:\/\/diariodominicano.com\/index.php?rest_route=\/wp\/v2\/posts\/124299\/revisions"}],"wp:attachment":[{"href":"https:\/\/diariodominicano.com\/index.php?rest_route=%2Fwp%2Fv2%2Fmedia&parent=124299"}],"wp:term":[{"taxonomy":"category","embeddable":true,"href":"https:\/\/diariodominicano.com\/index.php?rest_route=%2Fwp%2Fv2%2Fcategories&post=124299"},{"taxonomy":"post_tag","embeddable":true,"href":"https:\/\/diariodominicano.com\/index.php?rest_route=%2Fwp%2Fv2%2Ftags&post=124299"}],"curies":[{"name":"wp","href":"https:\/\/api.w.org\/{rel}","templated":true}]}}