{"id":124297,"date":"2006-09-27T10:36:35","date_gmt":"2006-09-27T10:36:35","guid":{"rendered":"http:\/\/diariodominicano.ddns.net\/?p=124297"},"modified":"2006-09-27T10:36:35","modified_gmt":"2006-09-27T10:36:35","slug":"banco-central-baja-en-los-precios-internacionales-del-petroleo-reducira-requerimiento-de-divisas-del-pais","status":"publish","type":"post","link":"https:\/\/diariodominicano.com\/?p=124297","title":{"rendered":"Banco Central: baja en los precios internacionales del petr\u00f3leo reducir\u00e1 requerimiento de divisas del pa\u00eds"},"content":{"rendered":"<p><body><\/p>\n<p align=\"justify\" class=\"titulogrande1\"><strong>Banco  Central: baja en los precios internacionales del petr\u00f3leo reducir\u00e1  requerimiento de divisas del pa\u00eds<\/strong><\/p>\n<p>&#13;<\/p>\n<p align=\"justify\" class=\"text1noticias\"><img loading=\"lazy\" decoding=\"async\" src=\"http:\/\/localhost:8080\/economia\/pictures\/banco central.jpg\" width=\"269\" height=\"211\" hspace=\"4\" align=\"left\" \/>El Banco Central de la Rep\u00fablica Dominicana  considera que la reducci\u00f3n de los precios internacionales del petr\u00f3leo durante  las \u00faltimas semanas disminuir\u00e1 los requerimientos de divisas para cubrir  la\u00a0 factura petrolera en lo que resta del  a\u00f1o,\u00a0 lo cual redundar\u00eda en menores  presiones sobre el mercado cambiario y en una mejora en los resultados, tanto  de la cuenta corriente como de la cuenta financiera de la balanza de pagos.<\/p>\n<p>&#13;<\/p>\n<p align=\"justify\" class=\"text1noticias\">Estima que la \u00a0reducci\u00f3n generar\u00e1 adem\u00e1s un impacto positivo  en las transacciones del pa\u00eds con el exterior, lo que se har\u00e1 m\u00e1s evidente en  el \u00faltimo trimestre del presente a\u00f1o 2006.<\/p>\n<p>&#13;<\/p>\n<p align=\"justify\" class=\"text1noticias\">En una declaraci\u00f3n remitida a DiarioDominicano.com  indica \u00a0que luego de que los precios  internacionales del petr\u00f3leo se mantuvieran en ascenso desde principios del  a\u00f1o,\u00a0 alcanzando en el mes de julio  US$72.45,\u00a0 su nivel hist\u00f3rico m\u00e1s  alto,\u00a0 en las \u00faltimas semanas iniciaron  una marcada tendencia a la baja, situ\u00e1ndose en US$58.43 por barril al 25 de  septiembre. <\/p>\n<p>&#13;<\/p>\n<p align=\"justify\" class=\"text1noticias\">En ese mismo sentido, a\u00f1ade que la llamada \u201cCesta  OPEC\u201d, compuesta por 11 tipos de crudo, disminuy\u00f3 US$1.23 del viernes 22 al  lunes 25 de septiembre, conforme a informaciones divulgadas por la Agencia EFE.\u00a0 De acuerdo a esta fuente, esta es la primera  vez en el a\u00f1o que el precio se sit\u00faa por debajo de los US$55.0 el barril.<\/p>\n<p>&#13;<\/p>\n<p align=\"justify\" class=\"text1noticias\">Las proyecciones a futuro del mercado internacional  indican que la tendencia se mantendr\u00e1 para el resto del a\u00f1o, previ\u00e9ndose que  los precios para el mes de octubre ser\u00edan US$58.64, y para el cierre del a\u00f1o,  US$60.08 por barril. <\/p>\n<p>&#13;<\/p>\n<p align=\"justify\" class=\"text1noticias\">Esto ha motivado la revisi\u00f3n a la baja de la  estimaci\u00f3n de la factura petrolera para el a\u00f1o 2006,\u00a0 que de mantenerse las condiciones actuales  durante lo que resta de a\u00f1o, significar\u00eda una reducci\u00f3n de por lo menos US$300  millones, respecto al monto proyectado a principios de a\u00f1o.<\/p>\n<p>&#13;<\/p>\n<p align=\"justify\" class=\"text1noticias\">Asimismo, el Banco Central informa que para el \u00faltimo  trimestre de 2006 se estima recibir\u00e1 cerca de US$120 millones por encima de lo  registrado en el 2005, por concepto de turismo, remesas e inversi\u00f3n  extranjera,\u00a0 lo que implica que el pa\u00eds  se ver\u00eda beneficiado por reducciones significativas en las necesidades de  divisas y, sobre todo, en las de financiamiento del exterior de la econom\u00eda.<\/p>\n<p>&#13;<\/p>\n<p align=\"justify\" class=\"text1noticias\">En adici\u00f3n, considera que los ingresos del exterior  podr\u00edan ser mayores a los se\u00f1alados, pues con la apertura de nuevos proyectos  tur\u00edsticos, este sector sobrepasar\u00eda su desempe\u00f1o del pasado a\u00f1o, a lo que se  a\u00f1ade que la Rivera Maya  no se ha recuperado todav\u00eda de los efectos del Hurac\u00e1n\u00a0 Katrina, y que la entrada en funcionamiento  del aeropuerto de Saman\u00e1 generar\u00eda un mayor dinamismo en esa zona  tur\u00edstica.\u00a0 <\/p>\n<p>&#13;<\/p>\n<p align=\"justify\" class=\"text1noticias\">Igualmente, el Banco Central destaca que al 22 de  septiembre de este a\u00f1o sus reservas internacionales netas l\u00edquidas hab\u00edan  sobrepasado en US$278.3 millones el monto establecido para dichas reservas en  el Acuerdo con el Fondo Monetario Internacional, por lo que el Banco Central no  tendr\u00e1 necesidad de salir al mercado a comprar divisas para cumplir con esa meta. <\/p>\n<p>&#13;<\/p>\n<p align=\"justify\" class=\"text1noticias\">Adem\u00e1s, esta Instituci\u00f3n ha mantenido durante el a\u00f1o  un efectivo manejo de la liquidez de la econom\u00eda, lo cual evita que se  produzcan presiones sobre la tasa de cambio y los precios internos.<\/p>\n<p>&#13;<\/p>\n<p align=\"justify\" class=\"text1noticias\">Adicionalmente, el Gobierno ha ido cumpliendo  oportunamente con sus compromisos de pagos internacionales, lo que quiere decir  que,\u00a0 producto de la reestructuraci\u00f3n de  la deuda externa, en el presente a\u00f1o el servicio de la deuda ha sido menor a lo  previsto.<\/p>\n<p>&#13;<\/p>\n<p align=\"justify\" class=\"text1noticias\">Al respecto, cabe resaltar que en este mes venc\u00edan los  primeros bonos soberanos cuyo pago fue pospuesto casi en su totalidad para  dentro de cinco a\u00f1os, lo que significa que en vez de pagar el capital de US$500  millones se pagar\u00e1n aproximadamente US$20 millones.<\/p>\n<p>&#13;<\/p>\n<h6> 2006-09-27 10:36:35 <\/h6>\n<p><!--\n<link rel=\"stylesheet\" href=\"css\/bootstrap.min.css\">\n\n\n<ul class=\"pagination\">\n\t    \n\t\n\n<li >\n\t<a href='?page_no=30176'>Previous<\/a>\n\t<\/li>\n\n\n       \n    \n\n<li><a href='?page_no=1'>1<\/a><\/li>\n\n\n\n<li><a href='?page_no=2'>2<\/a><\/li>\n\n\n\n<li><a>...<\/a><\/li>\n\n\n\n<li><a href='?page_no=30175'>30175<\/a><\/li>\n\n\n\n<li><a href='?page_no=30176'>30176<\/a><\/li>\n\n\n\n<li class='active'><a>30177<\/a><\/li>\n\n\n\n<li><a href='?page_no=30178'>30178<\/a><\/li>\n\n\n\n<li><a href='?page_no=30179'>30179<\/a><\/li>\n\n\n\n<li><a>...<\/a><\/li>\n\n\n\n<li><a href='?page_no=30472'>30472<\/a><\/li>\n\n\n\n<li><a href='?page_no=30473'>30473<\/a><\/li>\n\n    \n\t\n\n<li >\n\t<a href='?page_no=30178'>Next<\/a>\n\t<\/li>\n\n\n    \n\n<li><a href='?page_no=30473'>Last &rsaquo;&rsaquo;<\/a><\/li>\n\n<\/ul>\n\n\n--><br \/>\n<\/body><\/p>\n","protected":false},"excerpt":{"rendered":"<p>Banco Central: baja en los precios internacionales del petr\u00f3leo reducir\u00e1 requerimiento de divisas del pa\u00eds &#13; El Banco Central de la Rep\u00fablica Dominicana considera que la reducci\u00f3n de los precios internacionales del petr\u00f3leo durante las \u00faltimas semanas disminuir\u00e1 los requerimientos de divisas para cubrir la\u00a0 factura petrolera en lo que resta del a\u00f1o,\u00a0 lo cual [&hellip;]<\/p>\n","protected":false},"author":3,"featured_media":0,"comment_status":"open","ping_status":"open","sticky":false,"template":"","format":"standard","meta":{"footnotes":""},"categories":[18],"tags":[],"class_list":["post-124297","post","type-post","status-publish","format-standard","hentry","category-economia"],"_links":{"self":[{"href":"https:\/\/diariodominicano.com\/index.php?rest_route=\/wp\/v2\/posts\/124297","targetHints":{"allow":["GET"]}}],"collection":[{"href":"https:\/\/diariodominicano.com\/index.php?rest_route=\/wp\/v2\/posts"}],"about":[{"href":"https:\/\/diariodominicano.com\/index.php?rest_route=\/wp\/v2\/types\/post"}],"author":[{"embeddable":true,"href":"https:\/\/diariodominicano.com\/index.php?rest_route=\/wp\/v2\/users\/3"}],"replies":[{"embeddable":true,"href":"https:\/\/diariodominicano.com\/index.php?rest_route=%2Fwp%2Fv2%2Fcomments&post=124297"}],"version-history":[{"count":0,"href":"https:\/\/diariodominicano.com\/index.php?rest_route=\/wp\/v2\/posts\/124297\/revisions"}],"wp:attachment":[{"href":"https:\/\/diariodominicano.com\/index.php?rest_route=%2Fwp%2Fv2%2Fmedia&parent=124297"}],"wp:term":[{"taxonomy":"category","embeddable":true,"href":"https:\/\/diariodominicano.com\/index.php?rest_route=%2Fwp%2Fv2%2Fcategories&post=124297"},{"taxonomy":"post_tag","embeddable":true,"href":"https:\/\/diariodominicano.com\/index.php?rest_route=%2Fwp%2Fv2%2Ftags&post=124297"}],"curies":[{"name":"wp","href":"https:\/\/api.w.org\/{rel}","templated":true}]}}