{"id":124295,"date":"2006-09-27T10:43:20","date_gmt":"2006-09-27T10:43:20","guid":{"rendered":"http:\/\/diariodominicano.ddns.net\/?p=124295"},"modified":"2006-09-27T10:43:20","modified_gmt":"2006-09-27T10:43:20","slug":"foro-economico-mundial-dice-rd-mejora-indice-de-competitividad","status":"publish","type":"post","link":"https:\/\/diariodominicano.com\/?p=124295","title":{"rendered":"Foro Econ\u00f3mico Mundial dice RD mejora \u00edndice de competitividad"},"content":{"rendered":"<p><body><\/p>\n<p align=\"justify\" class=\"text1noticias\"><span class=\"titulogrande1\">Foro Econ\u00f3mico Mundial dice  RD mejora \u00edndice de competitividad <\/span><br \/>&#13;<br \/>\n  <br \/>&#13;<br \/>\n  NUEVA YORK.- El informe del Foro Econ\u00f3mico Mundial  dijo que la\u00a0 Rep\u00fablica Dominicana \u00a0mejor\u00f3 su \u00edndice de competitividad respecto al  a\u00f1o pasado. El a\u00f1o pasado la Rep\u00fablica Dominicana estaba en la posici\u00f3n n\u00famero  91 a  nivel mundial y este a\u00f1o paso a la 83, con un \u00edndice de 3,75.<br \/>&#13;<br \/>\n  <br \/>&#13;<br \/>\n  El m\u00e1s competitivo de la regi\u00f3n es Chile, seguido por  Costa Rica, Panam\u00e1, M\u00e9xico y El Salvador. Dominicana es el s\u00e9ptimo menos  competitivo, \u00a0por encima de Ecuador, Venezuela,  Honduras, Nicaragua, Bolivia y Paraguay.<br \/>&#13;<br \/>\n  <br \/>&#13;<br \/>\n  Con respecto a 2005, Rep\u00fablica Dominicana ocupaba la  posici\u00f3n 91 respecto al resto del mundo y a la fecha ocupa la 83, con lo que  super\u00f3 ocho puestos. \u00abEl objetivo del Informe es destacar las perspectivas  de crecimiento econ\u00f3mico, y sobre todo, resaltar los obst\u00e1culos para mejorar la  competitividad\u00bb, explica el FEM.<br \/>&#13;<br \/>\n  <br \/>&#13;<br \/>\n  El informe del Fondo ense\u00f1a cuales son las capacidades  de un pa\u00eds para llevar a cabo reformas de gran importancia econ\u00f3mica y las  facilidades para permitir mayor competitividad y crecimiento en su mercado.<br \/>&#13;<br \/>\n  <br \/>&#13;<br \/>\n  Chile se ha convertido en el pa\u00eds m\u00e1s competitivo de  Latinoam\u00e9rica, por encima de otras econom\u00edas de mayor tama\u00f1o como Brasil o  M\u00e9xico.<\/p>\n<p>&#13;<\/p>\n<h6> 2006-09-27 10:43:20 <\/h6>\n<p><!--\n<link rel=\"stylesheet\" href=\"css\/bootstrap.min.css\">\n\n\n<ul class=\"pagination\">\n\t    \n\t\n\n<li >\n\t<a href='?page_no=30174'>Previous<\/a>\n\t<\/li>\n\n\n       \n    \n\n<li><a href='?page_no=1'>1<\/a><\/li>\n\n\n\n<li><a href='?page_no=2'>2<\/a><\/li>\n\n\n\n<li><a>...<\/a><\/li>\n\n\n\n<li><a href='?page_no=30173'>30173<\/a><\/li>\n\n\n\n<li><a href='?page_no=30174'>30174<\/a><\/li>\n\n\n\n<li class='active'><a>30175<\/a><\/li>\n\n\n\n<li><a href='?page_no=30176'>30176<\/a><\/li>\n\n\n\n<li><a href='?page_no=30177'>30177<\/a><\/li>\n\n\n\n<li><a>...<\/a><\/li>\n\n\n\n<li><a href='?page_no=30472'>30472<\/a><\/li>\n\n\n\n<li><a href='?page_no=30473'>30473<\/a><\/li>\n\n    \n\t\n\n<li >\n\t<a href='?page_no=30176'>Next<\/a>\n\t<\/li>\n\n\n    \n\n<li><a href='?page_no=30473'>Last &rsaquo;&rsaquo;<\/a><\/li>\n\n<\/ul>\n\n\n--><br \/>\n<\/body><\/p>\n","protected":false},"excerpt":{"rendered":"<p>Foro Econ\u00f3mico Mundial dice RD mejora \u00edndice de competitividad &#13; &#13; NUEVA YORK.- El informe del Foro Econ\u00f3mico Mundial dijo que la\u00a0 Rep\u00fablica Dominicana \u00a0mejor\u00f3 su \u00edndice de competitividad respecto al a\u00f1o pasado. El a\u00f1o pasado la Rep\u00fablica Dominicana estaba en la posici\u00f3n n\u00famero 91 a nivel mundial y este a\u00f1o paso a la 83, [&hellip;]<\/p>\n","protected":false},"author":3,"featured_media":0,"comment_status":"open","ping_status":"open","sticky":false,"template":"","format":"standard","meta":{"footnotes":""},"categories":[18],"tags":[],"class_list":["post-124295","post","type-post","status-publish","format-standard","hentry","category-economia"],"_links":{"self":[{"href":"https:\/\/diariodominicano.com\/index.php?rest_route=\/wp\/v2\/posts\/124295","targetHints":{"allow":["GET"]}}],"collection":[{"href":"https:\/\/diariodominicano.com\/index.php?rest_route=\/wp\/v2\/posts"}],"about":[{"href":"https:\/\/diariodominicano.com\/index.php?rest_route=\/wp\/v2\/types\/post"}],"author":[{"embeddable":true,"href":"https:\/\/diariodominicano.com\/index.php?rest_route=\/wp\/v2\/users\/3"}],"replies":[{"embeddable":true,"href":"https:\/\/diariodominicano.com\/index.php?rest_route=%2Fwp%2Fv2%2Fcomments&post=124295"}],"version-history":[{"count":0,"href":"https:\/\/diariodominicano.com\/index.php?rest_route=\/wp\/v2\/posts\/124295\/revisions"}],"wp:attachment":[{"href":"https:\/\/diariodominicano.com\/index.php?rest_route=%2Fwp%2Fv2%2Fmedia&parent=124295"}],"wp:term":[{"taxonomy":"category","embeddable":true,"href":"https:\/\/diariodominicano.com\/index.php?rest_route=%2Fwp%2Fv2%2Fcategories&post=124295"},{"taxonomy":"post_tag","embeddable":true,"href":"https:\/\/diariodominicano.com\/index.php?rest_route=%2Fwp%2Fv2%2Ftags&post=124295"}],"curies":[{"name":"wp","href":"https:\/\/api.w.org\/{rel}","templated":true}]}}