{"id":124294,"date":"2006-09-27T20:45:39","date_gmt":"2006-09-27T20:45:39","guid":{"rendered":"http:\/\/diariodominicano.ddns.net\/?p=124294"},"modified":"2006-09-27T20:45:39","modified_gmt":"2006-09-27T20:45:39","slug":"hans-hertell-cree-perjudica-rd-retraso-del-tlc","status":"publish","type":"post","link":"https:\/\/diariodominicano.com\/?p=124294","title":{"rendered":"Hans Hertell cree perjudica RD retraso del TLC"},"content":{"rendered":"<p><body><\/p>\n<p align=\"justify\"><span class=\"titulogrande1\">Hans Hertell cree perjudica  RD retraso del TLC<\/span><br \/>&#13;<br \/>\n  <br \/>&#13;<br \/>\n    <strong>Santo Domingo.\u00a0<\/strong><span class=\"text1noticias\">El embajador de Estados Unidos en  Rep\u00fablica Dominicana, Hans Hertell, considera que \u00a0el pa\u00eds pierde enormes oportunidades de  progreso con el retraso de la entrada en vigencia del tratado de libre comercio  (TLC).<br \/>&#13;<br \/>\n    <br \/>&#13;<br \/>\n    Afirm\u00f3 que\u00a0 es  muy preocupante que \u00a0la entrada en  vigencia del acuerdo firmado entre Rep\u00fablica Dominicana, Estados Unidos y  Centroam\u00e9rica, no tenga fecha fija a la vista.<br \/>&#13;<br \/>\n    <br \/>&#13;<br \/>\n    Manifest\u00f3 que para la implementaci\u00f3n del acuerdo queda  pendiente un paquete de legislaciones que tienen que ser aprobadas por el  Congreso Nacional.<br \/>&#13;<br \/>\n    <br \/>&#13;<br \/>\n    \u00a0Dijo que de los  temas pendientes, el gobierno norteamericano no ha puesto ninguno como  obst\u00e1culo para la entrada en vigencia del convenio, porque las prioridades son  de los dos pa\u00edses. Lament\u00f3 que se anunciaran varias fechas para la vigencia del  acuerdo comercial.\u00a0 <\/span><\/p>\n<p>&#13;<\/p>\n<h6> 2006-09-27 20:45:39 <\/h6>\n<p><!--\n<link rel=\"stylesheet\" href=\"css\/bootstrap.min.css\">\n\n\n<ul class=\"pagination\">\n\t    \n\t\n\n<li >\n\t<a href='?page_no=30173'>Previous<\/a>\n\t<\/li>\n\n\n       \n    \n\n<li><a href='?page_no=1'>1<\/a><\/li>\n\n\n\n<li><a href='?page_no=2'>2<\/a><\/li>\n\n\n\n<li><a>...<\/a><\/li>\n\n\n\n<li><a href='?page_no=30172'>30172<\/a><\/li>\n\n\n\n<li><a href='?page_no=30173'>30173<\/a><\/li>\n\n\n\n<li class='active'><a>30174<\/a><\/li>\n\n\n\n<li><a href='?page_no=30175'>30175<\/a><\/li>\n\n\n\n<li><a href='?page_no=30176'>30176<\/a><\/li>\n\n\n\n<li><a>...<\/a><\/li>\n\n\n\n<li><a href='?page_no=30472'>30472<\/a><\/li>\n\n\n\n<li><a href='?page_no=30473'>30473<\/a><\/li>\n\n    \n\t\n\n<li >\n\t<a href='?page_no=30175'>Next<\/a>\n\t<\/li>\n\n\n    \n\n<li><a href='?page_no=30473'>Last &rsaquo;&rsaquo;<\/a><\/li>\n\n<\/ul>\n\n\n--><br \/>\n<\/body><\/p>\n","protected":false},"excerpt":{"rendered":"<p>Hans Hertell cree perjudica RD retraso del TLC&#13; &#13; Santo Domingo.\u00a0El embajador de Estados Unidos en Rep\u00fablica Dominicana, Hans Hertell, considera que \u00a0el pa\u00eds pierde enormes oportunidades de progreso con el retraso de la entrada en vigencia del tratado de libre comercio (TLC).&#13; &#13; Afirm\u00f3 que\u00a0 es muy preocupante que \u00a0la entrada en vigencia del [&hellip;]<\/p>\n","protected":false},"author":3,"featured_media":0,"comment_status":"open","ping_status":"open","sticky":false,"template":"","format":"standard","meta":{"footnotes":""},"categories":[18],"tags":[],"class_list":["post-124294","post","type-post","status-publish","format-standard","hentry","category-economia"],"_links":{"self":[{"href":"https:\/\/diariodominicano.com\/index.php?rest_route=\/wp\/v2\/posts\/124294","targetHints":{"allow":["GET"]}}],"collection":[{"href":"https:\/\/diariodominicano.com\/index.php?rest_route=\/wp\/v2\/posts"}],"about":[{"href":"https:\/\/diariodominicano.com\/index.php?rest_route=\/wp\/v2\/types\/post"}],"author":[{"embeddable":true,"href":"https:\/\/diariodominicano.com\/index.php?rest_route=\/wp\/v2\/users\/3"}],"replies":[{"embeddable":true,"href":"https:\/\/diariodominicano.com\/index.php?rest_route=%2Fwp%2Fv2%2Fcomments&post=124294"}],"version-history":[{"count":0,"href":"https:\/\/diariodominicano.com\/index.php?rest_route=\/wp\/v2\/posts\/124294\/revisions"}],"wp:attachment":[{"href":"https:\/\/diariodominicano.com\/index.php?rest_route=%2Fwp%2Fv2%2Fmedia&parent=124294"}],"wp:term":[{"taxonomy":"category","embeddable":true,"href":"https:\/\/diariodominicano.com\/index.php?rest_route=%2Fwp%2Fv2%2Fcategories&post=124294"},{"taxonomy":"post_tag","embeddable":true,"href":"https:\/\/diariodominicano.com\/index.php?rest_route=%2Fwp%2Fv2%2Ftags&post=124294"}],"curies":[{"name":"wp","href":"https:\/\/api.w.org\/{rel}","templated":true}]}}