{"id":124293,"date":"2006-09-27T20:46:51","date_gmt":"2006-09-27T20:46:51","guid":{"rendered":"http:\/\/diariodominicano.ddns.net\/?p=124293"},"modified":"2006-09-27T20:46:51","modified_gmt":"2006-09-27T20:46:51","slug":"discuten-estrategia-para-fortalecer-pequenas-empresas","status":"publish","type":"post","link":"https:\/\/diariodominicano.com\/?p=124293","title":{"rendered":"Discuten estrategia  para fortalecer  peque\u00f1as empresas"},"content":{"rendered":"<p><body><\/p>\n<p class=\"titulogrande1\">Discuten  estrategia\u00a0 para fortalecer\u00a0 peque\u00f1as empresas<\/p>\n<p>&#13;<\/p>\n<p align=\"justify\"><strong>Santo Domingo.-<\/strong><span class=\"text1noticias\">El Programa de  Ayuda a la Micro,  Peque\u00f1a y Mediana Empresa (PROMIPYME), reuni\u00f3 a todos los gerentes de cr\u00e9ditos  de la instituci\u00f3n en el pa\u00eds con la finalidad de discutir las estrategias y  planes a seguir para fortalecer a ese importante sector de la econom\u00eda  nacional.<\/span><\/p>\n<p>&#13;<\/p>\n<p align=\"justify\" class=\"text1noticias\">En el encuentro, celebrado en  la sede de la instituci\u00f3n y que encabezara su directora ejecutiva, Maira  Jim\u00e9nez, se discuti\u00f3 la pol\u00edtica a implementar luego de la inyecci\u00f3n de mil  millones de pesos dispuesto por el presidente Leonel Fern\u00e1ndez Reyna.<\/p>\n<p>&#13;<\/p>\n<p align=\"justify\" class=\"text1noticias\">Durante la reuni\u00f3n con los  gerentes de cr\u00e9dito, se pas\u00f3 revista a los logros alcanzados y se acord\u00f3  repetir el encuentro cada dos meses para evaluar el rendimiento y la nueva situaci\u00f3n  creada con el financiamiento dispuesto por el mandatario.<\/p>\n<p>&#13;<\/p>\n<p align=\"justify\" class=\"text1noticias\">\u00abSe agend\u00f3 la  participaci\u00f3n del departamento de gesti\u00f3n humana, que dirige Magnolia de Jes\u00fas,  quien ofrecer\u00e1 charlas de capacitaci\u00f3n y calidad humana,\u00a0 que ser\u00e1n impartidas en coordinaci\u00f3n por  facilitadores del Instituto de Administraci\u00f3n P\u00fablica -INAP-\u00ab, se\u00f1ala una  nota de la Direcci\u00f3n  de Comunicaciones de Industria y Comercio.<\/p>\n<p>&#13;<\/p>\n<p align=\"justify\" class=\"text1noticias\">En el encuentro se aprob\u00f3,  adem\u00e1s, hacer una presentaci\u00f3n al Banco Nacional de Fomento de la Vivienda (BNV) de los  planes y proyectos habitacionales econ\u00f3micos y con facilidades especiales. <\/p>\n<p>&#13;<\/p>\n<h6> 2006-09-27 20:46:51 <\/h6>\n<p><!--\n<link rel=\"stylesheet\" href=\"css\/bootstrap.min.css\">\n\n\n<ul class=\"pagination\">\n\t    \n\t\n\n<li >\n\t<a href='?page_no=30172'>Previous<\/a>\n\t<\/li>\n\n\n       \n    \n\n<li><a href='?page_no=1'>1<\/a><\/li>\n\n\n\n<li><a href='?page_no=2'>2<\/a><\/li>\n\n\n\n<li><a>...<\/a><\/li>\n\n\n\n<li><a href='?page_no=30171'>30171<\/a><\/li>\n\n\n\n<li><a href='?page_no=30172'>30172<\/a><\/li>\n\n\n\n<li class='active'><a>30173<\/a><\/li>\n\n\n\n<li><a href='?page_no=30174'>30174<\/a><\/li>\n\n\n\n<li><a href='?page_no=30175'>30175<\/a><\/li>\n\n\n\n<li><a>...<\/a><\/li>\n\n\n\n<li><a href='?page_no=30472'>30472<\/a><\/li>\n\n\n\n<li><a href='?page_no=30473'>30473<\/a><\/li>\n\n    \n\t\n\n<li >\n\t<a href='?page_no=30174'>Next<\/a>\n\t<\/li>\n\n\n    \n\n<li><a href='?page_no=30473'>Last &rsaquo;&rsaquo;<\/a><\/li>\n\n<\/ul>\n\n\n--><br \/>\n<\/body><\/p>\n","protected":false},"excerpt":{"rendered":"<p>Discuten estrategia\u00a0 para fortalecer\u00a0 peque\u00f1as empresas &#13; Santo Domingo.-El Programa de Ayuda a la Micro, Peque\u00f1a y Mediana Empresa (PROMIPYME), reuni\u00f3 a todos los gerentes de cr\u00e9ditos de la instituci\u00f3n en el pa\u00eds con la finalidad de discutir las estrategias y planes a seguir para fortalecer a ese importante sector de la econom\u00eda nacional. &#13; [&hellip;]<\/p>\n","protected":false},"author":3,"featured_media":0,"comment_status":"open","ping_status":"open","sticky":false,"template":"","format":"standard","meta":{"footnotes":""},"categories":[18],"tags":[],"class_list":["post-124293","post","type-post","status-publish","format-standard","hentry","category-economia"],"_links":{"self":[{"href":"https:\/\/diariodominicano.com\/index.php?rest_route=\/wp\/v2\/posts\/124293","targetHints":{"allow":["GET"]}}],"collection":[{"href":"https:\/\/diariodominicano.com\/index.php?rest_route=\/wp\/v2\/posts"}],"about":[{"href":"https:\/\/diariodominicano.com\/index.php?rest_route=\/wp\/v2\/types\/post"}],"author":[{"embeddable":true,"href":"https:\/\/diariodominicano.com\/index.php?rest_route=\/wp\/v2\/users\/3"}],"replies":[{"embeddable":true,"href":"https:\/\/diariodominicano.com\/index.php?rest_route=%2Fwp%2Fv2%2Fcomments&post=124293"}],"version-history":[{"count":0,"href":"https:\/\/diariodominicano.com\/index.php?rest_route=\/wp\/v2\/posts\/124293\/revisions"}],"wp:attachment":[{"href":"https:\/\/diariodominicano.com\/index.php?rest_route=%2Fwp%2Fv2%2Fmedia&parent=124293"}],"wp:term":[{"taxonomy":"category","embeddable":true,"href":"https:\/\/diariodominicano.com\/index.php?rest_route=%2Fwp%2Fv2%2Fcategories&post=124293"},{"taxonomy":"post_tag","embeddable":true,"href":"https:\/\/diariodominicano.com\/index.php?rest_route=%2Fwp%2Fv2%2Ftags&post=124293"}],"curies":[{"name":"wp","href":"https:\/\/api.w.org\/{rel}","templated":true}]}}