{"id":124288,"date":"2006-09-28T11:58:20","date_gmt":"2006-09-28T11:58:20","guid":{"rendered":"http:\/\/diariodominicano.ddns.net\/?p=124288"},"modified":"2006-09-28T11:58:20","modified_gmt":"2006-09-28T11:58:20","slug":"comentario-de-franco-ucelli-sobre-la-calificacion-de-fitch","status":"publish","type":"post","link":"https:\/\/diariodominicano.com\/?p=124288","title":{"rendered":"Comentario de Franco Ucelli sobre la calificaci\u00f3n de Fitch"},"content":{"rendered":"<p><body><\/p>\n<p align=\"justify\"><span class=\"titulogrande1\">Comentario de Franco Ucelli sobre la calificaci\u00f3n de  Fitch<\/span><br \/>&#13;<br \/>\n    <br \/>&#13;<br \/>\n    <span class=\"text1noticias\">Fitch aument\u00f3 ayer la  calificaci\u00f3n de Rep\u00fablica Dominicana a B \u201cpositivo\u201d de B \u201cestable\u201d sobre la  base de su fuerte y continuada recuperaci\u00f3n econ\u00f3mica.\u00a0\u00a0 Esta acci\u00f3n fue impulsada por la impresionante  fortaleza de la recuperaci\u00f3n econ\u00f3mica del pa\u00eds y por la expectativa de que el  gobierno estar\u00eda en mejores condiciones de lograr avances importantes en su  agenda de reformas estructurales ya que tiene una mayor\u00eda en el Congreso  Nacional. <br \/>&#13;<br \/>\n    <br \/>&#13;<br \/>\n\u00a0El panorama positivo de la Rep\u00fablica Dominicana  tambi\u00e9n se apoya en el ritmo muy robusto del crecimiento econ\u00f3mico, la  disminuci\u00f3n de la inflaci\u00f3n, la estabilidad cambiaria, un ajuste fiscal  significativo, una ejecuci\u00f3n favorable de la balanza de pagos, un aumento consistente  en las reservas extranjeras, las cargas relativamente bajas y mejoradas de  deudas externa y p\u00fablica, as\u00ed como el progreso continuado dentro de su programa  vigente con el FMI. <br \/>&#13;<br \/>\n<br \/>&#13;<br \/>\n\u00a0La revisi\u00f3n de Fitch ocurri\u00f3 menos de seis  semanas despu\u00e9s de una revisi\u00f3n por parte de S&amp;P a B \u201cpositivo\u201d de B  \u201cestable\u201d.\u00a0 Ya que tanto S&amp;P como  Fitch han expresado opiniones favorables acerca de la Rep\u00fablica Dominicana  a trav\u00e9s de sus calificaciones positivas. <strong>Pensamos que es s\u00f3lo cuesti\u00f3n de  tiempo antes de que Moodys, quienes mantienen su calificaci\u00f3n de Rep\u00fablica  Dominicana en \u201cB3\u201d con un panorama estable, equivalente a un nivel por debajo  de S&amp;P y Fitch, tambi\u00e9n le sigan los pasos.<\/strong> <br \/>&#13;<br \/>\n<br \/>&#13;<br \/>\n  Franco Uccelli <br \/>&#13;<br \/>\n  <br \/>&#13;<br \/>\n561-672-4780<\/span><\/p>\n<p>&#13;<\/p>\n<h6> 2006-09-28 11:58:20 <\/h6>\n<p><!--\n<link rel=\"stylesheet\" href=\"css\/bootstrap.min.css\">\n\n\n<ul class=\"pagination\">\n\t    \n\t\n\n<li >\n\t<a href='?page_no=30167'>Previous<\/a>\n\t<\/li>\n\n\n       \n    \n\n<li><a href='?page_no=1'>1<\/a><\/li>\n\n\n\n<li><a href='?page_no=2'>2<\/a><\/li>\n\n\n\n<li><a>...<\/a><\/li>\n\n\n\n<li><a href='?page_no=30166'>30166<\/a><\/li>\n\n\n\n<li><a href='?page_no=30167'>30167<\/a><\/li>\n\n\n\n<li class='active'><a>30168<\/a><\/li>\n\n\n\n<li><a href='?page_no=30169'>30169<\/a><\/li>\n\n\n\n<li><a href='?page_no=30170'>30170<\/a><\/li>\n\n\n\n<li><a>...<\/a><\/li>\n\n\n\n<li><a href='?page_no=30472'>30472<\/a><\/li>\n\n\n\n<li><a href='?page_no=30473'>30473<\/a><\/li>\n\n    \n\t\n\n<li >\n\t<a href='?page_no=30169'>Next<\/a>\n\t<\/li>\n\n\n    \n\n<li><a href='?page_no=30473'>Last &rsaquo;&rsaquo;<\/a><\/li>\n\n<\/ul>\n\n\n--><br \/>\n<\/body><\/p>\n","protected":false},"excerpt":{"rendered":"<p>Comentario de Franco Ucelli sobre la calificaci\u00f3n de Fitch&#13; &#13; Fitch aument\u00f3 ayer la calificaci\u00f3n de Rep\u00fablica Dominicana a B \u201cpositivo\u201d de B \u201cestable\u201d sobre la base de su fuerte y continuada recuperaci\u00f3n econ\u00f3mica.\u00a0\u00a0 Esta acci\u00f3n fue impulsada por la impresionante fortaleza de la recuperaci\u00f3n econ\u00f3mica del pa\u00eds y por la expectativa de que el [&hellip;]<\/p>\n","protected":false},"author":3,"featured_media":0,"comment_status":"open","ping_status":"open","sticky":false,"template":"","format":"standard","meta":{"footnotes":""},"categories":[18],"tags":[],"class_list":["post-124288","post","type-post","status-publish","format-standard","hentry","category-economia"],"_links":{"self":[{"href":"https:\/\/diariodominicano.com\/index.php?rest_route=\/wp\/v2\/posts\/124288","targetHints":{"allow":["GET"]}}],"collection":[{"href":"https:\/\/diariodominicano.com\/index.php?rest_route=\/wp\/v2\/posts"}],"about":[{"href":"https:\/\/diariodominicano.com\/index.php?rest_route=\/wp\/v2\/types\/post"}],"author":[{"embeddable":true,"href":"https:\/\/diariodominicano.com\/index.php?rest_route=\/wp\/v2\/users\/3"}],"replies":[{"embeddable":true,"href":"https:\/\/diariodominicano.com\/index.php?rest_route=%2Fwp%2Fv2%2Fcomments&post=124288"}],"version-history":[{"count":0,"href":"https:\/\/diariodominicano.com\/index.php?rest_route=\/wp\/v2\/posts\/124288\/revisions"}],"wp:attachment":[{"href":"https:\/\/diariodominicano.com\/index.php?rest_route=%2Fwp%2Fv2%2Fmedia&parent=124288"}],"wp:term":[{"taxonomy":"category","embeddable":true,"href":"https:\/\/diariodominicano.com\/index.php?rest_route=%2Fwp%2Fv2%2Fcategories&post=124288"},{"taxonomy":"post_tag","embeddable":true,"href":"https:\/\/diariodominicano.com\/index.php?rest_route=%2Fwp%2Fv2%2Ftags&post=124288"}],"curies":[{"name":"wp","href":"https:\/\/api.w.org\/{rel}","templated":true}]}}